{"id":30468,"date":"2020-07-11T16:48:08","date_gmt":"2020-07-11T16:48:08","guid":{"rendered":"https:\/\/jorgezanoni.com.br\/2019\/?p=30468"},"modified":"2020-07-11T17:25:54","modified_gmt":"2020-07-11T17:25:54","slug":"dois-jovens-sao-presos-com-quase-500-kg-de-drogas-em-pauliceia-na-madrugada-deste-sabado","status":"publish","type":"post","link":"https:\/\/jorgezanoni.com.br\/2019\/dois-jovens-sao-presos-com-quase-500-kg-de-drogas-em-pauliceia-na-madrugada-deste-sabado\/","title":{"rendered":"Dois jovens s\u00e3o presos com quase 500 Kg. de Drogas em Paulic\u00e9ia na madrugada deste s\u00e1bado"},"content":{"rendered":"<p style=\"text-align: justify;\"><strong>A Pol\u00edcia Militar Rodovi\u00e1ria, atrav\u00e9s do Tor (T\u00e1tico Ostensivo Rodovi\u00e1rio), com apoio de viaturas da Base Operacional de Adamantina e Pol\u00edcia Militar da cidade de Paulic\u00e9ia, prenderam dois homens de 20 e 25 anos e apreenderam 493.3 Kg. de Droga conhecida como Maconha.<\/strong><\/p>\n<p style=\"text-align: justify;\">Dois carros com placas de Marilia\/SP. e Porto Velho\/RO., haviam fugido de uma abordagem no Estado de Mato Grosso do Sul, tomando rumo ao Estado de S\u00e3o Paulo.<\/p>\n<p style=\"text-align: justify;\">De posse dos dados dos ve\u00edculos, os agentes policiais come\u00e7aram a busca na cidade de Paulic\u00e9ia e por volta das 04:00 Horas da manh\u00e3 encontraram os dois ve\u00edculos em uma Pousada da cidade. No carro com placas de Marilia foi encontrada toda a Droga, o outro ve\u00edculo estava como &#8220;batedor&#8221;.<\/p>\n<p style=\"text-align: justify;\">A Droga tinha o endere\u00e7o de S\u00e3o Paulo e os homens presos disseram que receberiam entre 7 \u00e0 10 mil reais para fazer o servi\u00e7o. S\u00e3o moradores de Ponta Por\u00e3\/MS., sendo que um deles tem familiares em Ara\u00e7atuba\/SP., e haviam pego a Droga na cidade onde residem.<\/p>\n<p>Os dois presos tem passagens pela Pol\u00edcia, inclusive um deles era considerado foragido. Agora ser\u00e3o encaminhados para pres\u00eddios da regi\u00e3o.<\/p>\n<p>1\u00ba Sgt PM Marcel do TOR da Pol\u00edcia Militar Rodovi\u00e1ria fala com exclusividade ao Site JZ sobre apreens\u00e3o de quase 500 Kg. de Drogas em Paulic\u00e9ia.<\/p>\n<div id=\"fb-root\"><\/div>\n<p><script async=\"1\" defer=\"1\" crossorigin=\"anonymous\" src=\"https:\/\/connect.facebook.net\/en_US\/sdk.js#xfbml=1&amp;version=v7.0\" nonce=\"9UKYbl6i\"><\/script><\/p>\n<div class=\"fb-video\" data-href=\"https:\/\/www.facebook.com\/jorgezanonidracena\/videos\/2996356207129471\/\" data-width=\"696\">\n<blockquote cite=\"https:\/\/www.facebook.com\/jorgezanonidracena\/videos\/2996356207129471\/\" class=\"fb-xfbml-parse-ignore\"><p><a href=\"https:\/\/www.facebook.com\/jorgezanonidracena\/videos\/2996356207129471\/\">1\u00ba Sgt PM Marcel do TOR da Pol\u00edcia Militar Rodovi\u00e1ria fala com exclusividade ao Site JZ sobre apreens\u00e3o de quase 500 Kg. de Drogas em Paulic\u00e9ia<\/a><\/p>\n<p>1\u00ba Sgt PM Marcel do TOR da Pol\u00edcia Militar Rodovi\u00e1ria fala com exclusividade ao Site JZ sobre apreens\u00e3o de quase 500 Kg. de Drogas em Paulic\u00e9ia<\/p>\n<p>Posted by <a href=\"https:\/\/www.facebook.com\/jorgezanonidracena\/\">Jorge Zanoni<\/a> on Saturday, July 11, 2020<\/p><\/blockquote>\n<\/div>\n<p>Delegado de Pol\u00edcia de Paulic\u00e9ia Dr. Bruno Verginassi de Oliveira, fala com exclusividade ao Site JZ sobre a apreens\u00e3o de Drogas naquela cidade.<\/p>\n<div id=\"fb-root\"><\/div>\n<p><script async=\"1\" defer=\"1\" crossorigin=\"anonymous\" src=\"https:\/\/connect.facebook.net\/en_US\/sdk.js#xfbml=1&amp;version=v7.0\" nonce=\"QebCxgWE\"><\/script><\/p>\n<div class=\"fb-video\" data-href=\"https:\/\/www.facebook.com\/jorgezanonidracena\/videos\/199138858170110\/\" data-width=\"696\">\n<blockquote cite=\"https:\/\/www.facebook.com\/jorgezanonidracena\/videos\/199138858170110\/\" class=\"fb-xfbml-parse-ignore\"><p><a href=\"https:\/\/www.facebook.com\/jorgezanonidracena\/videos\/199138858170110\/\">Delegado de Pol\u00edcia de Paulic\u00e9ia Dr. Bruno Verginassi de Oliveira, fala com exclusividade ao Site JZ sobre a apreens\u00e3o de Drogas naquela cidade.<\/a><\/p>\n<p>Delegado de Pol\u00edcia de Paulic\u00e9ia Dr. Bruno Verginassi de Oliveira, fala com exclusividade ao Site JZ sobre a apreens\u00e3o de Drogas naquela cidade.<\/p>\n<p>Posted by <a href=\"https:\/\/www.facebook.com\/jorgezanonidracena\/\">Jorge Zanoni<\/a> on Saturday, July 11, 2020<\/p><\/blockquote>\n<\/div>\n<p>Jorge Zanoni<\/p>\n<p><img loading=\"lazy\" decoding=\"async\" class=\"alignnone size-full wp-image-30470\" src=\"https:\/\/jorgezanoni.com.br\/2019\/wp-content\/uploads\/2020\/07\/pauli1.jpg\" alt=\"\" width=\"1280\" height=\"960\" srcset=\"https:\/\/jorgezanoni.com.br\/2019\/wp-content\/uploads\/2020\/07\/pauli1.jpg 1280w, https:\/\/jorgezanoni.com.br\/2019\/wp-content\/uploads\/2020\/07\/pauli1-300x225.jpg 300w, https:\/\/jorgezanoni.com.br\/2019\/wp-content\/uploads\/2020\/07\/pauli1-1024x768.jpg 1024w, https:\/\/jorgezanoni.com.br\/2019\/wp-content\/uploads\/2020\/07\/pauli1-768x576.jpg 768w, https:\/\/jorgezanoni.com.br\/2019\/wp-content\/uploads\/2020\/07\/pauli1-80x60.jpg 80w, https:\/\/jorgezanoni.com.br\/2019\/wp-content\/uploads\/2020\/07\/pauli1-265x198.jpg 265w, https:\/\/jorgezanoni.com.br\/2019\/wp-content\/uploads\/2020\/07\/pauli1-696x522.jpg 696w, https:\/\/jorgezanoni.com.br\/2019\/wp-content\/uploads\/2020\/07\/pauli1-1068x801.jpg 1068w, https:\/\/jorgezanoni.com.br\/2019\/wp-content\/uploads\/2020\/07\/pauli1-560x420.jpg 560w\" sizes=\"auto, (max-width: 1280px) 100vw, 1280px\" \/> <img loading=\"lazy\" decoding=\"async\" class=\"alignnone size-full wp-image-30471\" src=\"https:\/\/jorgezanoni.com.br\/2019\/wp-content\/uploads\/2020\/07\/pauli2.jpg\" alt=\"\" width=\"1280\" height=\"960\" srcset=\"https:\/\/jorgezanoni.com.br\/2019\/wp-content\/uploads\/2020\/07\/pauli2.jpg 1280w, https:\/\/jorgezanoni.com.br\/2019\/wp-content\/uploads\/2020\/07\/pauli2-300x225.jpg 300w, https:\/\/jorgezanoni.com.br\/2019\/wp-content\/uploads\/2020\/07\/pauli2-1024x768.jpg 1024w, https:\/\/jorgezanoni.com.br\/2019\/wp-content\/uploads\/2020\/07\/pauli2-768x576.jpg 768w, https:\/\/jorgezanoni.com.br\/2019\/wp-content\/uploads\/2020\/07\/pauli2-80x60.jpg 80w, https:\/\/jorgezanoni.com.br\/2019\/wp-content\/uploads\/2020\/07\/pauli2-265x198.jpg 265w, https:\/\/jorgezanoni.com.br\/2019\/wp-content\/uploads\/2020\/07\/pauli2-696x522.jpg 696w, https:\/\/jorgezanoni.com.br\/2019\/wp-content\/uploads\/2020\/07\/pauli2-1068x801.jpg 1068w, https:\/\/jorgezanoni.com.br\/2019\/wp-content\/uploads\/2020\/07\/pauli2-560x420.jpg 560w\" sizes=\"auto, (max-width: 1280px) 100vw, 1280px\" \/><\/p>\n<p>Fotos Policia Militar Rodovi\u00e1ria\/cedida<\/p>\n<p>&nbsp;<\/p>\n<p>&nbsp;<\/p>\n<p>&nbsp;<\/p>\n<p>&nbsp;<\/p>\n","protected":false},"excerpt":{"rendered":"<p>A Pol\u00edcia Militar Rodovi\u00e1ria, atrav\u00e9s do Tor (T\u00e1tico Ostensivo Rodovi\u00e1rio), com apoio de viaturas da Base Operacional de Adamantina e Pol\u00edcia Militar da cidade de Paulic\u00e9ia, prenderam dois homens de 20 e 25 anos e apreenderam 493.3 Kg. de Droga conhecida como Maconha. Dois carros com placas de Marilia\/SP. e Porto Velho\/RO., haviam fugido de [&hellip;]<\/p>\n","protected":false},"author":1,"featured_media":30469,"comment_status":"closed","ping_status":"open","sticky":false,"template":"","format":"standard","meta":{"footnotes":""},"categories":[110,2,169],"tags":[],"class_list":["post-30468","post","type-post","status-publish","format-standard","has-post-thumbnail","hentry","category-noticiasdestaque","category-policial","category-videos"],"_links":{"self":[{"href":"https:\/\/jorgezanoni.com.br\/2019\/wp-json\/wp\/v2\/posts\/30468","targetHints":{"allow":["GET"]}}],"collection":[{"href":"https:\/\/jorgezanoni.com.br\/2019\/wp-json\/wp\/v2\/posts"}],"about":[{"href":"https:\/\/jorgezanoni.com.br\/2019\/wp-json\/wp\/v2\/types\/post"}],"author":[{"embeddable":true,"href":"https:\/\/jorgezanoni.com.br\/2019\/wp-json\/wp\/v2\/users\/1"}],"replies":[{"embeddable":true,"href":"https:\/\/jorgezanoni.com.br\/2019\/wp-json\/wp\/v2\/comments?post=30468"}],"version-history":[{"count":0,"href":"https:\/\/jorgezanoni.com.br\/2019\/wp-json\/wp\/v2\/posts\/30468\/revisions"}],"wp:featuredmedia":[{"embeddable":true,"href":"https:\/\/jorgezanoni.com.br\/2019\/wp-json\/wp\/v2\/media\/30469"}],"wp:attachment":[{"href":"https:\/\/jorgezanoni.com.br\/2019\/wp-json\/wp\/v2\/media?parent=30468"}],"wp:term":[{"taxonomy":"category","embeddable":true,"href":"https:\/\/jorgezanoni.com.br\/2019\/wp-json\/wp\/v2\/categories?post=30468"},{"taxonomy":"post_tag","embeddable":true,"href":"https:\/\/jorgezanoni.com.br\/2019\/wp-json\/wp\/v2\/tags?post=30468"}],"curies":[{"name":"wp","href":"https:\/\/api.w.org\/{rel}","templated":true}]}}