{"id":30465,"date":"2020-07-11T01:03:17","date_gmt":"2020-07-11T01:03:17","guid":{"rendered":"https:\/\/jorgezanoni.com.br\/2019\/?p=30465"},"modified":"2020-07-11T01:03:17","modified_gmt":"2020-07-11T01:03:17","slug":"idoso-fica-ferido-apos-acidente-entre-carro-e-bicicleta","status":"publish","type":"post","link":"https:\/\/jorgezanoni.com.br\/2019\/idoso-fica-ferido-apos-acidente-entre-carro-e-bicicleta\/","title":{"rendered":"Idoso fica ferido ap\u00f3s acidente entre carro e bicicleta"},"content":{"rendered":"<p>Um idoso ficou ferido ap\u00f3s colis\u00e3o envolvendo a bicicleta em que estava e um ve\u00edculo na Avenida Marechal Castelo Branco, Via de Acesso em Adamantina.<\/p>\n<p style=\"text-align: justify;\">Segundo as primeiras informa\u00e7\u00f5es obtidas pela reportagem do Adamantina Net, o acidente ocorreu em um trecho de cruzamento por volta das 13h40 desta sexta-feira (10).<\/p>\n<p style=\"text-align: justify;\">Ap\u00f3s a colis\u00e3o, o idoso foi projetado ao solo e ficou desorientado at\u00e9 a chegada do Corpo de Bombeiros de Adamantina que ap\u00f3s estabiliz\u00e1-lo, o encaminhou para o Pronto Socorro com ferimentos.<\/p>\n<p style=\"text-align: justify;\">O carro com placas de Luc\u00e9lia teve o para-brisa inteiramente danificado.<\/p>\n<p style=\"text-align: justify;\">A Pol\u00edcia Militar esteve no local a acionou a Per\u00edcia Cient\u00edfica que vai apurar as causas do acidente.<\/p>\n<p style=\"text-align: justify;\">Fonte: adamantinanet.com.br<\/p>\n","protected":false},"excerpt":{"rendered":"<p>Um idoso ficou ferido ap\u00f3s colis\u00e3o envolvendo a bicicleta em que estava e um ve\u00edculo na Avenida Marechal Castelo Branco, Via de Acesso em Adamantina. Segundo as primeiras informa\u00e7\u00f5es obtidas pela reportagem do Adamantina Net, o acidente ocorreu em um trecho de cruzamento por volta das 13h40 desta sexta-feira (10). Ap\u00f3s a colis\u00e3o, o idoso [&hellip;]<\/p>\n","protected":false},"author":1,"featured_media":30466,"comment_status":"closed","ping_status":"open","sticky":false,"template":"","format":"standard","meta":{"footnotes":""},"categories":[170,110],"tags":[],"class_list":["post-30465","post","type-post","status-publish","format-standard","has-post-thumbnail","hentry","category-acidentes","category-noticiasdestaque"],"_links":{"self":[{"href":"https:\/\/jorgezanoni.com.br\/2019\/wp-json\/wp\/v2\/posts\/30465","targetHints":{"allow":["GET"]}}],"collection":[{"href":"https:\/\/jorgezanoni.com.br\/2019\/wp-json\/wp\/v2\/posts"}],"about":[{"href":"https:\/\/jorgezanoni.com.br\/2019\/wp-json\/wp\/v2\/types\/post"}],"author":[{"embeddable":true,"href":"https:\/\/jorgezanoni.com.br\/2019\/wp-json\/wp\/v2\/users\/1"}],"replies":[{"embeddable":true,"href":"https:\/\/jorgezanoni.com.br\/2019\/wp-json\/wp\/v2\/comments?post=30465"}],"version-history":[{"count":0,"href":"https:\/\/jorgezanoni.com.br\/2019\/wp-json\/wp\/v2\/posts\/30465\/revisions"}],"wp:featuredmedia":[{"embeddable":true,"href":"https:\/\/jorgezanoni.com.br\/2019\/wp-json\/wp\/v2\/media\/30466"}],"wp:attachment":[{"href":"https:\/\/jorgezanoni.com.br\/2019\/wp-json\/wp\/v2\/media?parent=30465"}],"wp:term":[{"taxonomy":"category","embeddable":true,"href":"https:\/\/jorgezanoni.com.br\/2019\/wp-json\/wp\/v2\/categories?post=30465"},{"taxonomy":"post_tag","embeddable":true,"href":"https:\/\/jorgezanoni.com.br\/2019\/wp-json\/wp\/v2\/tags?post=30465"}],"curies":[{"name":"wp","href":"https:\/\/api.w.org\/{rel}","templated":true}]}}