{"id":30461,"date":"2020-07-11T00:21:46","date_gmt":"2020-07-11T00:21:46","guid":{"rendered":"https:\/\/jorgezanoni.com.br\/2019\/?p=30461"},"modified":"2020-07-11T00:21:46","modified_gmt":"2020-07-11T00:21:46","slug":"rosa-maria-chiyoda-e-a-nova-presidente-do-lions-clube-de-dracena-cinquentenario","status":"publish","type":"post","link":"https:\/\/jorgezanoni.com.br\/2019\/rosa-maria-chiyoda-e-a-nova-presidente-do-lions-clube-de-dracena-cinquentenario\/","title":{"rendered":"Rosa Maria Chiyoda \u00e9 a nova Presidente do Lions Clube de Dracena Cinquenten\u00e1rio"},"content":{"rendered":"<p style=\"text-align: justify;\">No dia 29\/06\/2020 o Lions Clube de Dracena Cinquenten\u00e1rio realizou Assembl\u00e9ia Virtual de transmiss\u00e3o de cargos e posse de Nova Diretoria atrav\u00e9s da plataforma Zoom.<\/p>\n<p><img loading=\"lazy\" decoding=\"async\" class=\"alignnone size-full wp-image-30462\" src=\"https:\/\/jorgezanoni.com.br\/2019\/wp-content\/uploads\/2020\/07\/Lions-1.jpg\" alt=\"\" width=\"840\" height=\"427\" srcset=\"https:\/\/jorgezanoni.com.br\/2019\/wp-content\/uploads\/2020\/07\/Lions-1.jpg 840w, https:\/\/jorgezanoni.com.br\/2019\/wp-content\/uploads\/2020\/07\/Lions-1-300x153.jpg 300w, https:\/\/jorgezanoni.com.br\/2019\/wp-content\/uploads\/2020\/07\/Lions-1-768x390.jpg 768w, https:\/\/jorgezanoni.com.br\/2019\/wp-content\/uploads\/2020\/07\/Lions-1-696x354.jpg 696w, https:\/\/jorgezanoni.com.br\/2019\/wp-content\/uploads\/2020\/07\/Lions-1-826x420.jpg 826w\" sizes=\"auto, (max-width: 840px) 100vw, 840px\" \/><\/p>\n<p style=\"text-align: justify;\">DIRETORIA \u2013 AL 2020\/2021<\/p>\n<table>\n<tbody>\n<tr>\n<td width=\"336\">\u00b7\u00a0\u00a0\u00a0\u00a0\u00a0\u00a0\u00a0\u00a0 Presidente<\/td>\n<td width=\"287\">CaL Rosa Maria B.G. Chiyoda<\/td>\n<\/tr>\n<tr>\n<td width=\"336\">\u00b7\u00a0\u00a0\u00a0\u00a0\u00a0\u00a0\u00a0\u00a0 Ex-Pres. Imediato \u2022 Coord. LCIF<\/td>\n<td width=\"287\">CL Jo\u00e3o Ernesto B\u00e1caro<\/td>\n<\/tr>\n<tr>\n<td width=\"336\">\u00b7\u00a0\u00a0\u00a0\u00a0\u00a0\u00a0\u00a0\u00a0 1\u00ba Vice-Presidente<\/td>\n<td width=\"287\">CL Divaldo Ap.de Souza Lobo<\/td>\n<\/tr>\n<tr>\n<td width=\"336\">\u00b7\u00a0\u00a0\u00a0\u00a0\u00a0\u00a0\u00a0\u00a0 2\u00ba Vice-Presidente<\/td>\n<td width=\"287\">CL Valter Domingues da Silva<\/td>\n<\/tr>\n<tr>\n<td width=\"336\">\u00b7\u00a0\u00a0\u00a0\u00a0\u00a0\u00a0\u00a0\u00a0 3\u00aa Vice-Presidente \u2022 Diretora da Sa\u00fade<\/td>\n<td width=\"287\">CaL Enirley A. Moreira Rebelato<\/td>\n<\/tr>\n<tr>\n<td width=\"336\">\u00b7\u00a0\u00a0\u00a0\u00a0\u00a0\u00a0\u00a0\u00a0 1\u00aa Secret\u00e1ria<\/td>\n<td width=\"287\">CaL Lucia Shidemi N. Kague<\/td>\n<\/tr>\n<tr>\n<td width=\"336\">\u00b7\u00a0\u00a0\u00a0\u00a0\u00a0\u00a0\u00a0\u00a0 2\u00ba Secret\u00e1rio \u2022 Dir. de Comunica\u00e7\u00e3o e Marketing<\/td>\n<td width=\"287\">CL Thiago Pereira Lucena<\/td>\n<\/tr>\n<tr>\n<td width=\"336\">\u00b7\u00a0\u00a0\u00a0\u00a0\u00a0\u00a0\u00a0\u00a0 1\u00ba Tesoureiro<\/td>\n<td width=\"287\">CL Valter Domingues da Silva<\/td>\n<\/tr>\n<tr>\n<td width=\"336\">\u00b7\u00a0\u00a0\u00a0\u00a0\u00a0\u00a0\u00a0\u00a0 2\u00ba Tesoureiro<\/td>\n<td width=\"287\">CL Ant\u00f4nio Carlos Pedro<\/td>\n<\/tr>\n<tr>\n<td width=\"336\">\u00b7\u00a0\u00a0\u00a0\u00a0\u00a0\u00a0\u00a0\u00a0 Diretor Social \u2022 Diretor Supervisor<\/td>\n<td width=\"287\">PDG Sergio Y. Chiyoda<\/td>\n<\/tr>\n<tr>\n<td width=\"336\">\u00b7\u00a0\u00a0\u00a0\u00a0\u00a0\u00a0\u00a0\u00a0 Diretora de Associados<\/td>\n<td width=\"287\">CL Elaine Mazarin<\/td>\n<\/tr>\n<tr>\n<td width=\"336\">\u00b7\u00a0\u00a0\u00a0\u00a0\u00a0\u00a0\u00a0\u00a0 Diretor de Finan\u00e7as<\/td>\n<td width=\"287\">CL Aparecido Salsman<\/td>\n<\/tr>\n<tr>\n<td width=\"336\">\u00b7\u00a0\u00a0\u00a0\u00a0\u00a0\u00a0\u00a0\u00a0 Diretora de Patrim\u00f4nio<\/td>\n<td width=\"287\">CaL Maria Angelina Chittero Salsman<\/td>\n<\/tr>\n<tr>\n<td width=\"336\">\u00b7\u00a0\u00a0\u00a0\u00a0\u00a0\u00a0\u00a0\u00a0 Diretor de Estatuto e Regulamento<\/td>\n<td width=\"287\">CL Jos\u00e9 Renato Leite<\/td>\n<\/tr>\n<tr>\n<td width=\"336\">\u00b7\u00a0\u00a0\u00a0\u00a0\u00a0\u00a0\u00a0\u00a0 Diretor de Meio Ambiente \u2022 Dir. de Servi\u00e7os P\u00fablicos<\/td>\n<td width=\"287\">CL Rom\u00e1rio Lima de Ara\u00fajo<\/td>\n<\/tr>\n<tr>\n<td width=\"336\">\u00b7\u00a0\u00a0\u00a0\u00a0\u00a0\u00a0\u00a0\u00a0 Conselheira LEO<\/td>\n<td width=\"287\">CaL C\u00e9lia Maria Britto Parizotto<\/td>\n<\/tr>\n<tr>\n<td width=\"336\">\u00b7\u00a0\u00a0\u00a0\u00a0\u00a0\u00a0\u00a0\u00a0 Diretor de Servi\u00e7os<\/td>\n<td width=\"287\">CL Djalma Ap. Quinellato<\/td>\n<\/tr>\n<tr>\n<td width=\"336\">\u00b7\u00a0\u00a0\u00a0\u00a0\u00a0\u00a0\u00a0\u00a0 Diretor Animador<\/td>\n<td width=\"287\">CL Luiz Sergio da Silva<\/td>\n<\/tr>\n<tr>\n<td width=\"336\">\u00b7\u00a0\u00a0\u00a0\u00a0\u00a0\u00a0\u00a0\u00a0 Diretor Vogal \u2013 2\u00ba Ano<\/td>\n<td width=\"287\">CL Marcos Munir Pelosi<\/td>\n<\/tr>\n<tr>\n<td width=\"336\">\u00b7\u00a0\u00a0\u00a0\u00a0\u00a0\u00a0\u00a0\u00a0 Diretor Vogal \u2013 2\u00ba Ano<\/td>\n<td width=\"287\">CL Sergio In\u00e1cio dos Santos<\/td>\n<\/tr>\n<tr>\n<td width=\"336\">\u00b7\u00a0\u00a0\u00a0\u00a0\u00a0\u00a0\u00a0\u00a0 Diretora Vogal \u2013 1\u00ba Ano<\/td>\n<td width=\"287\">CaL Maria Elisabete Belan dos Santos<\/td>\n<\/tr>\n<tr>\n<td width=\"336\">\u00b7\u00a0\u00a0\u00a0\u00a0\u00a0\u00a0\u00a0\u00a0 Diretor Vogal \u2013 1\u00ba Ano<\/td>\n<td width=\"287\">CL Jos\u00e9 Grosso Rebelato<\/td>\n<\/tr>\n<\/tbody>\n<\/table>\n<p><strong><u>\u00a0<\/u><\/strong><\/p>\n<p>&nbsp;<\/p>\n","protected":false},"excerpt":{"rendered":"<p>No dia 29\/06\/2020 o Lions Clube de Dracena Cinquenten\u00e1rio realizou Assembl\u00e9ia Virtual de transmiss\u00e3o de cargos e posse de Nova Diretoria atrav\u00e9s da plataforma Zoom. DIRETORIA \u2013 AL 2020\/2021 \u00b7\u00a0\u00a0\u00a0\u00a0\u00a0\u00a0\u00a0\u00a0 Presidente CaL Rosa Maria B.G. Chiyoda \u00b7\u00a0\u00a0\u00a0\u00a0\u00a0\u00a0\u00a0\u00a0 Ex-Pres. Imediato \u2022 Coord. LCIF CL Jo\u00e3o Ernesto B\u00e1caro \u00b7\u00a0\u00a0\u00a0\u00a0\u00a0\u00a0\u00a0\u00a0 1\u00ba Vice-Presidente CL Divaldo Ap.de Souza Lobo \u00b7\u00a0\u00a0\u00a0\u00a0\u00a0\u00a0\u00a0\u00a0 [&hellip;]<\/p>\n","protected":false},"author":1,"featured_media":30463,"comment_status":"closed","ping_status":"open","sticky":false,"template":"","format":"standard","meta":{"footnotes":""},"categories":[114],"tags":[],"class_list":["post-30461","post","type-post","status-publish","format-standard","has-post-thumbnail","hentry","category-geralecomercio"],"_links":{"self":[{"href":"https:\/\/jorgezanoni.com.br\/2019\/wp-json\/wp\/v2\/posts\/30461","targetHints":{"allow":["GET"]}}],"collection":[{"href":"https:\/\/jorgezanoni.com.br\/2019\/wp-json\/wp\/v2\/posts"}],"about":[{"href":"https:\/\/jorgezanoni.com.br\/2019\/wp-json\/wp\/v2\/types\/post"}],"author":[{"embeddable":true,"href":"https:\/\/jorgezanoni.com.br\/2019\/wp-json\/wp\/v2\/users\/1"}],"replies":[{"embeddable":true,"href":"https:\/\/jorgezanoni.com.br\/2019\/wp-json\/wp\/v2\/comments?post=30461"}],"version-history":[{"count":0,"href":"https:\/\/jorgezanoni.com.br\/2019\/wp-json\/wp\/v2\/posts\/30461\/revisions"}],"wp:featuredmedia":[{"embeddable":true,"href":"https:\/\/jorgezanoni.com.br\/2019\/wp-json\/wp\/v2\/media\/30463"}],"wp:attachment":[{"href":"https:\/\/jorgezanoni.com.br\/2019\/wp-json\/wp\/v2\/media?parent=30461"}],"wp:term":[{"taxonomy":"category","embeddable":true,"href":"https:\/\/jorgezanoni.com.br\/2019\/wp-json\/wp\/v2\/categories?post=30461"},{"taxonomy":"post_tag","embeddable":true,"href":"https:\/\/jorgezanoni.com.br\/2019\/wp-json\/wp\/v2\/tags?post=30461"}],"curies":[{"name":"wp","href":"https:\/\/api.w.org\/{rel}","templated":true}]}}