{"id":30450,"date":"2020-07-10T22:36:30","date_gmt":"2020-07-10T22:36:30","guid":{"rendered":"https:\/\/jorgezanoni.com.br\/2019\/?p=30450"},"modified":"2020-07-10T22:36:30","modified_gmt":"2020-07-10T22:36:30","slug":"os-sem-bancos","status":"publish","type":"post","link":"https:\/\/jorgezanoni.com.br\/2019\/os-sem-bancos\/","title":{"rendered":"Os sem bancos&#8230;"},"content":{"rendered":"<p style=\"text-align: justify;\"><strong>OS SEM BANCOS&#8230;\u00a0 \u00a0 \u00a0 \u00a0 \u00a0 \u00a0 \u00a0 \u00a0 \u00a0 \u00a0 \u00a0 \u00a0 \u00a0 \u00a0 \u00a0 \u00a0 \u00a0 \u00a0 \u00a0 \u00a0 \u00a0 \u00a0 \u00a0 \u00a0 \u00a0 \u00a0 \u00a0 \u00a0 \u00a0 \u00a0 \u00a0 \u00a0 \u00a0 \u00a0 \u00a0 \u00a0 \u00a0 \u00a0 \u00a0 \u00a0 \u00a0 \u00a0 \u00a0 \u00a0 \u00a0 \u00a0 \u00a0 \u00a0 \u00a0 \u00a0 \u00a0<\/strong><\/p>\n<p style=\"text-align: justify;\"><strong>\u00a0<\/strong><\/p>\n<p style=\"text-align: justify;\"><strong>*CLAUDIVAL CLEMENTE.<\/strong><\/p>\n<p style=\"text-align: justify;\"><strong>**CLAUDIVAL MOURA CLEMENTE<\/strong><\/p>\n<p style=\"text-align: justify;\">O Brasil \u00e9 a 12\u00aa economia do mundo \u00a0\u2013 j\u00e1 ocupou o posto de 7\u00ba lugar \u2013 com um PIB de R$7,13 trilh\u00f5es em 2019. O PIB \u00e9 o Produto Interno Bruto que \u00e9 a soma de todos os bens e servi\u00e7os finais produzidos por um pa\u00eds. O valor do PIB em 2020 dever\u00e1 ser reduzido fortemente, primeiro porque o d\u00f3lar est\u00e1 super valorizado frente ao real (atualmente um d\u00f3lar vale R$5,4760) e tamb\u00e9m porque em raz\u00e3o da pandemia do SARS-Cov2, que provoca a Covid19, o governo estadual decretou o isolamento social e, consequentemente, ocorreram perda de vendas, provocando um prov\u00e1vel decl\u00ednio de 5,3% no per\u00edodo, conforme previs\u00e3o do FMI .O \u00a0Fundo Monet\u00e1rio Internacional \u00a0\u00e9 uma organiza\u00e7\u00e3o internacional composta por 188 pa\u00edses e tem as finalidades de promover a coopera\u00e7\u00e3o econ\u00f4mica internacional, o com\u00e9rcio internacional, o emprego e a estabilidade cambial, inclusive mediante a disponibiliza\u00e7\u00e3o de recursos financeiros para os pa\u00edses membros para ajudar no equil\u00edbrio de suas balan\u00e7as de pagamentos.Os 188 pa\u00edses membros contribuem colocando \u00e0 disposi\u00e7\u00e3o do FMI uma parte de suas reservas internacionais. Se necess\u00e1rio, o Fundo utiliza esses recursos para opera\u00e7\u00f5es de empr\u00e9stimo visando a ajudar pa\u00edses que enfrentam desequil\u00edbrios de pagamentos. Os recursos s\u00e3o desembolsados mediante o cumprimento de requisitos estabelecidos em um programa negociado com o Fundo.<\/p>\n<p style=\"text-align: justify;\">Mas mesmo ocupando uma boa posi\u00e7\u00e3o em economias mundiais, a economia do pa\u00eds continua surpreendendo. Recente pesquisa demonstrou que existem 45 milh\u00f5es de desbancarizados, ou seja, brasileiros que n\u00e3o movimentam uma conta banc\u00e1ria h\u00e1 mais de seis meses ou optaram em n\u00e3o ter uma conta em banco.\u00a0 Este resultado indica que um entre tr\u00eas brasileiros n\u00e3o possui conta banc\u00e1ria, movimentando em dinheiro vivo mais de 800 bilh\u00f5es de reais.<\/p>\n<p style=\"text-align: justify;\">Excluindo as pessoas de baixa renda, existem tamb\u00e9m v\u00e1rios empreendedores, entre os quais ambulantes e trabalhadores aut\u00f4nomos, que precisariam estar mais inseridos na economia formal. Estas pessoas exercem as atividades, tem resultados financeiros guardam o dinheiro em casa e v\u00e3o efetuando as compras e fazendo os pagamentos em dinheiro, sem que os valores entrem para sistema financeiro, prejudicando a economia do pa\u00eds.<\/p>\n<p style=\"text-align: justify;\">O problema \u00e9 que a maioria dos bancos n\u00e3o se comunica com estas pessoas, que veem o banco como uma institui\u00e7\u00e3o bem distante dos seus objetivos e os bancos, por outro lado, n\u00e3o criam uma pol\u00edtica de abordagem para estas pessoas, a fim de n\u00e3o somente se proporem a guardar o dinheiro que ganham, mas tamb\u00e9m oferecem cr\u00e9dito em condi\u00e7\u00f5es apropriadas para eles. Se tivessem acesso ao cr\u00e9dito poderiam comprar em parcelas, antecipando a posse do bem e ajudariam na roda da economia, que utiliza todos os recursos poss\u00edveis para se movimentar.<\/p>\n<p style=\"text-align: justify;\">Com a pandemia do SARS-Cov2, que provoca a Covid19, o isolamento social estimulou os bancos a investirem um pouco mais na \u00e1rea do digital, facilitando o acesso dos pr\u00f3prios correntistas, por meio de aplicativos em celular, permitindo que os clientes cumprissem o isolamento social. Mas \u00e9 preciso que os bancos caminhem mais nesta dire\u00e7\u00e3o, facilitando o acesso de todos aos bancos para todas as pessoas, incluindo os \u201csem bancos\u201d.<\/p>\n<p style=\"text-align: justify;\">Atualmente existem os bancos digitais, com abertura e movimenta\u00e7\u00e3o das contas de maneira digital, mas o contingente dos \u201csem bancos\u201d continua inalterado, pois este povo n\u00e3o tem acesso nenhum aos bancos, alguns at\u00e9 tem dificuldades em operar um celular para fun\u00e7\u00f5es mais simples, que n\u00e3o seja fazer e receber liga\u00e7\u00f5es e receber e enviar mensagens via watsapp.<\/p>\n<p style=\"text-align: justify;\">O fato \u00e9 que com banco ou sem banco, estas pessoas continuam trabalhando diariamente, sobrevivendo, adquirindo bens e poderiam chegar mais longe com apoio de pol\u00edticas governamentais para criarem uma estrutura que fosse apropriada para eles e para a economia do pa\u00eds.<\/p>\n<p style=\"text-align: justify;\">Nunca se esque\u00e7a que ainda estamos no combate ao SARS-Cov 2, que provoca a Covid 19 e mantendo os cuidados de distanciamento social e higiene pessoal . Importante sempre lembrar de lavar as m\u00e3os com frequ\u00eancia, com \u00e1gua e sab\u00e3o durante 20 segundos ou higienizar com \u00e1lcool gel 70%, evitar tocar a boca, o nariz e os olhos com as m\u00e3os e cobrir a boca quando tossir ou espirrar.Saindo de casa, use sempre as m\u00e1scaras, com a devida cautela, evitando aglomera\u00e7\u00f5es. Nunca toque na m\u00e1scara e n\u00e3o \u00e9 necess\u00e1rio baixar ou tirar a m\u00e1scara para falar ao celular ou ouvir ou gravar alguma mensagem no watts. A m\u00e1scara \u00e9 a melhor prote\u00e7\u00e3o no momento.<\/p>\n<p style=\"text-align: justify;\">Juntos somos mais fortes, juntos venceremos. O Brasil ir\u00e1 vencer o v\u00edrus. O Brasil precisa de todos n\u00f3s.<\/p>\n<p style=\"text-align: justify;\">Participe enviando d\u00favidas, coment\u00e1rios ou sugest\u00f5es para<a href=\"mailto:bcrcconsultoria@gmail.com\">bcrcnews.wixsite.com<\/a> e tamb\u00e9m no facebook, onde podereler este e outros artigos. At\u00e9 a pr\u00f3xima.<\/p>\n<p style=\"text-align: justify;\">*Formado em Direito pela UENP &#8211; Universidade Estadual de Direito do Norte Pioneiro em Jacarezinho e em Administra\u00e7\u00e3o de Empresas nas Faculdades Integradas de Ourinhos. MBA em Comunica\u00e7\u00e3o Corporativa pela Universidade Est\u00e1cio de S\u00e1(em curso) . S\u00f3cio s\u00eanior da BCRC Consultoria em Comunica\u00e7\u00e3o.<\/p>\n<p style=\"text-align: justify;\">** Revis\u00e3o e colabora\u00e7\u00e3o\u00a0 &#8211; Administrador de Empresas pela Universidade Cidade de S\u00e3o Paulo &#8211; UNICID.<\/p>\n","protected":false},"excerpt":{"rendered":"<p>OS SEM BANCOS&#8230;\u00a0 \u00a0 \u00a0 \u00a0 \u00a0 \u00a0 \u00a0 \u00a0 \u00a0 \u00a0 \u00a0 \u00a0 \u00a0 \u00a0 \u00a0 \u00a0 \u00a0 \u00a0 \u00a0 \u00a0 \u00a0 \u00a0 \u00a0 \u00a0 \u00a0 \u00a0 \u00a0 \u00a0 \u00a0 \u00a0 \u00a0 \u00a0 \u00a0 \u00a0 \u00a0 \u00a0 \u00a0 \u00a0 \u00a0 \u00a0 \u00a0 \u00a0 \u00a0 \u00a0 \u00a0 \u00a0 \u00a0 \u00a0 \u00a0 \u00a0 \u00a0 \u00a0 *CLAUDIVAL [&hellip;]<\/p>\n","protected":false},"author":1,"featured_media":30451,"comment_status":"closed","ping_status":"open","sticky":false,"template":"","format":"standard","meta":{"footnotes":""},"categories":[175],"tags":[],"class_list":["post-30450","post","type-post","status-publish","format-standard","has-post-thumbnail","hentry","category-artigos"],"_links":{"self":[{"href":"https:\/\/jorgezanoni.com.br\/2019\/wp-json\/wp\/v2\/posts\/30450","targetHints":{"allow":["GET"]}}],"collection":[{"href":"https:\/\/jorgezanoni.com.br\/2019\/wp-json\/wp\/v2\/posts"}],"about":[{"href":"https:\/\/jorgezanoni.com.br\/2019\/wp-json\/wp\/v2\/types\/post"}],"author":[{"embeddable":true,"href":"https:\/\/jorgezanoni.com.br\/2019\/wp-json\/wp\/v2\/users\/1"}],"replies":[{"embeddable":true,"href":"https:\/\/jorgezanoni.com.br\/2019\/wp-json\/wp\/v2\/comments?post=30450"}],"version-history":[{"count":0,"href":"https:\/\/jorgezanoni.com.br\/2019\/wp-json\/wp\/v2\/posts\/30450\/revisions"}],"wp:featuredmedia":[{"embeddable":true,"href":"https:\/\/jorgezanoni.com.br\/2019\/wp-json\/wp\/v2\/media\/30451"}],"wp:attachment":[{"href":"https:\/\/jorgezanoni.com.br\/2019\/wp-json\/wp\/v2\/media?parent=30450"}],"wp:term":[{"taxonomy":"category","embeddable":true,"href":"https:\/\/jorgezanoni.com.br\/2019\/wp-json\/wp\/v2\/categories?post=30450"},{"taxonomy":"post_tag","embeddable":true,"href":"https:\/\/jorgezanoni.com.br\/2019\/wp-json\/wp\/v2\/tags?post=30450"}],"curies":[{"name":"wp","href":"https:\/\/api.w.org\/{rel}","templated":true}]}}