{"id":30447,"date":"2020-07-10T22:19:39","date_gmt":"2020-07-10T22:19:39","guid":{"rendered":"https:\/\/jorgezanoni.com.br\/2019\/?p=30447"},"modified":"2020-07-10T22:19:39","modified_gmt":"2020-07-10T22:19:39","slug":"ultimos-dias-de-inscricoes-para-transferencias-externas-para-o-curso-de-medicina-da-unifadra-fundec","status":"publish","type":"post","link":"https:\/\/jorgezanoni.com.br\/2019\/ultimos-dias-de-inscricoes-para-transferencias-externas-para-o-curso-de-medicina-da-unifadra-fundec\/","title":{"rendered":"\u00daltimos dias de inscri\u00e7\u00f5es para transfer\u00eancias externas para o curso de Medicina da Unifadra\/Fundec"},"content":{"rendered":"<h3 dir=\"ltr\" style=\"text-align: justify;\"><strong>Unifadra est\u00e1 inscri\u00e7\u00f5es abertas para receber alunos do 2\u00ba, 4\u00ba, 6\u00ba e 8\u00ba semestres do curso de Medicina.<\/strong><\/h3>\n<p dir=\"ltr\" style=\"text-align: justify;\">RETA FINAL: As inscri\u00e7\u00f5es para o processo seletivo poder\u00e3o ser feitas at\u00e9 o dia 15 de julho, pelo site <a href=\"http:\/\/www.fundec.edu.br\/\" target=\"_blank\" rel=\"noopener noreferrer\">www.fundec.edu.br<\/a>. A Faculdade Unifadra\/Fundec est\u00e1 com as inscri\u00e7\u00f5es abertas para receber transfer\u00eancias externas para o 2\u00ba, 4\u00ba, 6\u00ba e 8\u00ba semestres do curso de Medicina.<\/p>\n<p dir=\"ltr\" style=\"text-align: justify;\">Poder\u00e3o inscrever-se no processo seletivo de transfer\u00eancia alunos regularmente matriculados em cursos de gradua\u00e7\u00e3o em Medicina de institui\u00e7\u00f5es de ensino superior brasileiras reconhecidas pelo MEC ou pelos Conselhos Estaduais de Educa\u00e7\u00e3o. Os candidatos ter\u00e3o que, al\u00e9m de efetuar a inscri\u00e7\u00e3o pelo site, enviar por e-mail para a Unifadra a rela\u00e7\u00e3o de documentos pedida no edital. As provas escritas ser\u00e3o realizadas nos dias 23 e 24 de julho, na Fundec.<\/p>\n<p dir=\"ltr\" style=\"text-align: justify;\">O resultado final ser\u00e1 divulgado no dia 25\/07. As matr\u00edculas para os aprovados no processo seletivo de transfer\u00eancia dever\u00e3o ser feitas de 27\/07 a 03\/08.<\/p>\n<p dir=\"ltr\" style=\"text-align: justify;\">O diretor acad\u00eamico da Unifadra destacou que a Fundec tem tradi\u00e7\u00e3o na \u00e1rea educacional e oferece aos seus alunos uma infraestrutura de alta qualidade, com tecnologias inovadoras no ensino-aprendizagem.<\/p>\n<p dir=\"ltr\" style=\"text-align: justify;\">Edital e informa\u00e7\u00f5es no site: <a href=\"http:\/\/www.fundec.edu.br\/unifadra\" target=\"_blank\" rel=\"noopener noreferrer\">www.fundec.edu.br\/unifadra<\/a> .<span id=\"gmail-docs-internal-guid-28992ecc-7fff-bc01-429f-d5ff0557c49a\"><\/span><\/p>\n<div class=\"gmail_signature\" dir=\"ltr\">\n<div dir=\"ltr\" style=\"text-align: justify;\">Carolina Colnago<br \/>\nAssistente de Comunica\u00e7\u00e3o<br \/>\nFunda\u00e7\u00e3o Dracenense de Educa\u00e7\u00e3o e Cultura<\/div>\n<\/div>\n","protected":false},"excerpt":{"rendered":"<p>Unifadra est\u00e1 inscri\u00e7\u00f5es abertas para receber alunos do 2\u00ba, 4\u00ba, 6\u00ba e 8\u00ba semestres do curso de Medicina. RETA FINAL: As inscri\u00e7\u00f5es para o processo seletivo poder\u00e3o ser feitas at\u00e9 o dia 15 de julho, pelo site www.fundec.edu.br. A Faculdade Unifadra\/Fundec est\u00e1 com as inscri\u00e7\u00f5es abertas para receber transfer\u00eancias externas para o 2\u00ba, 4\u00ba, 6\u00ba [&hellip;]<\/p>\n","protected":false},"author":1,"featured_media":30448,"comment_status":"closed","ping_status":"open","sticky":false,"template":"","format":"standard","meta":{"footnotes":""},"categories":[122],"tags":[],"class_list":["post-30447","post","type-post","status-publish","format-standard","has-post-thumbnail","hentry","category-saudeeducacaoeconcurso"],"_links":{"self":[{"href":"https:\/\/jorgezanoni.com.br\/2019\/wp-json\/wp\/v2\/posts\/30447","targetHints":{"allow":["GET"]}}],"collection":[{"href":"https:\/\/jorgezanoni.com.br\/2019\/wp-json\/wp\/v2\/posts"}],"about":[{"href":"https:\/\/jorgezanoni.com.br\/2019\/wp-json\/wp\/v2\/types\/post"}],"author":[{"embeddable":true,"href":"https:\/\/jorgezanoni.com.br\/2019\/wp-json\/wp\/v2\/users\/1"}],"replies":[{"embeddable":true,"href":"https:\/\/jorgezanoni.com.br\/2019\/wp-json\/wp\/v2\/comments?post=30447"}],"version-history":[{"count":0,"href":"https:\/\/jorgezanoni.com.br\/2019\/wp-json\/wp\/v2\/posts\/30447\/revisions"}],"wp:featuredmedia":[{"embeddable":true,"href":"https:\/\/jorgezanoni.com.br\/2019\/wp-json\/wp\/v2\/media\/30448"}],"wp:attachment":[{"href":"https:\/\/jorgezanoni.com.br\/2019\/wp-json\/wp\/v2\/media?parent=30447"}],"wp:term":[{"taxonomy":"category","embeddable":true,"href":"https:\/\/jorgezanoni.com.br\/2019\/wp-json\/wp\/v2\/categories?post=30447"},{"taxonomy":"post_tag","embeddable":true,"href":"https:\/\/jorgezanoni.com.br\/2019\/wp-json\/wp\/v2\/tags?post=30447"}],"curies":[{"name":"wp","href":"https:\/\/api.w.org\/{rel}","templated":true}]}}