{"id":30441,"date":"2020-07-10T21:57:06","date_gmt":"2020-07-10T21:57:06","guid":{"rendered":"https:\/\/jorgezanoni.com.br\/2019\/?p=30441"},"modified":"2020-07-10T21:58:30","modified_gmt":"2020-07-10T21:58:30","slug":"medico-de-dracena-fernando-cesar-m-marinho-deixa-uti-e-vai-para-o-quarto-em-sao-paulo","status":"publish","type":"post","link":"https:\/\/jorgezanoni.com.br\/2019\/medico-de-dracena-fernando-cesar-m-marinho-deixa-uti-e-vai-para-o-quarto-em-sao-paulo\/","title":{"rendered":"M\u00e9dico de Dracena, Fernando C\u00e9sar M. Marinho deixa UTI e vai para o quarto em S\u00e3o Paulo"},"content":{"rendered":"<p style=\"text-align: justify;\">O m\u00e9dico de Dracena, Dr. Fernando C\u00e9sar Moreno Marinho (Coquinho), deixou a UTI do hospital Benefic\u00eancia Portuguesa na capital paulista, onde permaneceu internado por tr\u00eas dias. Nesta tarde foi para o quarto onde aguardar\u00e1 o t\u00e9rmino de sua recupera\u00e7\u00e3o.<\/p>\n<p style=\"text-align: justify;\">Fernando C\u00e9sar esteve internado na Santa Casa de Dracena e foi transferido para S\u00e3o Paulo de Helic\u00f3ptero, a pedido das suas filhas Fernanda e Rafaela, ambas m\u00e9dicas.<\/p>\n<p style=\"text-align: justify;\">Fernanda e m\u00e9dica na Benefic\u00eancia Portuguesa e no Albet Einstein, enquanto Rafaela \u00e9 m\u00e9dica psiquiatra e professora de Faculdade de Medicina em Ponta Grossa PR.<\/p>\n<p style=\"text-align: justify;\">O Site JZ deseja que o Dr. Fernando se recupere logo e volte ao conv\u00edvio familiar bem como ao seu importante trabalho.<\/p>\n<p><img loading=\"lazy\" decoding=\"async\" class=\"alignnone size-full wp-image-30442\" src=\"https:\/\/jorgezanoni.com.br\/2019\/wp-content\/uploads\/2020\/07\/Coquinho-1.jpg\" alt=\"\" width=\"960\" height=\"1280\" srcset=\"https:\/\/jorgezanoni.com.br\/2019\/wp-content\/uploads\/2020\/07\/Coquinho-1.jpg 960w, https:\/\/jorgezanoni.com.br\/2019\/wp-content\/uploads\/2020\/07\/Coquinho-1-225x300.jpg 225w, https:\/\/jorgezanoni.com.br\/2019\/wp-content\/uploads\/2020\/07\/Coquinho-1-768x1024.jpg 768w, https:\/\/jorgezanoni.com.br\/2019\/wp-content\/uploads\/2020\/07\/Coquinho-1-696x928.jpg 696w, https:\/\/jorgezanoni.com.br\/2019\/wp-content\/uploads\/2020\/07\/Coquinho-1-315x420.jpg 315w\" sizes=\"auto, (max-width: 960px) 100vw, 960px\" \/> <img loading=\"lazy\" decoding=\"async\" class=\"alignnone size-full wp-image-30443\" src=\"https:\/\/jorgezanoni.com.br\/2019\/wp-content\/uploads\/2020\/07\/COQUINHO1.jpg\" alt=\"\" width=\"225\" height=\"300\" \/><\/p>\n<p style=\"text-align: justify;\">Jorge Zanoni<\/p>\n<p>Fonte: Valdomiro Nunes<\/p>\n","protected":false},"excerpt":{"rendered":"<p>O m\u00e9dico de Dracena, Dr. Fernando C\u00e9sar Moreno Marinho (Coquinho), deixou a UTI do hospital Benefic\u00eancia Portuguesa na capital paulista, onde permaneceu internado por tr\u00eas dias. Nesta tarde foi para o quarto onde aguardar\u00e1 o t\u00e9rmino de sua recupera\u00e7\u00e3o. Fernando C\u00e9sar esteve internado na Santa Casa de Dracena e foi transferido para S\u00e3o Paulo de [&hellip;]<\/p>\n","protected":false},"author":1,"featured_media":30444,"comment_status":"closed","ping_status":"open","sticky":false,"template":"","format":"standard","meta":{"footnotes":""},"categories":[110,122],"tags":[],"class_list":["post-30441","post","type-post","status-publish","format-standard","has-post-thumbnail","hentry","category-noticiasdestaque","category-saudeeducacaoeconcurso"],"_links":{"self":[{"href":"https:\/\/jorgezanoni.com.br\/2019\/wp-json\/wp\/v2\/posts\/30441","targetHints":{"allow":["GET"]}}],"collection":[{"href":"https:\/\/jorgezanoni.com.br\/2019\/wp-json\/wp\/v2\/posts"}],"about":[{"href":"https:\/\/jorgezanoni.com.br\/2019\/wp-json\/wp\/v2\/types\/post"}],"author":[{"embeddable":true,"href":"https:\/\/jorgezanoni.com.br\/2019\/wp-json\/wp\/v2\/users\/1"}],"replies":[{"embeddable":true,"href":"https:\/\/jorgezanoni.com.br\/2019\/wp-json\/wp\/v2\/comments?post=30441"}],"version-history":[{"count":0,"href":"https:\/\/jorgezanoni.com.br\/2019\/wp-json\/wp\/v2\/posts\/30441\/revisions"}],"wp:featuredmedia":[{"embeddable":true,"href":"https:\/\/jorgezanoni.com.br\/2019\/wp-json\/wp\/v2\/media\/30444"}],"wp:attachment":[{"href":"https:\/\/jorgezanoni.com.br\/2019\/wp-json\/wp\/v2\/media?parent=30441"}],"wp:term":[{"taxonomy":"category","embeddable":true,"href":"https:\/\/jorgezanoni.com.br\/2019\/wp-json\/wp\/v2\/categories?post=30441"},{"taxonomy":"post_tag","embeddable":true,"href":"https:\/\/jorgezanoni.com.br\/2019\/wp-json\/wp\/v2\/tags?post=30441"}],"curies":[{"name":"wp","href":"https:\/\/api.w.org\/{rel}","templated":true}]}}