{"id":30438,"date":"2020-07-10T16:01:57","date_gmt":"2020-07-10T16:01:57","guid":{"rendered":"https:\/\/jorgezanoni.com.br\/2019\/?p=30438"},"modified":"2020-07-10T16:01:57","modified_gmt":"2020-07-10T16:01:57","slug":"apos-quase-1-mes-56-cidades-do-oeste-paulista-avancam-para-a-fase-laranja-do-plano-de-flexibilizacao-da-quarentena","status":"publish","type":"post","link":"https:\/\/jorgezanoni.com.br\/2019\/apos-quase-1-mes-56-cidades-do-oeste-paulista-avancam-para-a-fase-laranja-do-plano-de-flexibilizacao-da-quarentena\/","title":{"rendered":"Ap\u00f3s quase 1 m\u00eas, 56 cidades do Oeste Paulista avan\u00e7am para a fase laranja do plano de flexibiliza\u00e7\u00e3o da quarentena"},"content":{"rendered":"<h2 class=\"content-head__subtitle\" style=\"text-align: justify;\"><strong>Atualiza\u00e7\u00e3o, que come\u00e7a a valer na pr\u00f3xima semana, foi divulgada pelo governo do Estado de S\u00e3o Paulo.<\/strong><\/h2>\n<div class=\"mc-column content-text active-extra-styles active-capital-letter\" data-block-type=\"unstyled\" data-block-weight=\"52\" data-block-id=\"1\">\n<p class=\"content-text__container theme-color-primary-first-letter\" style=\"text-align: justify;\" data-track-category=\"Link no Texto\" data-track-links=\"\">O governo do Estado de S\u00e3o Paulo anunciou nesta sexta-feira (10) que as 56 cidades do Oeste Paulista v\u00e3o evoluir para a fase laranja do plano de flexibiliza\u00e7\u00e3o da quarentena. A atualiza\u00e7\u00e3o, que come\u00e7a a valer na pr\u00f3xima semana, foi \u00e9 divulgada em entrevista coletiva no Pal\u00e1cio dos Bandeirantes, em S\u00e3o Paulo.<\/p>\n<\/div>\n<div class=\"wall protected-content\">\n<div class=\"mc-column content-text active-extra-styles \" style=\"text-align: justify;\" data-block-type=\"unstyled\" data-block-weight=\"45\" data-block-id=\"2\">\n<p class=\"content-text__container \" data-track-category=\"Link no Texto\" data-track-links=\"\">Os 44 munic\u00edpios vinculados ao Departamento Regional de Sa\u00fade (DRS) de Presidente Prudente estavam na fase vermelha, que \u00e9 a etapa mais restritiva do chamado Plano S\u00e3o Paulo, na qual somente os servi\u00e7os considerados essenciais t\u00eam permiss\u00e3o para funcionar,\u00a0<a href=\"https:\/\/g1.globo.com\/sp\/presidente-prudente-regiao\/noticia\/2020\/06\/10\/regiao-de-presidente-prudente-retrocede-para-a-fase-vermelha-que-proibe-a-abertura-do-comercio-na-flexibilizacao-da-quarentena.ghtml\">desde o dia 15 de junho<\/a>.<\/p>\n<\/div>\n<div class=\"mc-column content-text active-extra-styles \" style=\"text-align: justify;\" data-block-type=\"unstyled\" data-block-weight=\"26\" data-block-id=\"3\">\n<p class=\"content-text__container \" data-track-category=\"Link no Texto\" data-track-links=\"\">J\u00e1 os 12 munic\u00edpios da Nova Alta Paulista que s\u00e3o ligados ao DRS de Mar\u00edlia integram a etapa mais restritiva\u00a0<a href=\"https:\/\/g1.globo.com\/sp\/presidente-prudente-regiao\/noticia\/2020\/06\/19\/estado-rebaixa-mais-12-municipios-da-regiao-de-presidente-prudente-para-a-fase-vermelha-da-flexibilizacao-da-quarentena.ghtml\">desde o dia 22 de junho<\/a>.<\/p>\n<\/div>\n<div class=\"mc-column content-text active-extra-styles \" style=\"text-align: justify;\" data-block-type=\"unstyled\" data-block-weight=\"14\" data-block-id=\"4\">\n<p class=\"content-text__container \" data-track-category=\"Link no Texto\" data-track-links=\"\">Na fase laranja, \u00e9 permitido, com restri\u00e7\u00f5es, o funcionamento de atividades econ\u00f4micas nos munic\u00edpios.<\/p>\n<\/div>\n<div class=\"mc-column content-text active-extra-styles \" style=\"text-align: justify;\" data-block-type=\"unstyled\" data-block-weight=\"10\" data-block-id=\"5\">\n<p class=\"content-text__container \" data-track-category=\"Link no Texto\" data-track-links=\"\">Conforme o Plano S\u00e3o Paulo, as classifica\u00e7\u00f5es s\u00e3o as seguintes:<\/p>\n<\/div>\n<div class=\"mc-column content-text active-extra-styles\" style=\"text-align: justify;\" data-block-type=\"raw\" data-block-weight=\"24\" data-block-id=\"6\">\n<ul class=\"content-unordered-list\">\n<li>Fase 1, vermelha: alerta m\u00e1ximo;<\/li>\n<li>Fase 2, laranja: controle;<\/li>\n<li>Fase 3, amarela: flexibiliza\u00e7\u00e3o;<\/li>\n<li>Fase 4, verde: abertura parcial; e<\/li>\n<li>Fase 5, azul: normal controlado.<\/li>\n<\/ul>\n<\/div>\n<div class=\"mc-column content-text active-extra-styles\" style=\"text-align: justify;\" data-block-type=\"raw\" data-block-weight=\"84\" data-block-id=\"7\">\n<ul class=\"content-unordered-list\">\n<li><a href=\"https:\/\/g1.globo.com\/sp\/presidente-prudente-regiao\/noticia\/2020\/07\/03\/sem-evolucao-56-cidades-da-regiao-de-presidente-prudente-continuam-na-fase-vermelha-a-mais-restritiva-da-quarentena.ghtml\">Sem evolu\u00e7\u00e3o, 56 cidades da regi\u00e3o de Presidente Prudente continuam na fase vermelha, a mais restritiva, da quarentena<\/a><\/li>\n<li><a href=\"https:\/\/g1.globo.com\/sp\/presidente-prudente-regiao\/noticia\/2020\/06\/26\/municipios-do-oeste-paulista-permanecem-na-fase-vermelha-da-flexibilizacao-da-quarentena.ghtml\">Munic\u00edpios do Oeste Paulista permanecem na fase vermelha da flexibiliza\u00e7\u00e3o da quarentena<\/a><\/li>\n<li><a href=\"https:\/\/g1.globo.com\/sp\/presidente-prudente-regiao\/noticia\/2020\/06\/19\/estado-rebaixa-mais-12-municipios-da-regiao-de-presidente-prudente-para-a-fase-vermelha-da-flexibilizacao-da-quarentena.ghtml\">Estado rebaixa mais 12 munic\u00edpios do Oeste Paulista para a fase vermelha da flexibiliza\u00e7\u00e3o da quarentena<\/a><\/li>\n<li><a href=\"https:\/\/g1.globo.com\/sp\/presidente-prudente-regiao\/noticia\/2020\/06\/10\/regiao-de-presidente-prudente-retrocede-para-a-fase-vermelha-que-proibe-a-abertura-do-comercio-na-flexibilizacao-da-quarentena.ghtml\">Regi\u00e3o de Presidente Prudente retrocede para a fase vermelha, que pro\u00edbe a abertura do com\u00e9rcio, na flexibiliza\u00e7\u00e3o da quarentena<\/a><\/li>\n<li><a href=\"https:\/\/g1.globo.com\/sp\/presidente-prudente-regiao\/noticia\/2020\/05\/27\/veja-como-as-medidas-da-flexibilizacao-da-quarentena-anunciadas-pelo-governo-do-estado-afetam-a-regiao-de-presidente-prudente.ghtml\">Veja como as medidas da flexibiliza\u00e7\u00e3o da quarentena anunciadas pelo governo do Estado afetam a regi\u00e3o de Presidente Prudente<\/a><\/li>\n<\/ul>\n<\/div>\n<div class=\"mc-column content-text active-extra-styles \" style=\"text-align: justify;\" data-block-type=\"unstyled\" data-block-weight=\"10\" data-block-id=\"8\">\n<p class=\"content-text__container \" data-track-category=\"Link no Texto\" data-track-links=\"\">Os cinco crit\u00e9rios que baseiam a classifica\u00e7\u00e3o das regi\u00f5es s\u00e3o:<\/p>\n<\/div>\n<div class=\"mc-column content-text active-extra-styles\" data-block-type=\"raw\" data-block-weight=\"49\" data-block-id=\"9\">\n<ul class=\"content-unordered-list\" style=\"text-align: justify;\">\n<li>Ocupa\u00e7\u00e3o de leitos de Unidade de Terapia Intensiva (UTI);<\/li>\n<li>Total de leitos por 100 mil habitantes;<\/li>\n<li>Varia\u00e7\u00e3o de novas interna\u00e7\u00f5es, em compara\u00e7\u00e3o com a semana anterior;<\/li>\n<li>Varia\u00e7\u00e3o de novos casos confirmados, em compara\u00e7\u00e3o com a semana anterior; e<\/li>\n<li>Varia\u00e7\u00e3o de novos \u00f3bitos confirmados, em compara\u00e7\u00e3o com a semana anterior.<\/li>\n<\/ul>\n<div class=\"mc-column content-text active-extra-styles \" style=\"text-align: justify;\" data-block-type=\"unstyled\" data-block-weight=\"12\" data-block-id=\"11\">\n<p class=\"content-text__container \" data-track-category=\"Link no Texto\" data-track-links=\"\">Ao Departamento Regional de Sa\u00fade de Presidente Prudente pertencem as seguintes cidades:<\/p>\n<\/div>\n<div class=\"mc-column content-text active-extra-styles\" style=\"text-align: justify;\" data-block-type=\"raw\" data-block-weight=\"75\" data-block-id=\"12\">\n<ul class=\"content-unordered-list\">\n<li>Alfredo Marcondes<\/li>\n<li>\u00c1lvares Machado<\/li>\n<li>Anhumas<\/li>\n<li>Caiabu<\/li>\n<li>Caiu\u00e1<\/li>\n<li>Dracena<\/li>\n<li>Emilian\u00f3polis<\/li>\n<li>Estrela do Norte<\/li>\n<li>Euclides da Cunha Paulista<\/li>\n<li>Flora Rica<\/li>\n<li>Iep\u00ea<\/li>\n<li>Indiana<\/li>\n<li>Irapuru<\/li>\n<li>Jo\u00e3o Ramalho<\/li>\n<li>Junqueir\u00f3polis<\/li>\n<li>Marab\u00e1 Paulista<\/li>\n<li>Martin\u00f3polis<\/li>\n<li>Mirante do Paranapanema<\/li>\n<li>Monte Castelo<\/li>\n<li>Nantes<\/li>\n<li>Narandiba<\/li>\n<li>Nova Guataporanga<\/li>\n<li>Ouro Verde<\/li>\n<li>Panorama<\/li>\n<li>Paulic\u00e9ia<\/li>\n<li>Piquerobi<\/li>\n<li>Pirapozinho<\/li>\n<li>Presidente Bernardes<\/li>\n<li>Presidente Epit\u00e1cio<\/li>\n<li>Presidente Prudente<\/li>\n<li>Presidente Venceslau<\/li>\n<li>Rancharia<\/li>\n<li>Regente Feij\u00f3<\/li>\n<li>Ribeir\u00e3o dos \u00cdndios<\/li>\n<li>Rosana<\/li>\n<li>Sandovalina<\/li>\n<li>Santa Mercedes<\/li>\n<li>Santo Anast\u00e1cio<\/li>\n<li>Santo Expedito<\/li>\n<li>S\u00e3o Jo\u00e3o do Pau D&#8217;alho<\/li>\n<li>Taciba<\/li>\n<li>Tarabai<\/li>\n<li>Teodoro Sampaio<\/li>\n<li>Tupi Paulista<\/li>\n<\/ul>\n<\/div>\n<div class=\"mc-column content-text active-extra-styles \" style=\"text-align: justify;\" data-block-type=\"unstyled\" data-block-weight=\"13\" data-block-id=\"13\">\n<p class=\"content-text__container \" data-track-category=\"Link no Texto\" data-track-links=\"\">J\u00e1 as cidades do Oeste Paulista que pertencem ao DRS de Mar\u00edlia s\u00e3o:<\/p>\n<\/div>\n<div class=\"mc-column content-text active-extra-styles\" data-block-type=\"raw\" data-block-weight=\"15\" data-block-id=\"14\">\n<ul class=\"content-unordered-list\" style=\"text-align: justify;\">\n<li>Adamantina<\/li>\n<li>Fl\u00f3rida Paulista<\/li>\n<li>In\u00fabia Paulista<\/li>\n<li>Luc\u00e9lia<\/li>\n<li>Mari\u00e1polis<\/li>\n<li>Osvaldo cruz<\/li>\n<li>Pacaembu<\/li>\n<li>Parapu\u00e3<\/li>\n<li>Pracinha<\/li>\n<li>Rin\u00f3polis<\/li>\n<li>Sagres<\/li>\n<li>Salmour\u00e3o<\/li>\n<\/ul>\n<p style=\"text-align: justify;\">Fonte: G1<\/p>\n<\/div>\n<\/div>\n<\/div>\n","protected":false},"excerpt":{"rendered":"<p>Atualiza\u00e7\u00e3o, que come\u00e7a a valer na pr\u00f3xima semana, foi divulgada pelo governo do Estado de S\u00e3o Paulo. O governo do Estado de S\u00e3o Paulo anunciou nesta sexta-feira (10) que as 56 cidades do Oeste Paulista v\u00e3o evoluir para a fase laranja do plano de flexibiliza\u00e7\u00e3o da quarentena. A atualiza\u00e7\u00e3o, que come\u00e7a a valer na pr\u00f3xima [&hellip;]<\/p>\n","protected":false},"author":1,"featured_media":30439,"comment_status":"closed","ping_status":"open","sticky":false,"template":"","format":"standard","meta":{"footnotes":""},"categories":[110,116],"tags":[],"class_list":["post-30438","post","type-post","status-publish","format-standard","has-post-thumbnail","hentry","category-noticiasdestaque","category-politicaeeconomia"],"_links":{"self":[{"href":"https:\/\/jorgezanoni.com.br\/2019\/wp-json\/wp\/v2\/posts\/30438","targetHints":{"allow":["GET"]}}],"collection":[{"href":"https:\/\/jorgezanoni.com.br\/2019\/wp-json\/wp\/v2\/posts"}],"about":[{"href":"https:\/\/jorgezanoni.com.br\/2019\/wp-json\/wp\/v2\/types\/post"}],"author":[{"embeddable":true,"href":"https:\/\/jorgezanoni.com.br\/2019\/wp-json\/wp\/v2\/users\/1"}],"replies":[{"embeddable":true,"href":"https:\/\/jorgezanoni.com.br\/2019\/wp-json\/wp\/v2\/comments?post=30438"}],"version-history":[{"count":0,"href":"https:\/\/jorgezanoni.com.br\/2019\/wp-json\/wp\/v2\/posts\/30438\/revisions"}],"wp:featuredmedia":[{"embeddable":true,"href":"https:\/\/jorgezanoni.com.br\/2019\/wp-json\/wp\/v2\/media\/30439"}],"wp:attachment":[{"href":"https:\/\/jorgezanoni.com.br\/2019\/wp-json\/wp\/v2\/media?parent=30438"}],"wp:term":[{"taxonomy":"category","embeddable":true,"href":"https:\/\/jorgezanoni.com.br\/2019\/wp-json\/wp\/v2\/categories?post=30438"},{"taxonomy":"post_tag","embeddable":true,"href":"https:\/\/jorgezanoni.com.br\/2019\/wp-json\/wp\/v2\/tags?post=30438"}],"curies":[{"name":"wp","href":"https:\/\/api.w.org\/{rel}","templated":true}]}}