{"id":30435,"date":"2020-07-10T15:16:02","date_gmt":"2020-07-10T15:16:02","guid":{"rendered":"https:\/\/jorgezanoni.com.br\/2019\/?p=30435"},"modified":"2020-07-10T15:16:02","modified_gmt":"2020-07-10T15:16:02","slug":"bombeiros-encontram-corpo-de-idoso-desaparecido-no-rio-parana","status":"publish","type":"post","link":"https:\/\/jorgezanoni.com.br\/2019\/bombeiros-encontram-corpo-de-idoso-desaparecido-no-rio-parana\/","title":{"rendered":"Bombeiros encontram corpo de idoso desaparecido no Rio Paran\u00e1"},"content":{"rendered":"<p style=\"text-align: justify;\">O corpo do idoso de 65 anos que estava desaparecido no Rio Paran\u00e1, em Panorama, foi localizado nesta quinta-feira (9). Ele havia sumido ap\u00f3s a embarca\u00e7\u00e3o em que estava, virar, nesta quarta-feira (8).<\/p>\n<p style=\"text-align: justify;\">De acordo com o Corpo de Bombeiros, as buscas foram realizadas nas imedia\u00e7\u00f5es de onde o barco afundou e o corpo do idoso foi localizado a aproximadamente quatro metros de profundidade.<\/p>\n<p style=\"text-align: justify;\">A per\u00edcia compareceu ao local e constatou a morte por afogamento, ainda de acordo com os bombeiros.<\/p>\n<p style=\"text-align: justify;\">O corpo j\u00e1 foi liberado.<\/p>\n<p style=\"text-align: justify;\"><strong>O CASO<\/strong><\/p>\n<p style=\"text-align: justify;\">O homem de 65 anos desapareceu no Rio Paran\u00e1, em uma \u00e1rea conhecida popularmente como \u201cRio sem Peixe\u201d, em Panorama (SP), ap\u00f3s a embarca\u00e7\u00e3o em que ele estava, virar, nesta quarta-feira (8).<\/p>\n<p style=\"text-align: justify;\">De acordo com o Corpo de Bombeiros, o homem ia pescar com a filha e a neta na manh\u00e3 desta quarta-feira (8), quando o vento forte causou o acidente. Elas foram resgatadas por outra embarca\u00e7\u00e3o.<\/p>\n<p style=\"text-align: justify;\">As equipes de bombeiros de Dracena (SP) e de Presidente Prudente (SP) foram acionadas e dirigiram-se ao local para realizar as buscas pelo idoso.<\/p>\n<p style=\"text-align: justify;\">A Marinha do Brasil tamb\u00e9m foi acionada.<\/p>\n<p style=\"text-align: justify;\">Fonte: Folha Regional<\/p>\n","protected":false},"excerpt":{"rendered":"<p>O corpo do idoso de 65 anos que estava desaparecido no Rio Paran\u00e1, em Panorama, foi localizado nesta quinta-feira (9). Ele havia sumido ap\u00f3s a embarca\u00e7\u00e3o em que estava, virar, nesta quarta-feira (8). De acordo com o Corpo de Bombeiros, as buscas foram realizadas nas imedia\u00e7\u00f5es de onde o barco afundou e o corpo do [&hellip;]<\/p>\n","protected":false},"author":1,"featured_media":30436,"comment_status":"closed","ping_status":"open","sticky":false,"template":"","format":"standard","meta":{"footnotes":""},"categories":[110,2],"tags":[],"class_list":["post-30435","post","type-post","status-publish","format-standard","has-post-thumbnail","hentry","category-noticiasdestaque","category-policial"],"_links":{"self":[{"href":"https:\/\/jorgezanoni.com.br\/2019\/wp-json\/wp\/v2\/posts\/30435","targetHints":{"allow":["GET"]}}],"collection":[{"href":"https:\/\/jorgezanoni.com.br\/2019\/wp-json\/wp\/v2\/posts"}],"about":[{"href":"https:\/\/jorgezanoni.com.br\/2019\/wp-json\/wp\/v2\/types\/post"}],"author":[{"embeddable":true,"href":"https:\/\/jorgezanoni.com.br\/2019\/wp-json\/wp\/v2\/users\/1"}],"replies":[{"embeddable":true,"href":"https:\/\/jorgezanoni.com.br\/2019\/wp-json\/wp\/v2\/comments?post=30435"}],"version-history":[{"count":0,"href":"https:\/\/jorgezanoni.com.br\/2019\/wp-json\/wp\/v2\/posts\/30435\/revisions"}],"wp:featuredmedia":[{"embeddable":true,"href":"https:\/\/jorgezanoni.com.br\/2019\/wp-json\/wp\/v2\/media\/30436"}],"wp:attachment":[{"href":"https:\/\/jorgezanoni.com.br\/2019\/wp-json\/wp\/v2\/media?parent=30435"}],"wp:term":[{"taxonomy":"category","embeddable":true,"href":"https:\/\/jorgezanoni.com.br\/2019\/wp-json\/wp\/v2\/categories?post=30435"},{"taxonomy":"post_tag","embeddable":true,"href":"https:\/\/jorgezanoni.com.br\/2019\/wp-json\/wp\/v2\/tags?post=30435"}],"curies":[{"name":"wp","href":"https:\/\/api.w.org\/{rel}","templated":true}]}}