{"id":30432,"date":"2020-07-10T14:39:19","date_gmt":"2020-07-10T14:39:19","guid":{"rendered":"https:\/\/jorgezanoni.com.br\/2019\/?p=30432"},"modified":"2020-07-10T14:39:19","modified_gmt":"2020-07-10T14:39:19","slug":"acidente-envolvendo-dois-caminhoes-pesados-deixa-um-motorista-ferido-pela-sp-425","status":"publish","type":"post","link":"https:\/\/jorgezanoni.com.br\/2019\/acidente-envolvendo-dois-caminhoes-pesados-deixa-um-motorista-ferido-pela-sp-425\/","title":{"rendered":"Acidente envolvendo dois caminh\u00f5es pesados deixa um motorista ferido pela SP-425"},"content":{"rendered":"<p style=\"text-align: justify;\"><strong><em>Acidente foi registrado pela SP 425 \u2013 Rodovia Assis Chateaubriand, km 422,100, pelo munic\u00edpio de Martin\u00f3polis.<\/em><\/strong><\/p>\n<p style=\"text-align: justify;\">O Policiamento Rodovi\u00e1rio atendeu na tarde desta quinta-feira (09), uma ocorr\u00eancia de acidente de tr\u00e2nsito com v\u00edtima, do tipo colis\u00e3o transversal.<\/p>\n<p style=\"text-align: justify;\">Os ve\u00edculos, um conjunto de transporte de Carga (Scania\/G420 \u2013 Vermelha e dois semi-reboques), de Apucarana\/PR, carregado com cimento e um Caminh\u00e3o (M.Benz\/1720 \u2013 Branco), de Presidente Prudente\/SP, com carga viva de bovinos, colidiram transversalmente, vitimando o condutor deste segundo, com les\u00f5es de natureza leve e que foi encaminhado, atrav\u00e9s das equipes do Corpo de Bombeiros, para a Santa Casa de Martin\u00f3polis.<\/p>\n<p style=\"text-align: justify;\">O tr\u00e2nsito no local sofreu consequ\u00eancias principalmente em raz\u00e3o da disposi\u00e7\u00e3o em que se imobilizaram os ve\u00edculos, bem como de suas dimens\u00f5es, tendo que ser controlado atrav\u00e9s das equipes que administraram opera\u00e7\u00e3o de desvio, atrav\u00e9s da al\u00e7a de acesso ao distrito de Te\u00e7aind\u00e1.<\/p>\n<p style=\"text-align: justify;\">No atendimento, al\u00e9m das unidades do Policiamento Rodovi\u00e1rio e Corpo de Bombeiros, tamb\u00e9m apoiaram na sinaliza\u00e7\u00e3o, as equipes da Concession\u00e1ria EIXO-SP.<\/p>\n<p style=\"text-align: justify;\">Fonte: Pol\u00edcia Rodovi\u00e1ria<\/p>\n","protected":false},"excerpt":{"rendered":"<p>Acidente foi registrado pela SP 425 \u2013 Rodovia Assis Chateaubriand, km 422,100, pelo munic\u00edpio de Martin\u00f3polis. O Policiamento Rodovi\u00e1rio atendeu na tarde desta quinta-feira (09), uma ocorr\u00eancia de acidente de tr\u00e2nsito com v\u00edtima, do tipo colis\u00e3o transversal. Os ve\u00edculos, um conjunto de transporte de Carga (Scania\/G420 \u2013 Vermelha e dois semi-reboques), de Apucarana\/PR, carregado com [&hellip;]<\/p>\n","protected":false},"author":1,"featured_media":30433,"comment_status":"closed","ping_status":"open","sticky":false,"template":"","format":"standard","meta":{"footnotes":""},"categories":[170,110],"tags":[],"class_list":["post-30432","post","type-post","status-publish","format-standard","has-post-thumbnail","hentry","category-acidentes","category-noticiasdestaque"],"_links":{"self":[{"href":"https:\/\/jorgezanoni.com.br\/2019\/wp-json\/wp\/v2\/posts\/30432","targetHints":{"allow":["GET"]}}],"collection":[{"href":"https:\/\/jorgezanoni.com.br\/2019\/wp-json\/wp\/v2\/posts"}],"about":[{"href":"https:\/\/jorgezanoni.com.br\/2019\/wp-json\/wp\/v2\/types\/post"}],"author":[{"embeddable":true,"href":"https:\/\/jorgezanoni.com.br\/2019\/wp-json\/wp\/v2\/users\/1"}],"replies":[{"embeddable":true,"href":"https:\/\/jorgezanoni.com.br\/2019\/wp-json\/wp\/v2\/comments?post=30432"}],"version-history":[{"count":0,"href":"https:\/\/jorgezanoni.com.br\/2019\/wp-json\/wp\/v2\/posts\/30432\/revisions"}],"wp:featuredmedia":[{"embeddable":true,"href":"https:\/\/jorgezanoni.com.br\/2019\/wp-json\/wp\/v2\/media\/30433"}],"wp:attachment":[{"href":"https:\/\/jorgezanoni.com.br\/2019\/wp-json\/wp\/v2\/media?parent=30432"}],"wp:term":[{"taxonomy":"category","embeddable":true,"href":"https:\/\/jorgezanoni.com.br\/2019\/wp-json\/wp\/v2\/categories?post=30432"},{"taxonomy":"post_tag","embeddable":true,"href":"https:\/\/jorgezanoni.com.br\/2019\/wp-json\/wp\/v2\/tags?post=30432"}],"curies":[{"name":"wp","href":"https:\/\/api.w.org\/{rel}","templated":true}]}}