{"id":3038,"date":"2019-08-05T18:03:23","date_gmt":"2019-08-05T18:03:23","guid":{"rendered":"https:\/\/jorgezanoni.com.br\/2019\/?p=3038"},"modified":"2019-08-05T18:03:23","modified_gmt":"2019-08-05T18:03:23","slug":"colisao-entre-moto-e-biz-aconteceu-hoje-proximo-a-dracena-na-sp-294","status":"publish","type":"post","link":"https:\/\/jorgezanoni.com.br\/2019\/colisao-entre-moto-e-biz-aconteceu-hoje-proximo-a-dracena-na-sp-294\/","title":{"rendered":"Colis\u00e3o entre Moto e Biz, aconteceu hoje pr\u00f3ximo \u00e0 Dracena na SP-294"},"content":{"rendered":"<p style=\"text-align: justify;\"><strong>Em local de quatro pistas, homem e mulher ficam feridos ap\u00f3s baterem motos em rodovia.<\/strong><\/p>\n<p><img loading=\"lazy\" decoding=\"async\" class=\"alignnone size-full wp-image-3040\" src=\"https:\/\/jorgezanoni.com.br\/2019\/wp-content\/uploads\/2019\/08\/moto3.jpg\" alt=\"\" width=\"938\" height=\"625\" srcset=\"https:\/\/jorgezanoni.com.br\/2019\/wp-content\/uploads\/2019\/08\/moto3.jpg 938w, https:\/\/jorgezanoni.com.br\/2019\/wp-content\/uploads\/2019\/08\/moto3-300x200.jpg 300w, https:\/\/jorgezanoni.com.br\/2019\/wp-content\/uploads\/2019\/08\/moto3-768x512.jpg 768w, https:\/\/jorgezanoni.com.br\/2019\/wp-content\/uploads\/2019\/08\/moto3-696x464.jpg 696w, https:\/\/jorgezanoni.com.br\/2019\/wp-content\/uploads\/2019\/08\/moto3-630x420.jpg 630w\" sizes=\"auto, (max-width: 938px) 100vw, 938px\" \/><\/p>\n<p style=\"text-align: justify;\">Por volta de 08:00 Horas desta segunda-feira (5), foi registrado um acidente entre uma motocicleta e uma biz, no Km. 677+700 em Dracena, no trecho entre a balan\u00e7a do DER e a rotat\u00f3ria do parque Dracena.<\/p>\n<p style=\"text-align: justify;\">Segundo informa\u00e7\u00f5es obtidas pela reportagem do Site JZ, colidiram lateralmente a moto placa de Irapuru pilotada pelo homem e a biz placa de Dracena conduzida por uma mulher. Os dois faziam o sentido Junqueir\u00f3polis a Dracena.<\/p>\n<p><img loading=\"lazy\" decoding=\"async\" class=\"alignnone size-full wp-image-3041\" src=\"https:\/\/jorgezanoni.com.br\/2019\/wp-content\/uploads\/2019\/08\/moto.jpg\" alt=\"\" width=\"988\" height=\"541\" srcset=\"https:\/\/jorgezanoni.com.br\/2019\/wp-content\/uploads\/2019\/08\/moto.jpg 988w, https:\/\/jorgezanoni.com.br\/2019\/wp-content\/uploads\/2019\/08\/moto-300x164.jpg 300w, https:\/\/jorgezanoni.com.br\/2019\/wp-content\/uploads\/2019\/08\/moto-768x421.jpg 768w, https:\/\/jorgezanoni.com.br\/2019\/wp-content\/uploads\/2019\/08\/moto-696x381.jpg 696w, https:\/\/jorgezanoni.com.br\/2019\/wp-content\/uploads\/2019\/08\/moto-767x420.jpg 767w\" sizes=\"auto, (max-width: 988px) 100vw, 988px\" \/><\/p>\n<p style=\"text-align: justify;\">Os dois acabaram sendo socorridos por uma Ambul\u00e2ncia e pela Unidade do Corpo de Bombeiros de Dracena, com ferimentos leves, somente escoria\u00e7\u00f5es, e j\u00e1 foram liberados.<\/p>\n<p><img loading=\"lazy\" decoding=\"async\" class=\"alignnone size-full wp-image-3042\" src=\"https:\/\/jorgezanoni.com.br\/2019\/wp-content\/uploads\/2019\/08\/moto1.jpg\" alt=\"\" width=\"1032\" height=\"774\" srcset=\"https:\/\/jorgezanoni.com.br\/2019\/wp-content\/uploads\/2019\/08\/moto1.jpg 1032w, https:\/\/jorgezanoni.com.br\/2019\/wp-content\/uploads\/2019\/08\/moto1-300x225.jpg 300w, https:\/\/jorgezanoni.com.br\/2019\/wp-content\/uploads\/2019\/08\/moto1-768x576.jpg 768w, https:\/\/jorgezanoni.com.br\/2019\/wp-content\/uploads\/2019\/08\/moto1-1024x768.jpg 1024w, https:\/\/jorgezanoni.com.br\/2019\/wp-content\/uploads\/2019\/08\/moto1-80x60.jpg 80w, https:\/\/jorgezanoni.com.br\/2019\/wp-content\/uploads\/2019\/08\/moto1-265x198.jpg 265w, https:\/\/jorgezanoni.com.br\/2019\/wp-content\/uploads\/2019\/08\/moto1-696x522.jpg 696w, https:\/\/jorgezanoni.com.br\/2019\/wp-content\/uploads\/2019\/08\/moto1-560x420.jpg 560w\" sizes=\"auto, (max-width: 1032px) 100vw, 1032px\" \/><\/p>\n<p style=\"text-align: justify;\">A Pol\u00edcia Militar Rodovi\u00e1ria esteve no local e a Pol\u00edcia T\u00e9cnica dever\u00e1 apontar as causas do acidente. Funcion\u00e1rios da UBA (Unidade B\u00e1sica de Atendimento) controlaram o tr\u00e2nsito que teve duas pistas interditadas.<\/p>\n<p style=\"text-align: justify;\">Jorge Zanoni<\/p>\n<p>Fotos de Internauta<\/p>\n","protected":false},"excerpt":{"rendered":"<p>Em local de quatro pistas, homem e mulher ficam feridos ap\u00f3s baterem motos em rodovia. Por volta de 08:00 Horas desta segunda-feira (5), foi registrado um acidente entre uma motocicleta e uma biz, no Km. 677+700 em Dracena, no trecho entre a balan\u00e7a do DER e a rotat\u00f3ria do parque Dracena. Segundo informa\u00e7\u00f5es obtidas pela [&hellip;]<\/p>\n","protected":false},"author":1,"featured_media":3043,"comment_status":"closed","ping_status":"open","sticky":false,"template":"","format":"standard","meta":{"footnotes":""},"categories":[170,110,1],"tags":[],"class_list":["post-3038","post","type-post","status-publish","format-standard","has-post-thumbnail","hentry","category-acidentes","category-noticiasdestaque","category-uncategorized"],"_links":{"self":[{"href":"https:\/\/jorgezanoni.com.br\/2019\/wp-json\/wp\/v2\/posts\/3038","targetHints":{"allow":["GET"]}}],"collection":[{"href":"https:\/\/jorgezanoni.com.br\/2019\/wp-json\/wp\/v2\/posts"}],"about":[{"href":"https:\/\/jorgezanoni.com.br\/2019\/wp-json\/wp\/v2\/types\/post"}],"author":[{"embeddable":true,"href":"https:\/\/jorgezanoni.com.br\/2019\/wp-json\/wp\/v2\/users\/1"}],"replies":[{"embeddable":true,"href":"https:\/\/jorgezanoni.com.br\/2019\/wp-json\/wp\/v2\/comments?post=3038"}],"version-history":[{"count":0,"href":"https:\/\/jorgezanoni.com.br\/2019\/wp-json\/wp\/v2\/posts\/3038\/revisions"}],"wp:featuredmedia":[{"embeddable":true,"href":"https:\/\/jorgezanoni.com.br\/2019\/wp-json\/wp\/v2\/media\/3043"}],"wp:attachment":[{"href":"https:\/\/jorgezanoni.com.br\/2019\/wp-json\/wp\/v2\/media?parent=3038"}],"wp:term":[{"taxonomy":"category","embeddable":true,"href":"https:\/\/jorgezanoni.com.br\/2019\/wp-json\/wp\/v2\/categories?post=3038"},{"taxonomy":"post_tag","embeddable":true,"href":"https:\/\/jorgezanoni.com.br\/2019\/wp-json\/wp\/v2\/tags?post=3038"}],"curies":[{"name":"wp","href":"https:\/\/api.w.org\/{rel}","templated":true}]}}