{"id":30372,"date":"2020-07-10T00:30:02","date_gmt":"2020-07-10T00:30:02","guid":{"rendered":"https:\/\/jorgezanoni.com.br\/2019\/?p=30372"},"modified":"2020-07-10T00:31:27","modified_gmt":"2020-07-10T00:31:27","slug":"policia-militar-atraves-da-forca-tatica-estoura-laboratorio-de-trafico-e-apreende-grande-quantidade-de-drogas-e-prende-homem-em-dracena","status":"publish","type":"post","link":"https:\/\/jorgezanoni.com.br\/2019\/policia-militar-atraves-da-forca-tatica-estoura-laboratorio-de-trafico-e-apreende-grande-quantidade-de-drogas-e-prende-homem-em-dracena\/","title":{"rendered":"Pol\u00edcia Militar atrav\u00e9s da For\u00e7a T\u00e1tica estoura Laborat\u00f3rio de Tr\u00e1fico e apreende grande quantidade de Drogas e prende homem em Dracena"},"content":{"rendered":"<p style=\"text-align: justify;\"><strong>POL\u00cdCIA MILITAR, ATRAV\u00c9S DA FOR\u00c7A T\u00c1TICA DO 25\u00ba BPM\/I ESTOURA LABORAT\u00d3RIO DO TR\u00c1FICO EM DRACENA E APREENDE GRANDE QUANTIDADE DE DROGA<\/strong><\/p>\n<div id=\"fb-root\"><\/div>\n<p><script async=\"1\" defer=\"1\" crossorigin=\"anonymous\" src=\"https:\/\/connect.facebook.net\/en_US\/sdk.js#xfbml=1&amp;version=v7.0\" nonce=\"oBf0ufwh\"><\/script><\/p>\n<div class=\"fb-video\" data-href=\"https:\/\/www.facebook.com\/jorgezanonidracena\/videos\/3210501905679332\/\" data-width=\"696\">\n<blockquote cite=\"https:\/\/www.facebook.com\/jorgezanonidracena\/videos\/3210501905679332\/\" class=\"fb-xfbml-parse-ignore\"><p><a href=\"https:\/\/www.facebook.com\/jorgezanonidracena\/videos\/3210501905679332\/\">Homem de 34 anos \u00e9 preso com mais de 130 Kgs. de Droga em Dracena. Sub Tenente Finotti que comandou a opera\u00e7\u00e3o falou para o Site JZ.<\/a><\/p>\n<p>Homem de 34 anos \u00e9 preso com mais de 130 Kgs. de Droga em Dracena. Sub Tenente Finotti que comandou a opera\u00e7\u00e3o falou para o Site JZ.<\/p>\n<p>Posted by <a href=\"https:\/\/www.facebook.com\/jorgezanonidracena\/\">Jorge Zanoni<\/a> on Thursday, July 9, 2020<\/p><\/blockquote>\n<\/div>\n<p>Subtenente Finotti quando dava entrevista ao Site JZ<\/p>\n<p style=\"text-align: justify;\">Na tarde de hoje (09) por volta das 17h20min a For\u00e7a T\u00e1tica do 25\u00ba BPM\/I prendeu uma pessoa do sexo masculino de 34 anos, com grande quantidade de droga, na rua Ana Neri, Vila Correia em Dracena.<\/p>\n<p style=\"text-align: justify;\">A droga foi localizada em v\u00e1rios c\u00f4modos de uma resid\u00eancia, desabitada, que era usada como dep\u00f3sito para a mercadoria.<\/p>\n<p style=\"text-align: justify;\">Segundo as equipes de For\u00e7a T\u00e1tica, estavam em patrulhamento pelo local quando avistaram o indiv\u00edduo saindo da resid\u00eancia com uma sacola na m\u00e3o e ao ver a viatura mudou bruscamente de comportamento e correu para o interior do local, sendo rapidamente acompanhado pelos policiais militares.<\/p>\n<p style=\"text-align: justify;\">No local foram encontradas mais de 213 tabletes de Droga conhecida como Maconha, e ainda pe\u00e7as de Coca\u00edna, al\u00e9m de balan\u00e7as de precis\u00e3o, material para preparo e embalagens.<\/p>\n<p style=\"text-align: justify;\">Ap\u00f3s pesada na Delegacia Seccional, os 213 Tijolos totalizaram 131.350 Kg. de Maconha e<\/p>\n<p style=\"text-align: justify;\">Total de 213 tijolos com peso total de 131, 350 kg de maconha e 2 kg de Coca\u00edna.<\/p>\n<p style=\"text-align: justify;\">A opera\u00e7\u00e3o foi comandada pelo\u00a0Subtenente PM Adriano Finoti com apoio de diversas viaturas e policiais.<\/p>\n<p style=\"text-align: justify;\">O Traficante preso dever\u00e1 passar por audi\u00eancia de cust\u00f3dia amanh\u00e3 e dever\u00e1 ser enviado para algum pres\u00eddio da regi\u00e3o.<\/p>\n<p>Jorge Zanoni e Com. Social do 25\u00ba BPM\/I<\/p>\n<p><img loading=\"lazy\" decoding=\"async\" class=\"alignnone size-full wp-image-30380\" src=\"https:\/\/jorgezanoni.com.br\/2019\/wp-content\/uploads\/2020\/07\/IMG_4675-2-1.jpg\" alt=\"\" width=\"800\" height=\"481\" srcset=\"https:\/\/jorgezanoni.com.br\/2019\/wp-content\/uploads\/2020\/07\/IMG_4675-2-1.jpg 800w, https:\/\/jorgezanoni.com.br\/2019\/wp-content\/uploads\/2020\/07\/IMG_4675-2-1-300x180.jpg 300w, https:\/\/jorgezanoni.com.br\/2019\/wp-content\/uploads\/2020\/07\/IMG_4675-2-1-768x462.jpg 768w, https:\/\/jorgezanoni.com.br\/2019\/wp-content\/uploads\/2020\/07\/IMG_4675-2-1-696x418.jpg 696w, https:\/\/jorgezanoni.com.br\/2019\/wp-content\/uploads\/2020\/07\/IMG_4675-2-1-699x420.jpg 699w\" sizes=\"auto, (max-width: 800px) 100vw, 800px\" \/>Resid\u00eancia onde foi preso o traficante &#8211; Foto Jorge Zanoni<\/p>\n<p><img loading=\"lazy\" decoding=\"async\" class=\"alignnone size-full wp-image-30381\" src=\"https:\/\/jorgezanoni.com.br\/2019\/wp-content\/uploads\/2020\/07\/IMG_4676-2-1.jpg\" alt=\"\" width=\"900\" height=\"582\" srcset=\"https:\/\/jorgezanoni.com.br\/2019\/wp-content\/uploads\/2020\/07\/IMG_4676-2-1.jpg 900w, https:\/\/jorgezanoni.com.br\/2019\/wp-content\/uploads\/2020\/07\/IMG_4676-2-1-300x194.jpg 300w, https:\/\/jorgezanoni.com.br\/2019\/wp-content\/uploads\/2020\/07\/IMG_4676-2-1-768x497.jpg 768w, https:\/\/jorgezanoni.com.br\/2019\/wp-content\/uploads\/2020\/07\/IMG_4676-2-1-696x450.jpg 696w, https:\/\/jorgezanoni.com.br\/2019\/wp-content\/uploads\/2020\/07\/IMG_4676-2-1-649x420.jpg 649w\" sizes=\"auto, (max-width: 900px) 100vw, 900px\" \/>Resid\u00eancia onde foi preso o traficante &#8211; Foto Jorge Zanoni<\/p>\n<p><img loading=\"lazy\" decoding=\"async\" class=\"alignnone size-full wp-image-30382\" src=\"https:\/\/jorgezanoni.com.br\/2019\/wp-content\/uploads\/2020\/07\/IMG_4678-2-1.jpg\" alt=\"\" width=\"900\" height=\"548\" srcset=\"https:\/\/jorgezanoni.com.br\/2019\/wp-content\/uploads\/2020\/07\/IMG_4678-2-1.jpg 900w, https:\/\/jorgezanoni.com.br\/2019\/wp-content\/uploads\/2020\/07\/IMG_4678-2-1-300x183.jpg 300w, https:\/\/jorgezanoni.com.br\/2019\/wp-content\/uploads\/2020\/07\/IMG_4678-2-1-768x468.jpg 768w, https:\/\/jorgezanoni.com.br\/2019\/wp-content\/uploads\/2020\/07\/IMG_4678-2-1-696x424.jpg 696w, https:\/\/jorgezanoni.com.br\/2019\/wp-content\/uploads\/2020\/07\/IMG_4678-2-1-690x420.jpg 690w\" sizes=\"auto, (max-width: 900px) 100vw, 900px\" \/>Equipes que trabalharam na opera\u00e7\u00e3o. Foto Jorge Zanoni<\/p>\n<p><img loading=\"lazy\" decoding=\"async\" class=\"alignnone size-full wp-image-30383\" src=\"https:\/\/jorgezanoni.com.br\/2019\/wp-content\/uploads\/2020\/07\/IMG_4679-2-1.jpg\" alt=\"\" width=\"900\" height=\"574\" srcset=\"https:\/\/jorgezanoni.com.br\/2019\/wp-content\/uploads\/2020\/07\/IMG_4679-2-1.jpg 900w, https:\/\/jorgezanoni.com.br\/2019\/wp-content\/uploads\/2020\/07\/IMG_4679-2-1-300x191.jpg 300w, https:\/\/jorgezanoni.com.br\/2019\/wp-content\/uploads\/2020\/07\/IMG_4679-2-1-768x490.jpg 768w, https:\/\/jorgezanoni.com.br\/2019\/wp-content\/uploads\/2020\/07\/IMG_4679-2-1-696x444.jpg 696w, https:\/\/jorgezanoni.com.br\/2019\/wp-content\/uploads\/2020\/07\/IMG_4679-2-1-659x420.jpg 659w\" sizes=\"auto, (max-width: 900px) 100vw, 900px\" \/>Equipes que trabalharam na opera\u00e7\u00e3o. Foto Jorge Zanoni<\/p>\n<p><img loading=\"lazy\" decoding=\"async\" class=\"alignnone size-full wp-image-30384\" src=\"https:\/\/jorgezanoni.com.br\/2019\/wp-content\/uploads\/2020\/07\/IMG_4680-1.jpg\" alt=\"\" width=\"800\" height=\"600\" srcset=\"https:\/\/jorgezanoni.com.br\/2019\/wp-content\/uploads\/2020\/07\/IMG_4680-1.jpg 800w, https:\/\/jorgezanoni.com.br\/2019\/wp-content\/uploads\/2020\/07\/IMG_4680-1-300x225.jpg 300w, https:\/\/jorgezanoni.com.br\/2019\/wp-content\/uploads\/2020\/07\/IMG_4680-1-768x576.jpg 768w, https:\/\/jorgezanoni.com.br\/2019\/wp-content\/uploads\/2020\/07\/IMG_4680-1-80x60.jpg 80w, https:\/\/jorgezanoni.com.br\/2019\/wp-content\/uploads\/2020\/07\/IMG_4680-1-265x198.jpg 265w, https:\/\/jorgezanoni.com.br\/2019\/wp-content\/uploads\/2020\/07\/IMG_4680-1-696x522.jpg 696w, https:\/\/jorgezanoni.com.br\/2019\/wp-content\/uploads\/2020\/07\/IMG_4680-1-560x420.jpg 560w\" sizes=\"auto, (max-width: 800px) 100vw, 800px\" \/>Subtenente Finotti fala ao Site JZ. Foto Joge Zanoni<\/p>\n<p><img loading=\"lazy\" decoding=\"async\" class=\"alignnone size-full wp-image-30385\" src=\"https:\/\/jorgezanoni.com.br\/2019\/wp-content\/uploads\/2020\/07\/IMG_4681-1.jpg\" alt=\"\" width=\"800\" height=\"600\" srcset=\"https:\/\/jorgezanoni.com.br\/2019\/wp-content\/uploads\/2020\/07\/IMG_4681-1.jpg 800w, https:\/\/jorgezanoni.com.br\/2019\/wp-content\/uploads\/2020\/07\/IMG_4681-1-300x225.jpg 300w, https:\/\/jorgezanoni.com.br\/2019\/wp-content\/uploads\/2020\/07\/IMG_4681-1-768x576.jpg 768w, https:\/\/jorgezanoni.com.br\/2019\/wp-content\/uploads\/2020\/07\/IMG_4681-1-80x60.jpg 80w, https:\/\/jorgezanoni.com.br\/2019\/wp-content\/uploads\/2020\/07\/IMG_4681-1-265x198.jpg 265w, https:\/\/jorgezanoni.com.br\/2019\/wp-content\/uploads\/2020\/07\/IMG_4681-1-696x522.jpg 696w, https:\/\/jorgezanoni.com.br\/2019\/wp-content\/uploads\/2020\/07\/IMG_4681-1-560x420.jpg 560w\" sizes=\"auto, (max-width: 800px) 100vw, 800px\" \/>Subtenente Finotti fala ao Site JZ. Foto Joge Zanoni<\/p>\n<p><img loading=\"lazy\" decoding=\"async\" class=\"alignnone size-full wp-image-30386\" src=\"https:\/\/jorgezanoni.com.br\/2019\/wp-content\/uploads\/2020\/07\/droga.jpg\" alt=\"\" width=\"1280\" height=\"720\" srcset=\"https:\/\/jorgezanoni.com.br\/2019\/wp-content\/uploads\/2020\/07\/droga.jpg 1280w, https:\/\/jorgezanoni.com.br\/2019\/wp-content\/uploads\/2020\/07\/droga-300x169.jpg 300w, https:\/\/jorgezanoni.com.br\/2019\/wp-content\/uploads\/2020\/07\/droga-1024x576.jpg 1024w, https:\/\/jorgezanoni.com.br\/2019\/wp-content\/uploads\/2020\/07\/droga-768x432.jpg 768w, https:\/\/jorgezanoni.com.br\/2019\/wp-content\/uploads\/2020\/07\/droga-696x392.jpg 696w, https:\/\/jorgezanoni.com.br\/2019\/wp-content\/uploads\/2020\/07\/droga-1068x601.jpg 1068w, https:\/\/jorgezanoni.com.br\/2019\/wp-content\/uploads\/2020\/07\/droga-747x420.jpg 747w\" sizes=\"auto, (max-width: 1280px) 100vw, 1280px\" \/>Local onde as Drogas foram apreendidas. Foto Pol\u00edcia Militar\/Cedida<\/p>\n<p><img loading=\"lazy\" decoding=\"async\" class=\"alignnone size-full wp-image-30387\" src=\"https:\/\/jorgezanoni.com.br\/2019\/wp-content\/uploads\/2020\/07\/droga1.jpg\" alt=\"\" width=\"960\" height=\"1280\" srcset=\"https:\/\/jorgezanoni.com.br\/2019\/wp-content\/uploads\/2020\/07\/droga1.jpg 960w, https:\/\/jorgezanoni.com.br\/2019\/wp-content\/uploads\/2020\/07\/droga1-225x300.jpg 225w, https:\/\/jorgezanoni.com.br\/2019\/wp-content\/uploads\/2020\/07\/droga1-768x1024.jpg 768w, https:\/\/jorgezanoni.com.br\/2019\/wp-content\/uploads\/2020\/07\/droga1-696x928.jpg 696w, https:\/\/jorgezanoni.com.br\/2019\/wp-content\/uploads\/2020\/07\/droga1-315x420.jpg 315w\" sizes=\"auto, (max-width: 960px) 100vw, 960px\" \/>Local onde as Drogas foram apreendidas. Foto Pol\u00edcia Militar\/Cedida<\/p>\n<p><img loading=\"lazy\" decoding=\"async\" class=\"alignnone size-full wp-image-30388\" src=\"https:\/\/jorgezanoni.com.br\/2019\/wp-content\/uploads\/2020\/07\/droga2.jpg\" alt=\"\" width=\"1280\" height=\"960\" srcset=\"https:\/\/jorgezanoni.com.br\/2019\/wp-content\/uploads\/2020\/07\/droga2.jpg 1280w, https:\/\/jorgezanoni.com.br\/2019\/wp-content\/uploads\/2020\/07\/droga2-300x225.jpg 300w, https:\/\/jorgezanoni.com.br\/2019\/wp-content\/uploads\/2020\/07\/droga2-1024x768.jpg 1024w, https:\/\/jorgezanoni.com.br\/2019\/wp-content\/uploads\/2020\/07\/droga2-768x576.jpg 768w, https:\/\/jorgezanoni.com.br\/2019\/wp-content\/uploads\/2020\/07\/droga2-80x60.jpg 80w, https:\/\/jorgezanoni.com.br\/2019\/wp-content\/uploads\/2020\/07\/droga2-265x198.jpg 265w, https:\/\/jorgezanoni.com.br\/2019\/wp-content\/uploads\/2020\/07\/droga2-696x522.jpg 696w, https:\/\/jorgezanoni.com.br\/2019\/wp-content\/uploads\/2020\/07\/droga2-1068x801.jpg 1068w, https:\/\/jorgezanoni.com.br\/2019\/wp-content\/uploads\/2020\/07\/droga2-560x420.jpg 560w\" sizes=\"auto, (max-width: 1280px) 100vw, 1280px\" \/>Local onde as Drogas foram apreendidas. Foto Pol\u00edcia Militar\/Cedida<\/p>\n<p><img loading=\"lazy\" decoding=\"async\" class=\"alignnone size-full wp-image-30389\" src=\"https:\/\/jorgezanoni.com.br\/2019\/wp-content\/uploads\/2020\/07\/droga3.jpg\" alt=\"\" width=\"1280\" height=\"960\" srcset=\"https:\/\/jorgezanoni.com.br\/2019\/wp-content\/uploads\/2020\/07\/droga3.jpg 1280w, https:\/\/jorgezanoni.com.br\/2019\/wp-content\/uploads\/2020\/07\/droga3-300x225.jpg 300w, https:\/\/jorgezanoni.com.br\/2019\/wp-content\/uploads\/2020\/07\/droga3-1024x768.jpg 1024w, https:\/\/jorgezanoni.com.br\/2019\/wp-content\/uploads\/2020\/07\/droga3-768x576.jpg 768w, https:\/\/jorgezanoni.com.br\/2019\/wp-content\/uploads\/2020\/07\/droga3-80x60.jpg 80w, https:\/\/jorgezanoni.com.br\/2019\/wp-content\/uploads\/2020\/07\/droga3-265x198.jpg 265w, https:\/\/jorgezanoni.com.br\/2019\/wp-content\/uploads\/2020\/07\/droga3-696x522.jpg 696w, https:\/\/jorgezanoni.com.br\/2019\/wp-content\/uploads\/2020\/07\/droga3-1068x801.jpg 1068w, https:\/\/jorgezanoni.com.br\/2019\/wp-content\/uploads\/2020\/07\/droga3-560x420.jpg 560w\" sizes=\"auto, (max-width: 1280px) 100vw, 1280px\" \/>Local onde as Drogas foram apreendidas. Foto Pol\u00edcia Militar\/Cedida<\/p>\n<p>&nbsp;<\/p>\n","protected":false},"excerpt":{"rendered":"<p>POL\u00cdCIA MILITAR, ATRAV\u00c9S DA FOR\u00c7A T\u00c1TICA DO 25\u00ba BPM\/I ESTOURA LABORAT\u00d3RIO DO TR\u00c1FICO EM DRACENA E APREENDE GRANDE QUANTIDADE DE DROGA Homem de 34 anos \u00e9 preso com mais de 130 Kgs. de Droga em Dracena. Sub Tenente Finotti que comandou a opera\u00e7\u00e3o falou para o Site JZ. Homem de 34 anos \u00e9 preso com [&hellip;]<\/p>\n","protected":false},"author":1,"featured_media":30373,"comment_status":"closed","ping_status":"open","sticky":false,"template":"","format":"video","meta":{"footnotes":""},"categories":[110,2,169],"tags":[],"class_list":["post-30372","post","type-post","status-publish","format-video","has-post-thumbnail","hentry","category-noticiasdestaque","category-policial","category-videos","post_format-post-format-video"],"_links":{"self":[{"href":"https:\/\/jorgezanoni.com.br\/2019\/wp-json\/wp\/v2\/posts\/30372","targetHints":{"allow":["GET"]}}],"collection":[{"href":"https:\/\/jorgezanoni.com.br\/2019\/wp-json\/wp\/v2\/posts"}],"about":[{"href":"https:\/\/jorgezanoni.com.br\/2019\/wp-json\/wp\/v2\/types\/post"}],"author":[{"embeddable":true,"href":"https:\/\/jorgezanoni.com.br\/2019\/wp-json\/wp\/v2\/users\/1"}],"replies":[{"embeddable":true,"href":"https:\/\/jorgezanoni.com.br\/2019\/wp-json\/wp\/v2\/comments?post=30372"}],"version-history":[{"count":0,"href":"https:\/\/jorgezanoni.com.br\/2019\/wp-json\/wp\/v2\/posts\/30372\/revisions"}],"wp:featuredmedia":[{"embeddable":true,"href":"https:\/\/jorgezanoni.com.br\/2019\/wp-json\/wp\/v2\/media\/30373"}],"wp:attachment":[{"href":"https:\/\/jorgezanoni.com.br\/2019\/wp-json\/wp\/v2\/media?parent=30372"}],"wp:term":[{"taxonomy":"category","embeddable":true,"href":"https:\/\/jorgezanoni.com.br\/2019\/wp-json\/wp\/v2\/categories?post=30372"},{"taxonomy":"post_tag","embeddable":true,"href":"https:\/\/jorgezanoni.com.br\/2019\/wp-json\/wp\/v2\/tags?post=30372"}],"curies":[{"name":"wp","href":"https:\/\/api.w.org\/{rel}","templated":true}]}}