{"id":30363,"date":"2020-07-09T15:31:15","date_gmt":"2020-07-09T15:31:15","guid":{"rendered":"https:\/\/jorgezanoni.com.br\/2019\/?p=30363"},"modified":"2020-07-09T15:32:18","modified_gmt":"2020-07-09T15:32:18","slug":"30363","status":"publish","type":"post","link":"https:\/\/jorgezanoni.com.br\/2019\/30363\/","title":{"rendered":"Centro Acad\u00eamico convida para a II Jornada das Ligas Acad\u00eamicas da Medicina de Dracena"},"content":{"rendered":"<p dir=\"ltr\"><strong>O evento ser\u00e1 voltado para profissionais e estudantes da \u00e1rea da Sa\u00fade.<\/strong><\/p>\n<p dir=\"ltr\" style=\"text-align: justify;\">O Centro Acad\u00eamico de Medicina de Dracena (CAMDRA) convida para a II Jornada das Ligas Acad\u00eamicas da Medicina, realizada em parceria com as ligas acad\u00eamicas de Dracena, de 7 a 10 de julho, das 18h \u00e0s 21h. O evento ser\u00e1 realizado ao vivo, de forma on-line, utilizando o Google Meet. O evento, que \u00e9 gratuito, tem vagas limitadas e oferecer\u00e1 certifica\u00e7\u00e3o.<br \/>\nAs ligas de Dracena participantes ser\u00e3o: Cl\u00ednica M\u00e9dica, Neurologia, Dermatologia, Patologia, Cirurgia e Ortopedia.<\/p>\n<p dir=\"ltr\" style=\"text-align: justify;\">Segue a programa\u00e7\u00e3o:<\/p>\n<p dir=\"ltr\" style=\"text-align: justify;\">Dia 07 de julho:<\/p>\n<p dir=\"ltr\" style=\"text-align: justify;\">18h45 &#8211; Sa\u00fade P\u00fablica no Brasil &#8211; Dra. Maria Inez Gadelha, oncologista &#8211; Secret\u00e1ria de Aten\u00e7\u00e3o Especializada em Sa\u00fade, diretamente do Minist\u00e9rio da Sa\u00fade para nosso evento<\/p>\n<p dir=\"ltr\" style=\"text-align: justify;\">20h30 &#8211; Como atrasar o rel\u00f3gio biol\u00f3gico? &#8211;\u00a0 Profa. Dra. Marilda Morgado de Abreu &#8211; m\u00e9dica dermatologista<\/p>\n<p dir=\"ltr\" style=\"text-align: justify;\">Dia 08 de julho:<\/p>\n<p dir=\"ltr\" style=\"text-align: justify;\">18h &#8211; Abordagem ambulatorial das cefaleias &#8211; Prof. Esp. Carlos Alberto dos Santos Filho, m\u00e9dico neurocirurgi\u00e3o<\/p>\n<p dir=\"ltr\" style=\"text-align: justify;\">19h30 &#8211; Principais abordagens da cirurgia rob\u00f3tica: mudan\u00e7a de paradigma &#8211; Profa. Esp. Aline Damasceno, m\u00e9dica cirurgi\u00e3 geral<\/p>\n<p dir=\"ltr\" style=\"text-align: justify;\">Dia 09 de julho:<\/p>\n<p dir=\"ltr\" style=\"text-align: justify;\">18h &#8211; Les\u00f5es esportivas: Corrida x Cross Fit &#8211; Prof. Esp. Marcelo Valentim Mansano, m\u00e9dico ortopedista<\/p>\n<p dir=\"ltr\" style=\"text-align: justify;\">19h30 &#8211; Abordagem inicial da s\u00edncope &#8211; Prof. Esp. Jos\u00e9 Reis, m\u00e9dico cardiologista<\/p>\n<p dir=\"ltr\" style=\"text-align: justify;\">Dia 10 de julho:<\/p>\n<p dir=\"ltr\" style=\"text-align: justify;\">18h &#8211; Capacita\u00e7\u00e3o: aspectos imunol\u00f3gicos da Covid-19 &#8211; Dra. B\u00e1rbara Csordas, m\u00e9dica imunologista &#8211; UFPB<\/p>\n<p dir=\"ltr\" style=\"text-align: justify;\">19h30 &#8211; Candida albicans e a rela\u00e7\u00e3o pat\u00f3geno-hospedeiro: uma abordagem etiol\u00f3gica e terap\u00eautica &#8211; Profa. Dra. Nara Martins de Almeida, m\u00e9dica patologista<\/p>\n<p dir=\"ltr\" style=\"text-align: justify;\">Dia 11 de julho:<\/p>\n<p dir=\"ltr\" style=\"text-align: justify;\">08h &#8211; Pr\u00e9-natal e a consulta pr\u00e9-concepcional: novos cuidados em tempos de Covid-19 &#8211; Profa. Esp. Luci Carla Pereira Cuchereave, m\u00e9dica ginecologista e obstetra<\/p>\n<p dir=\"ltr\" style=\"text-align: justify;\">09h &#8211; Crian\u00e7a maltratada: aspectos m\u00e9dico-legais &#8211; Prof. Esp. Sidney Estrela Balbo, m\u00e9dico perito, diretor do IML de Presidente Prudente<\/p>\n<p dir=\"ltr\" style=\"text-align: justify;\">Mais informa\u00e7\u00f5es: <a href=\"mailto:cameddracena@gmail.com\" rel=\"noreferrer\">cameddracena@gmail.com<\/a> ou pelo Instagram @cambradracena .<br \/>\nInscri\u00e7\u00f5es pelo link: <a href=\"https:\/\/www.even3.com.br\/jornadadasligasdamedicinadedracena2020\/\" target=\"_blank\" rel=\"noopener noreferrer\">https:\/\/www.even3.com.br\/jornadadasligasdamedicinadedracena2020\/<\/a><\/p>\n<p style=\"text-align: justify;\"><b>Carolina Colnago<\/b><\/p>\n<div class=\"gmail_signature\" dir=\"ltr\">\n<div dir=\"ltr\" style=\"text-align: justify;\"><b>Assistente de Comunica\u00e7\u00e3o\u00a0<\/b><br \/>\n<b>Funda\u00e7\u00e3o Dracenense de Educa\u00e7\u00e3o e Cultura<\/b><\/div>\n<\/div>\n","protected":false},"excerpt":{"rendered":"<p>O evento ser\u00e1 voltado para profissionais e estudantes da \u00e1rea da Sa\u00fade. O Centro Acad\u00eamico de Medicina de Dracena (CAMDRA) convida para a II Jornada das Ligas Acad\u00eamicas da Medicina, realizada em parceria com as ligas acad\u00eamicas de Dracena, de 7 a 10 de julho, das 18h \u00e0s 21h. O evento ser\u00e1 realizado ao vivo, [&hellip;]<\/p>\n","protected":false},"author":1,"featured_media":30364,"comment_status":"closed","ping_status":"open","sticky":false,"template":"","format":"standard","meta":{"footnotes":""},"categories":[114,122],"tags":[],"class_list":["post-30363","post","type-post","status-publish","format-standard","has-post-thumbnail","hentry","category-geralecomercio","category-saudeeducacaoeconcurso"],"_links":{"self":[{"href":"https:\/\/jorgezanoni.com.br\/2019\/wp-json\/wp\/v2\/posts\/30363","targetHints":{"allow":["GET"]}}],"collection":[{"href":"https:\/\/jorgezanoni.com.br\/2019\/wp-json\/wp\/v2\/posts"}],"about":[{"href":"https:\/\/jorgezanoni.com.br\/2019\/wp-json\/wp\/v2\/types\/post"}],"author":[{"embeddable":true,"href":"https:\/\/jorgezanoni.com.br\/2019\/wp-json\/wp\/v2\/users\/1"}],"replies":[{"embeddable":true,"href":"https:\/\/jorgezanoni.com.br\/2019\/wp-json\/wp\/v2\/comments?post=30363"}],"version-history":[{"count":0,"href":"https:\/\/jorgezanoni.com.br\/2019\/wp-json\/wp\/v2\/posts\/30363\/revisions"}],"wp:featuredmedia":[{"embeddable":true,"href":"https:\/\/jorgezanoni.com.br\/2019\/wp-json\/wp\/v2\/media\/30364"}],"wp:attachment":[{"href":"https:\/\/jorgezanoni.com.br\/2019\/wp-json\/wp\/v2\/media?parent=30363"}],"wp:term":[{"taxonomy":"category","embeddable":true,"href":"https:\/\/jorgezanoni.com.br\/2019\/wp-json\/wp\/v2\/categories?post=30363"},{"taxonomy":"post_tag","embeddable":true,"href":"https:\/\/jorgezanoni.com.br\/2019\/wp-json\/wp\/v2\/tags?post=30363"}],"curies":[{"name":"wp","href":"https:\/\/api.w.org\/{rel}","templated":true}]}}