{"id":3035,"date":"2019-08-05T16:22:56","date_gmt":"2019-08-05T16:22:56","guid":{"rendered":"https:\/\/jorgezanoni.com.br\/2019\/?p=3035"},"modified":"2019-08-05T16:23:24","modified_gmt":"2019-08-05T16:23:24","slug":"confira-o-plantao-policial-das-ultimas-horas-05-08-19","status":"publish","type":"post","link":"https:\/\/jorgezanoni.com.br\/2019\/confira-o-plantao-policial-das-ultimas-horas-05-08-19\/","title":{"rendered":"Confira o Plant\u00e3o Policial das \u00faltimas Horas 05\/08\/19"},"content":{"rendered":"<p style=\"text-align: justify;\"><strong>HOMEM \u00c9 PRESO EM FLAGRANTE PELA POL\u00cdCIA MILITAR DE OSVALDO CRUZ\/SP, POR IMPORTUNA\u00c7\u00c3O SEXUAL.<\/strong><\/p>\n<p style=\"text-align: justify;\">Tentativa de Estupro \u2013 Flagrante<\/p>\n<p style=\"text-align: justify;\">Data: 02AGO19\u00e0s21h55min.<\/p>\n<p style=\"text-align: justify;\">Endere\u00e7o: Rua Fernando Costa \u2013 Osvaldo Cruz\/SP.<\/p>\n<p style=\"text-align: justify;\">Autor: Y.P.A.<\/p>\n<p style=\"text-align: justify;\">V\u00edtima 01: T.C.F.M.<\/p>\n<p style=\"text-align: justify;\">V\u00edtima 02: Y.A.S.<\/p>\n<p style=\"text-align: justify;\">Na noite de sexta-feira (02), por volta das 21h52min, ap\u00f3s informa\u00e7\u00f5es via COPOM de que uma pessoa gritava socorro, policiais militares fizeram contato com a primeira v\u00edtima (T.C.F.M.)que ao chegar em casa e abrir o port\u00e3o, um indiv\u00edduo tentou agarra-la e mediante for\u00e7a f\u00edsica a puxava e passava as m\u00e3os nas partes \u00edntimas da v\u00edtima que come\u00e7ou a gritar fazendo com que o criminoso se evadisse. Em posse das caracter\u00edsticas f\u00edsicas e vestes do infrator, os militares lograram \u00eaxito em identificar e abordar Y.P.A. que foi localizado encaminhando pela linha f\u00e9rrea atr\u00e1s do pr\u00e9dio da UPA e mesmo resistindo a abordagem, individuo foi detido, na sequ\u00eancia, outra v\u00edtima acionou a viatura da Pol\u00edcia Militar (Y.A.S.) informando que foi assediada por uma pessoa quando caminhava com sua m\u00e3e nas proximidades da antiga Fepasa e sendo apresentado o indiv\u00edduo Y.P.A. para as duas v\u00edtimas, indiv\u00edduo foi reconhecido de imediato recebendo voz de pris\u00e3o em flagrante delito pelo crime de importuna\u00e7\u00e3o sexual.<\/p>\n<p style=\"text-align: justify;\"><strong>AP\u00d3S DEN\u00daNCIA, POL\u00cdCIA MILITAR CUMPRE MANDADO DE PRIS\u00c3O EM SALMOUR\u00c3O\/SP.<\/strong><\/p>\n<p style=\"text-align: justify;\">Mandado de Pris\u00e3o.<\/p>\n<p style=\"text-align: justify;\">Data: 02AGO19\u00e0s18h54min.<\/p>\n<p style=\"text-align: justify;\">Endere\u00e7o: Rua Azaleia \u2013 Salmour\u00e3o\/SP.<\/p>\n<p style=\"text-align: justify;\">Autor: J.A.<\/p>\n<p style=\"text-align: justify;\">No in\u00edcio da noite desta sexta-feira (02), por volta das 18h54min, os Policiais Militares de Salmour\u00e3o, ap\u00f3s receberem uma den\u00fancia an\u00f4nima, dizendo que pelo vel\u00f3rio municipal se encontrava um homem e que contraele havia um mandado de pris\u00e3o preventiva, os policiais realizaram patrulhamento e pr\u00f3ximo ao local dosfatos avistaram o mesmo no interior do ve\u00edculo, onde foi abordado e conduzido a delegacia, permanecendo a disposi\u00e7\u00e3o da justi\u00e7a.<\/p>\n<p style=\"text-align: justify;\"><strong>HOMEM \u00c9 PRESO EM FLAGRANTE PELA POL\u00cdCIA MILITAR, AP\u00d3S FURTAR CELULAR EM FLORA RICA\/SP. <\/strong><\/p>\n<p style=\"text-align: justify;\">Furto de celular \u2013 Flagrante<\/p>\n<p style=\"text-align: justify;\">Data: 03AGO19\u00e0s10h43min.<\/p>\n<p style=\"text-align: justify;\">Endere\u00e7o: Rua Octaciano Pereira de Andrade &#8211; Centro \u2013 Flora Rica\/SP.<\/p>\n<p style=\"text-align: justify;\">Autor: C.A.C.<\/p>\n<p style=\"text-align: justify;\">V\u00edtima: P.A.<\/p>\n<p style=\"text-align: justify;\">No dia 03\/08, por volta das 10h43min, os Policiais Militares de Flora Rica, foram acionados via Copom para atendimento de ocorr\u00eancia de furto de celular. No local, a v\u00edtima P.A., informou que seu companheiro chegou na resid\u00eancia acompanhado do autor C.A.C.,e permaneceram na cozinha onde estavam dois aparelhos de celulares em cima de uma mesa e que logo ap\u00f3s o autor ir embora, a v\u00edtima foi at\u00e9 a mesa para pegar um dos aparelhos e verificou que um havia sido subtra\u00eddo. Com as caracter\u00edsticas do autor, os policiais iniciaram patrulhamento e lograram \u00eaxito em localizar o mesmo em sua resid\u00eancia, onde foi abordado e realizada busca domiciliar, sendo encontrado o celular atr\u00e1s da c\u00f4moda de um dos quartos. Foi dada voz de pris\u00e3o ao autor que foi conduzido at\u00e9 a delegacia onde permaneceu preso \u00e0 disposi\u00e7\u00e3o da justi\u00e7a.<\/p>\n<p style=\"text-align: justify;\"><strong>POL\u00cdCIA MILITAR APREENDE OBJETO ARTESANAL QUE PODERIA SER UTILIZADO COMO ARMA DE FOGO EM JUNQUEIR\u00d3POLIS\/SP. <\/strong><\/p>\n<p style=\"text-align: justify;\">Apreens\u00e3o de Arma de fogo (fabrica\u00e7\u00e3o artesanal).<\/p>\n<p style=\"text-align: justify;\">Data: 04AGO19\u00e0s 08h47min.<\/p>\n<p style=\"text-align: justify;\">Endere\u00e7o: R. General Os\u00f3rio \u2013 centro &#8211; Junqueir\u00f3polis\/SP.<\/p>\n<p style=\"text-align: justify;\">Testemunha: A.R.O.<\/p>\n<p style=\"text-align: justify;\">Apreens\u00f5es: 02 (dois) objetos artesanais (armas) e muni\u00e7\u00f5es de calibre 12 e 38.<\/p>\n<p style=\"text-align: justify;\">Na manh\u00e3 do dia 04\/08, por volta das 08h47min, compareceu na sede do Pelot\u00e3o de Junqueir\u00f3polis\/, o A.R.O., informando aos Policiais que a cerca de cinco anos na cidade de Nova Londrina\/PR, fabricou dois objetos artesanais que cal\u00e7am muni\u00e7\u00f5es de calibre 12 e 38, sendo que poderia ser usada como arma de fogo. Diante dessa informa\u00e7\u00e3o, os policiais foram juntamente com a testemunha at\u00e9 a resid\u00eancia, onde localizaram e apreenderam tais objetos que foram encaminhados a delegacia para serem periciados.<\/p>\n<p style=\"text-align: justify;\">Fonte: Comunica\u00e7\u00e3o Social Pol\u00edcia Militar 25\u00ba BPM\/I<\/p>\n","protected":false},"excerpt":{"rendered":"<p>HOMEM \u00c9 PRESO EM FLAGRANTE PELA POL\u00cdCIA MILITAR DE OSVALDO CRUZ\/SP, POR IMPORTUNA\u00c7\u00c3O SEXUAL. Tentativa de Estupro \u2013 Flagrante Data: 02AGO19\u00e0s21h55min. Endere\u00e7o: Rua Fernando Costa \u2013 Osvaldo Cruz\/SP. Autor: Y.P.A. V\u00edtima 01: T.C.F.M. V\u00edtima 02: Y.A.S. Na noite de sexta-feira (02), por volta das 21h52min, ap\u00f3s informa\u00e7\u00f5es via COPOM de que uma pessoa gritava socorro, [&hellip;]<\/p>\n","protected":false},"author":1,"featured_media":3036,"comment_status":"closed","ping_status":"open","sticky":false,"template":"","format":"standard","meta":{"footnotes":""},"categories":[110,2],"tags":[],"class_list":["post-3035","post","type-post","status-publish","format-standard","has-post-thumbnail","hentry","category-noticiasdestaque","category-policial"],"_links":{"self":[{"href":"https:\/\/jorgezanoni.com.br\/2019\/wp-json\/wp\/v2\/posts\/3035","targetHints":{"allow":["GET"]}}],"collection":[{"href":"https:\/\/jorgezanoni.com.br\/2019\/wp-json\/wp\/v2\/posts"}],"about":[{"href":"https:\/\/jorgezanoni.com.br\/2019\/wp-json\/wp\/v2\/types\/post"}],"author":[{"embeddable":true,"href":"https:\/\/jorgezanoni.com.br\/2019\/wp-json\/wp\/v2\/users\/1"}],"replies":[{"embeddable":true,"href":"https:\/\/jorgezanoni.com.br\/2019\/wp-json\/wp\/v2\/comments?post=3035"}],"version-history":[{"count":0,"href":"https:\/\/jorgezanoni.com.br\/2019\/wp-json\/wp\/v2\/posts\/3035\/revisions"}],"wp:featuredmedia":[{"embeddable":true,"href":"https:\/\/jorgezanoni.com.br\/2019\/wp-json\/wp\/v2\/media\/3036"}],"wp:attachment":[{"href":"https:\/\/jorgezanoni.com.br\/2019\/wp-json\/wp\/v2\/media?parent=3035"}],"wp:term":[{"taxonomy":"category","embeddable":true,"href":"https:\/\/jorgezanoni.com.br\/2019\/wp-json\/wp\/v2\/categories?post=3035"},{"taxonomy":"post_tag","embeddable":true,"href":"https:\/\/jorgezanoni.com.br\/2019\/wp-json\/wp\/v2\/tags?post=3035"}],"curies":[{"name":"wp","href":"https:\/\/api.w.org\/{rel}","templated":true}]}}