{"id":30332,"date":"2020-07-09T13:12:12","date_gmt":"2020-07-09T13:12:12","guid":{"rendered":"https:\/\/jorgezanoni.com.br\/2019\/?p=30332"},"modified":"2020-07-09T13:12:12","modified_gmt":"2020-07-09T13:12:12","slug":"reclamacao-da-populacao-buraco-em-rua-movimentada-causa-transtorno-a-moradores","status":"publish","type":"post","link":"https:\/\/jorgezanoni.com.br\/2019\/reclamacao-da-populacao-buraco-em-rua-movimentada-causa-transtorno-a-moradores\/","title":{"rendered":"Reclama\u00e7\u00e3o da Popula\u00e7\u00e3o: Buraco em rua movimentada causa transtorno a moradores"},"content":{"rendered":"<p style=\"text-align: justify;\">Moradores da Rua S\u00e3o Paulo pr\u00f3ximo da esquina com a Rua Duque de Caxias reclamam de crateras aberta na rua sem provid\u00eancia por parte da administra\u00e7\u00e3o.<\/p>\n<p style=\"text-align: justify;\">Segundo disse um morador das imedia\u00e7\u00f5es, um ve\u00edculo de Ouro Verde que estava estacionado teve o para brisas quebrado por conta de pedras que sa\u00edram dos buracos.<\/p>\n<p style=\"text-align: justify;\">Pedem que a EMDAEP que \u00e9 o \u00f3rg\u00e3o respons\u00e1vel, d\u00ea uma passada com urg\u00eancia pelo local,\u00a0 e repare o problema, antes que outros ve\u00edculos ou pessoas possam ser atingidos.<\/p>\n<p><img loading=\"lazy\" decoding=\"async\" class=\"alignnone size-full wp-image-30333\" src=\"https:\/\/jorgezanoni.com.br\/2019\/wp-content\/uploads\/2020\/07\/IMG_4608.jpg\" alt=\"\" width=\"800\" height=\"600\" srcset=\"https:\/\/jorgezanoni.com.br\/2019\/wp-content\/uploads\/2020\/07\/IMG_4608.jpg 800w, https:\/\/jorgezanoni.com.br\/2019\/wp-content\/uploads\/2020\/07\/IMG_4608-300x225.jpg 300w, https:\/\/jorgezanoni.com.br\/2019\/wp-content\/uploads\/2020\/07\/IMG_4608-768x576.jpg 768w, https:\/\/jorgezanoni.com.br\/2019\/wp-content\/uploads\/2020\/07\/IMG_4608-80x60.jpg 80w, https:\/\/jorgezanoni.com.br\/2019\/wp-content\/uploads\/2020\/07\/IMG_4608-265x198.jpg 265w, https:\/\/jorgezanoni.com.br\/2019\/wp-content\/uploads\/2020\/07\/IMG_4608-696x522.jpg 696w, https:\/\/jorgezanoni.com.br\/2019\/wp-content\/uploads\/2020\/07\/IMG_4608-560x420.jpg 560w\" sizes=\"auto, (max-width: 800px) 100vw, 800px\" \/> <img loading=\"lazy\" decoding=\"async\" class=\"alignnone size-full wp-image-30335\" src=\"https:\/\/jorgezanoni.com.br\/2019\/wp-content\/uploads\/2020\/07\/IMG_4610.jpg\" alt=\"\" width=\"800\" height=\"600\" srcset=\"https:\/\/jorgezanoni.com.br\/2019\/wp-content\/uploads\/2020\/07\/IMG_4610.jpg 800w, https:\/\/jorgezanoni.com.br\/2019\/wp-content\/uploads\/2020\/07\/IMG_4610-300x225.jpg 300w, https:\/\/jorgezanoni.com.br\/2019\/wp-content\/uploads\/2020\/07\/IMG_4610-768x576.jpg 768w, https:\/\/jorgezanoni.com.br\/2019\/wp-content\/uploads\/2020\/07\/IMG_4610-80x60.jpg 80w, https:\/\/jorgezanoni.com.br\/2019\/wp-content\/uploads\/2020\/07\/IMG_4610-265x198.jpg 265w, https:\/\/jorgezanoni.com.br\/2019\/wp-content\/uploads\/2020\/07\/IMG_4610-696x522.jpg 696w, https:\/\/jorgezanoni.com.br\/2019\/wp-content\/uploads\/2020\/07\/IMG_4610-560x420.jpg 560w\" sizes=\"auto, (max-width: 800px) 100vw, 800px\" \/> <img loading=\"lazy\" decoding=\"async\" class=\"alignnone size-full wp-image-30336\" src=\"https:\/\/jorgezanoni.com.br\/2019\/wp-content\/uploads\/2020\/07\/IMG_4611-2.jpg\" alt=\"\" width=\"800\" height=\"662\" srcset=\"https:\/\/jorgezanoni.com.br\/2019\/wp-content\/uploads\/2020\/07\/IMG_4611-2.jpg 800w, https:\/\/jorgezanoni.com.br\/2019\/wp-content\/uploads\/2020\/07\/IMG_4611-2-300x248.jpg 300w, https:\/\/jorgezanoni.com.br\/2019\/wp-content\/uploads\/2020\/07\/IMG_4611-2-768x636.jpg 768w, https:\/\/jorgezanoni.com.br\/2019\/wp-content\/uploads\/2020\/07\/IMG_4611-2-696x576.jpg 696w, https:\/\/jorgezanoni.com.br\/2019\/wp-content\/uploads\/2020\/07\/IMG_4611-2-508x420.jpg 508w\" sizes=\"auto, (max-width: 800px) 100vw, 800px\" \/><\/p>\n<p style=\"text-align: justify;\">Jorge Zanoni<\/p>\n","protected":false},"excerpt":{"rendered":"<p>Moradores da Rua S\u00e3o Paulo pr\u00f3ximo da esquina com a Rua Duque de Caxias reclamam de crateras aberta na rua sem provid\u00eancia por parte da administra\u00e7\u00e3o. Segundo disse um morador das imedia\u00e7\u00f5es, um ve\u00edculo de Ouro Verde que estava estacionado teve o para brisas quebrado por conta de pedras que sa\u00edram dos buracos. Pedem que [&hellip;]<\/p>\n","protected":false},"author":1,"featured_media":30334,"comment_status":"closed","ping_status":"open","sticky":false,"template":"","format":"standard","meta":{"footnotes":""},"categories":[179,184,110],"tags":[],"class_list":["post-30332","post","type-post","status-publish","format-standard","has-post-thumbnail","hentry","category-cidadeseregiao","category-dracena","category-noticiasdestaque"],"_links":{"self":[{"href":"https:\/\/jorgezanoni.com.br\/2019\/wp-json\/wp\/v2\/posts\/30332","targetHints":{"allow":["GET"]}}],"collection":[{"href":"https:\/\/jorgezanoni.com.br\/2019\/wp-json\/wp\/v2\/posts"}],"about":[{"href":"https:\/\/jorgezanoni.com.br\/2019\/wp-json\/wp\/v2\/types\/post"}],"author":[{"embeddable":true,"href":"https:\/\/jorgezanoni.com.br\/2019\/wp-json\/wp\/v2\/users\/1"}],"replies":[{"embeddable":true,"href":"https:\/\/jorgezanoni.com.br\/2019\/wp-json\/wp\/v2\/comments?post=30332"}],"version-history":[{"count":0,"href":"https:\/\/jorgezanoni.com.br\/2019\/wp-json\/wp\/v2\/posts\/30332\/revisions"}],"wp:featuredmedia":[{"embeddable":true,"href":"https:\/\/jorgezanoni.com.br\/2019\/wp-json\/wp\/v2\/media\/30334"}],"wp:attachment":[{"href":"https:\/\/jorgezanoni.com.br\/2019\/wp-json\/wp\/v2\/media?parent=30332"}],"wp:term":[{"taxonomy":"category","embeddable":true,"href":"https:\/\/jorgezanoni.com.br\/2019\/wp-json\/wp\/v2\/categories?post=30332"},{"taxonomy":"post_tag","embeddable":true,"href":"https:\/\/jorgezanoni.com.br\/2019\/wp-json\/wp\/v2\/tags?post=30332"}],"curies":[{"name":"wp","href":"https:\/\/api.w.org\/{rel}","templated":true}]}}