{"id":3032,"date":"2019-08-05T16:03:01","date_gmt":"2019-08-05T16:03:01","guid":{"rendered":"https:\/\/jorgezanoni.com.br\/2019\/?p=3032"},"modified":"2019-08-05T16:03:01","modified_gmt":"2019-08-05T16:03:01","slug":"docente-de-educacao-fisica-da-unifadra-conclui-doutorado","status":"publish","type":"post","link":"https:\/\/jorgezanoni.com.br\/2019\/docente-de-educacao-fisica-da-unifadra-conclui-doutorado\/","title":{"rendered":"Docente de Educa\u00e7\u00e3o F\u00edsica da Unifadra conclui Doutorado"},"content":{"rendered":"<p style=\"font-weight: 400; text-align: justify;\">O docente do curso de Educa\u00e7\u00e3o F\u00edsica da Unifadra Prof. \u00cdtalo Ribeiro Lemes, concluiu, nesta sexta-feira (2 de agosto), o Doutorado em Fisioterapia pela Unesp, Campus Presidente Prudente.<\/p>\n<p style=\"font-weight: 400; text-align: justify;\">Com a pesquisa \u201cAtividade f\u00edsica, comportamento sedent\u00e1rio, s\u00edndrome metab\u00f3lica e mortalidade: estudo longitudinal com pacientes do Sistema \u00danico de Sa\u00fade\u201d, o docente buscou investigar as associa\u00e7\u00f5es entre n\u00edvel de atividade f\u00edsica e do comportamento sedent\u00e1rio com a ocorr\u00eancia de doen\u00e7as cr\u00f4nicas n\u00e3o transmiss\u00edveis e mortalidade no \u00e2mbito da aten\u00e7\u00e3o prim\u00e1ria do SUS.<\/p>\n<p style=\"font-weight: 400; text-align: justify;\">\u00cdtalo Ribeiro Lemes foi orientado pelo Prof. Dr. Henrique Luiz Monteiro (Unesp, Bauru\/SP). Na banca de avalia\u00e7\u00e3o estiveram presentes os professores Dr. Diego Giulliano Destro Christofaro e Dr. R\u00f4mulo Ara\u00fajo Fernandes (Unesp, Presidente Prudente\/SP), Dr. Gregore Iven Mielke (University of Queensland, Austr\u00e1lia), e Dr. Rafael Zambelli (Universidade Federal de Minas Gerais).<\/p>\n<p style=\"font-weight: 400; text-align: justify;\">A coordena\u00e7\u00e3o e a dire\u00e7\u00e3o da Unifadra parabenizam o professor pela conclus\u00e3o do Doutorado e pelas contribui\u00e7\u00f5es no curso de Educa\u00e7\u00e3o F\u00edsica da institui\u00e7\u00e3o.<\/p>\n<p style=\"font-weight: 400; text-align: justify;\">Carolina Colnago<\/p>\n<p style=\"font-weight: 400; text-align: justify;\">Assessora de Comunica\u00e7\u00e3o da Fundec &#8211; Jornalista<\/p>\n<p style=\"text-align: justify;\">Foto:\u00a0Prof. \u00cdtalo Ribeiro Lemes, em Presidente Prudente, com os professores de sua banca de avalia\u00e7\u00e3o.<\/p>\n","protected":false},"excerpt":{"rendered":"<p>O docente do curso de Educa\u00e7\u00e3o F\u00edsica da Unifadra Prof. \u00cdtalo Ribeiro Lemes, concluiu, nesta sexta-feira (2 de agosto), o Doutorado em Fisioterapia pela Unesp, Campus Presidente Prudente. Com a pesquisa \u201cAtividade f\u00edsica, comportamento sedent\u00e1rio, s\u00edndrome metab\u00f3lica e mortalidade: estudo longitudinal com pacientes do Sistema \u00danico de Sa\u00fade\u201d, o docente buscou investigar as associa\u00e7\u00f5es entre [&hellip;]<\/p>\n","protected":false},"author":1,"featured_media":3033,"comment_status":"closed","ping_status":"open","sticky":false,"template":"","format":"standard","meta":{"footnotes":""},"categories":[110],"tags":[],"class_list":["post-3032","post","type-post","status-publish","format-standard","has-post-thumbnail","hentry","category-noticiasdestaque"],"_links":{"self":[{"href":"https:\/\/jorgezanoni.com.br\/2019\/wp-json\/wp\/v2\/posts\/3032","targetHints":{"allow":["GET"]}}],"collection":[{"href":"https:\/\/jorgezanoni.com.br\/2019\/wp-json\/wp\/v2\/posts"}],"about":[{"href":"https:\/\/jorgezanoni.com.br\/2019\/wp-json\/wp\/v2\/types\/post"}],"author":[{"embeddable":true,"href":"https:\/\/jorgezanoni.com.br\/2019\/wp-json\/wp\/v2\/users\/1"}],"replies":[{"embeddable":true,"href":"https:\/\/jorgezanoni.com.br\/2019\/wp-json\/wp\/v2\/comments?post=3032"}],"version-history":[{"count":0,"href":"https:\/\/jorgezanoni.com.br\/2019\/wp-json\/wp\/v2\/posts\/3032\/revisions"}],"wp:featuredmedia":[{"embeddable":true,"href":"https:\/\/jorgezanoni.com.br\/2019\/wp-json\/wp\/v2\/media\/3033"}],"wp:attachment":[{"href":"https:\/\/jorgezanoni.com.br\/2019\/wp-json\/wp\/v2\/media?parent=3032"}],"wp:term":[{"taxonomy":"category","embeddable":true,"href":"https:\/\/jorgezanoni.com.br\/2019\/wp-json\/wp\/v2\/categories?post=3032"},{"taxonomy":"post_tag","embeddable":true,"href":"https:\/\/jorgezanoni.com.br\/2019\/wp-json\/wp\/v2\/tags?post=3032"}],"curies":[{"name":"wp","href":"https:\/\/api.w.org\/{rel}","templated":true}]}}