{"id":30317,"date":"2020-07-09T02:40:07","date_gmt":"2020-07-09T02:40:07","guid":{"rendered":"https:\/\/jorgezanoni.com.br\/2019\/?p=30317"},"modified":"2020-07-09T02:40:07","modified_gmt":"2020-07-09T02:40:07","slug":"aviao-de-pequeno-porte-cai-na-regiao-do-aeroporto-campo-de-marte-na-zona-norte-de-sp","status":"publish","type":"post","link":"https:\/\/jorgezanoni.com.br\/2019\/aviao-de-pequeno-porte-cai-na-regiao-do-aeroporto-campo-de-marte-na-zona-norte-de-sp\/","title":{"rendered":"Avi\u00e3o de pequeno porte cai na regi\u00e3o do Aeroporto Campo de Marte, na Zona Norte de SP"},"content":{"rendered":"<h2 class=\"content-head__subtitle\" style=\"text-align: justify;\"><strong>Ap\u00f3s a queda, a aeronave pegou fogo. No momento do acidente, v\u00e1rias pessoas caminhavam e pedalavam no canteiro central da Avenida Braz Leme. Engenheiro presenciou a explos\u00e3o.<\/strong><\/h2>\n<div class=\"mc-column content-text active-extra-styles \" data-block-type=\"unstyled\" data-block-weight=\"27\" data-block-id=\"2\">\n<p class=\"content-text__container \" style=\"text-align: justify;\" data-track-category=\"Link no Texto\" data-track-links=\"\">Um avi\u00e3o de pequeno porte caiu na regi\u00e3o do Aeroporto<a href=\"https:\/\/g1.globo.com\/tudo-sobre\/campo-de-marte\/\">\u00a0Campo de Marte<\/a>, na Zona Norte de\u00a0<a href=\"https:\/\/g1.globo.com\/sp\/sao-paulo\/\">S\u00e3o Paulo<\/a>, no final da tarde desta quarta-feira (8).<\/p>\n<\/div>\n<div class=\"wall protected-content\">\n<div class=\"mc-column content-text active-extra-styles \" style=\"text-align: justify;\" data-block-type=\"unstyled\" data-block-weight=\"43\" data-block-id=\"3\">\n<p class=\"content-text__container \" data-track-category=\"Link no Texto\" data-track-links=\"\">Um motorista que passava pr\u00f3ximo ao acidente presenciou a explos\u00e3o e gravou um v\u00eddeo. O avi\u00e3o caiu na Avenida Braz Leme, na altura do n\u00famero 1.300, entre as ruas Santo Anselmo e Tib\u00e3es, em Santana. Segundo informa\u00e7\u00f5es dos Bombeiros, o piloto morreu carbonizado.<\/p>\n<\/div>\n<div class=\"mc-column content-text active-extra-styles \" style=\"text-align: justify;\" data-block-type=\"unstyled\" data-block-weight=\"26\" data-block-id=\"4\">\n<p class=\"content-text__container \" data-track-category=\"Link no Texto\" data-track-links=\"\">No momento do acidente, por volta das 18h, muitas pessoas caminhavam e pedalavam no canteiro central da avenida. Ap\u00f3s a queda, o avi\u00e3o pegou fogo.<\/p>\n<\/div>\n<div class=\"mc-column content-media content-video\" data-block-type=\"backstage-video\" data-block-id=\"5\">\n<div class=\"content-media__container\">\n<div class=\"content-video__bigger-player-description-fixer\">\n<article class=\"content-video\">\n<section class=\"content-video__video-container\">\n<div class=\"content-video__video\" style=\"text-align: justify;\">\n<div class=\"content-video__placeholder\" data-video-id=\"8684347\">Em nota, a Infraero lamentou o acidente e disse que &#8220;os bombeiros do aeroporto foram acionados \u00e0s 18h14 para prestar os primeiros atendimentos \u00e0 aeronave&#8221;. Segundo a estatal, o avi\u00e3o, um bimotor de modelo BE-58, prefixo PR-OFI, vinha de Ubatuba e, ao tentar fazer o pouso, apresentou problemas e acabou caindo na avenida Braz Leme.<\/div>\n<\/div>\n<div data-video-id=\"8684347\">\n<div class=\"mc-column content-text active-extra-styles \" style=\"text-align: justify;\" data-block-type=\"unstyled\" data-block-weight=\"40\" data-block-id=\"8\">\n<p class=\"content-text__container \" data-track-category=\"Link no Texto\" data-track-links=\"\">De acordo com uma equipe do Corpo de Bombeiros, o piloto tentou um pouso de emerg\u00eancia por causa de pane no motor. Sete viaturas dos Bombeiros foram enviadas para o local. O inc\u00eandio foi controlado por volta das 18h40.<\/p>\n<\/div>\n<div class=\"mc-column content-text active-extra-styles\" style=\"text-align: justify;\" data-block-type=\"raw\" data-block-weight=\"38\" data-block-id=\"9\">\n<ul class=\"content-unordered-list\">\n<li><a href=\"https:\/\/g1.globo.com\/sp\/sao-paulo\/noticia\/2020\/07\/08\/video-mostra-aviao-passando-pela-pista-do-campo-de-marte-antes-de-cair-piloto-avisou-torre-que-faria-pouso-de-emergencia.ghtml\">V\u00eddeo mostra avi\u00e3o passando pela pista do Campo de Marte antes de cair; piloto avisou torre que faria pouso de emerg\u00eancia<\/a><\/li>\n<li><a href=\"https:\/\/g1.globo.com\/sp\/sao-paulo\/noticia\/2020\/07\/08\/testemunhas-relatam-bola-de-fogo-e-fumaca-em-queda-de-aviao-na-zona-norte-de-sao-paulo.ghtml\">Testemunhas relatam bola de fogo e fuma\u00e7a em queda de avi\u00e3o na Zona Norte de S\u00e3o Paulo<\/a><\/li>\n<\/ul>\n<\/div>\n<div class=\"mc-column content-text active-extra-styles \" style=\"text-align: justify;\" data-block-type=\"unstyled\" data-block-weight=\"54\" data-block-id=\"10\">\n<p class=\"content-text__container \" data-track-category=\"Link no Texto\" data-track-links=\"\">Em nota, a Aeron\u00e1utica disse que vai apurar as prov\u00e1veis causas do acidente pelo Seripa IV, \u00f3rg\u00e3o regional do Centro de Investiga\u00e7\u00e3o e Preven\u00e7\u00e3o de Acidentes Aeron\u00e1uticos (CENIPA), e elaborar relat\u00f3rio para &#8220;prevenir que novos acidentes com caracter\u00edsticas semelhantes ocorram&#8221;. J\u00e1 a Pol\u00edcia Civil de S\u00e3o Paulo deve investigar as causas e eventuais respons\u00e1veis.<\/p>\n<\/div>\n<div class=\"mc-column content-text active-extra-styles \" style=\"text-align: justify;\" data-block-type=\"unstyled\" data-block-weight=\"36\" data-block-id=\"11\">\n<p class=\"content-text__container \" data-track-category=\"Link no Texto\" data-track-links=\"\">A Ag\u00eancia Nacional de Avia\u00e7\u00e3o Civil (Anac) afirma que, de acordo com consulta ao Registro Aeron\u00e1utico Brasileiro (RAB), a aeronave acidentada estava com a documenta\u00e7\u00e3o v\u00e1lida. O avi\u00e3o n\u00e3o possu\u00eda registro para operar t\u00e1xi a\u00e9reo.<\/p>\n<\/div>\n<div class=\"mc-column content-text active-extra-styles \" style=\"text-align: justify;\" data-block-type=\"unstyled\" data-block-weight=\"12\" data-block-id=\"12\">\n<p class=\"content-text__container \" data-track-category=\"Link no Texto\" data-track-links=\"\">Um engenheiro civil presenciou a explos\u00e3o, que ocorreu na pista sentido bairro.<\/p>\n<\/div>\n<div class=\"mc-column content-text active-extra-styles\" style=\"text-align: justify;\" data-block-type=\"raw\" data-block-weight=\"40\" data-block-id=\"13\">\n<blockquote class=\"content-blockquote theme-border-color-primary-before\"><p>&#8220;Eu estava dirigindo pela Braz Leme, estava a uns 50 metros do avi\u00e3o quando eu ouvi uma explos\u00e3o e a\u00ed vi uma bola pegando fogo. Quando cheguei mais perto explodiu um pouco mais&#8221;, conta o engenheiro civil Fausto Batista.<\/p><\/blockquote>\n<\/div>\n<div class=\"mc-column content-text active-extra-styles \" data-block-type=\"unstyled\" data-block-weight=\"70\" data-block-id=\"14\">\n<p class=\"content-text__container \" style=\"text-align: justify;\" data-track-category=\"Link no Texto\" data-track-links=\"\">Ele chegou a parar o carro e desceu do ve\u00edculo para tentar ajudar, mas n\u00e3o conseguiu chegar perto da aeronave. &#8220;Eu consegui ver um corpo, mas n\u00e3o tinha como chegar perto. Estava pegando fogo ainda e estava muito quente perto. Eu s\u00f3 n\u00e3o entendi se estava decolando ou chegando porque o muro do aeroporto parecia que n\u00e3o foi abalado. Eu parei pra tentar ajudar mesmo, mas n\u00e3o dava&#8221;, relata.<\/p>\n<div class=\"mc-column content-text active-extra-styles\" style=\"text-align: justify;\" data-block-type=\"raw\" data-block-weight=\"7\" data-block-id=\"17\">\n<div class=\"content-intertitle\">\n<h2>Hist\u00f3rico de acidentes no Campo de Marte<\/h2>\n<\/div>\n<\/div>\n<div class=\"mc-column content-text active-extra-styles\" style=\"text-align: justify;\" data-block-type=\"raw\" data-block-weight=\"1\" data-block-id=\"18\">\n<ul class=\"content-unordered-list\">\n<li><strong>2018<\/strong><\/li>\n<\/ul>\n<\/div>\n<div class=\"mc-column content-text active-extra-styles \" style=\"text-align: justify;\" data-block-type=\"unstyled\" data-block-weight=\"43\" data-block-id=\"19\">\n<p class=\"content-text__container \" data-track-category=\"Link no Texto\" data-track-links=\"\">Em novembro de 2018,\u00a0<a href=\"https:\/\/g1.globo.com\/sp\/sao-paulo\/noticia\/2018\/11\/30\/aeronave-cai-na-zona-norte-de-sp.ghtml\">uma aeronave caiu na regi\u00e3o de Santana, Zona Norte de S\u00e3o Paulo<\/a>, e causou a morte de duas pessoas, segundo o Corpo de Bombeiros. Houve ao menos seis feridos e outras cinco pessoas precisaram ser socorridas, mas sem ferimentos.<\/p>\n<\/div>\n<div class=\"mc-column content-text active-extra-styles \" style=\"text-align: justify;\" data-block-type=\"unstyled\" data-block-weight=\"47\" data-block-id=\"20\">\n<p class=\"content-text__container \" data-track-category=\"Link no Texto\" data-track-links=\"\">\nEm julho de 2018,\u00a0<a href=\"https:\/\/g1.globo.com\/sp\/sao-paulo\/noticia\/2018\/07\/29\/aviao-cai-em-campo-de-marte-em-sp.ghtml\">um bimotor caiu no aeroporto durante o pouso e explodiu<\/a>\u00a0assim que bateu no ch\u00e3o. O voo havia decolado da cidade catarinense de Videira, com seis passageiros e um tripulante. O piloto da aeronave morreu no acidente e outras seis pessoas ficaram feridas.<\/p>\n<\/div>\n<div class=\"mc-column content-text active-extra-styles \" style=\"text-align: justify;\" data-block-type=\"unstyled\" data-block-weight=\"25\" data-block-id=\"21\">\n<p class=\"content-text__container \" data-track-category=\"Link no Texto\" data-track-links=\"\">Uma aeronave de pequeno porte caiu na tarde de 30 de novembro de 2018, em S\u00e3o Paulo, deixando dois mortos e ao menos 12 feridos.<\/p>\n<\/div>\n<div class=\"mc-column content-text active-extra-styles\" style=\"text-align: justify;\" data-block-type=\"raw\" data-block-weight=\"1\" data-block-id=\"22\">\n<ul class=\"content-unordered-list\">\n<li><strong>2016<\/strong><\/li>\n<\/ul>\n<\/div>\n<div class=\"mc-column content-text active-extra-styles \" style=\"text-align: justify;\" data-block-type=\"unstyled\" data-block-weight=\"42\" data-block-id=\"23\">\n<p class=\"content-text__container \" data-track-category=\"Link no Texto\" data-track-links=\"\">Em mar\u00e7o de 2016,\u00a0<a href=\"http:\/\/g1.globo.com\/sao-paulo\/noticia\/2016\/03\/aviao-cai-sobre-casa-na-zona-norte-de-sao-paulo.html\">um monomotor caiu logo depois da decolagem<\/a>, pr\u00f3ximo \u00e0 cabeceira 12 do aeroporto. O avi\u00e3o atingiu uma casa de 3 andares, deixando sete mortos, entre eles Roger Agnelli, ex-presidente da Vale, e familiares que voavam junto com ele.<\/p>\n<\/div>\n<div class=\"mc-column content-text active-extra-styles\" style=\"text-align: justify;\" data-block-type=\"raw\" data-block-weight=\"1\" data-block-id=\"24\">\n<ul class=\"content-unordered-list\">\n<li><strong>2007<\/strong><\/li>\n<\/ul>\n<\/div>\n<div class=\"mc-column content-text active-extra-styles \" style=\"text-align: justify;\" data-block-type=\"unstyled\" data-block-weight=\"46\" data-block-id=\"25\">\n<p class=\"content-text__container \" data-track-category=\"Link no Texto\" data-track-links=\"\">Em dezembro de 2007,\u00a0<a href=\"http:\/\/g1.globo.com\/Noticias\/SaoPaulo\/0,,MUL168830-5605,00-CORONEL+DIZ+QUE+AVIAO+QUE+CAIU+EM+SP+VIROU+PARA+O+LADO+ERRADO.html\">uma aeronave modelo Learjet tamb\u00e9m caiu depois de sair do Campo de Marte<\/a>, sobre uma resid\u00eancia no bairro Casa Verde. Al\u00e9m do piloto e do copiloto, a fam\u00edlia que estava na cozinha da casa tamb\u00e9m morreu, incluindo um beb\u00ea de 9 meses.<\/p>\n<\/div>\n<div class=\"mc-column content-text active-extra-styles \" style=\"text-align: justify;\" data-block-type=\"unstyled\" data-block-weight=\"30\" data-block-id=\"26\">\n<p class=\"content-text__container \" data-track-category=\"Link no Texto\" data-track-links=\"\">Avi\u00f5es particulares s\u00e3o respons\u00e1veis por 45% dos acidentes a\u00e9reos entre 2008 e 2017, segundo dados do Cenipa (\u00f3rg\u00e3o da Aeron\u00e1utica respons\u00e1vel por investigar acidentes a\u00e9reos). Foram 1.187 acidentes no per\u00edodo.<\/p>\n<\/div>\n<div class=\"mc-column content-text active-extra-styles\" style=\"text-align: justify;\" data-block-type=\"raw\" data-block-weight=\"5\" data-block-id=\"27\">\n<div class=\"content-intertitle\">\n<h2>Futuro do Campo de Marte<\/h2>\n<\/div>\n<\/div>\n<div class=\"mc-column content-text active-extra-styles \" style=\"text-align: justify;\" data-block-type=\"unstyled\" data-block-weight=\"57\" data-block-id=\"28\">\n<p class=\"content-text__container \" data-track-category=\"Link no Texto\" data-track-links=\"\">O Campo de Marte est\u00e1 localizado na Avenida Santos Dumont, em Santana, e \u00e9 administrado pela Infraero desde 1\u00ba de fevereiro de 1979. Em 2019, logo que assumiu o governo do estado, Jo\u00e3o Doria (PSDB) manifestou ao presidente Jair Bolsonaro o desejo de encerrar as atividades de pousos e decolagens devido ao hist\u00f3rico de acidentes na \u00e1rea.<\/p>\n<\/div>\n<div class=\"mc-column content-text active-extra-styles \" style=\"text-align: justify;\" data-block-type=\"unstyled\" data-block-weight=\"36\" data-block-id=\"30\">\n<p class=\"content-text__container \" data-track-category=\"Link no Texto\" data-track-links=\"\">O local n\u00e3o tem linhas comerciais regulares, mas recebe helic\u00f3pteros e jatos executivos. O endere\u00e7o tamb\u00e9m abriga escolas de pilotagem, o servi\u00e7o aerost\u00e1tico das pol\u00edcias, o hospital da For\u00e7a A\u00e9rea Brasileira e um clube para oficiais.<\/p>\n<\/div>\n<div class=\"mc-column content-text active-extra-styles \" style=\"text-align: justify;\" data-block-type=\"unstyled\" data-block-weight=\"49\" data-block-id=\"31\">\n<p class=\"content-text__container \" data-track-category=\"Link no Texto\" data-track-links=\"\">A inten\u00e7\u00e3o inicial do governador era transformar toda a \u00e1rea em um parque, projeto em discuss\u00e3o desde o per\u00edodo em que ele era prefeito de S\u00e3o Paulo. Mais tarde, a proposta passou a incluir a constru\u00e7\u00e3o no terreno de um col\u00e9gio militar, que deve ser o maior do Brasil.<\/p>\n<\/div>\n<div class=\"mc-column content-text active-extra-styles \" style=\"text-align: justify;\" data-block-type=\"unstyled\" data-block-weight=\"33\" data-block-id=\"32\">\n<p class=\"content-text__container \" data-track-category=\"Link no Texto\" data-track-links=\"\">A Federa\u00e7\u00e3o das Ind\u00fastrias do Estado de S\u00e3o Paulo (Fiesp) doou os projetos b\u00e1sico e executivo da obra, que deve ser entregue at\u00e9 o final de 2022 e ser\u00e1 o 14\u00aa do pa\u00eds.<\/p>\n<\/div>\n<div class=\"mc-column content-text active-extra-styles \" style=\"text-align: justify;\" data-block-type=\"unstyled\" data-block-weight=\"31\" data-block-id=\"33\">\n<p class=\"content-text__container \" data-track-category=\"Link no Texto\" data-track-links=\"\">Em fevereiro deste ano, Bolsonaro esteve na cidade e inaugurou, literalmente, a pedra fundamental do futuro col\u00e9gio militar. Ap\u00f3s a inaugura\u00e7\u00e3o da pedra foi feita uma ora\u00e7\u00e3o para aben\u00e7oar a lugar.<\/p>\n<\/div>\n<div data-track-category=\"multicontent\" data-track-action=\"ultimo chunk conteudo\" data-track-noninteraction=\"false\" data-track-scroll=\"view\">\n<div class=\"row medium-uncollapsed content-media content-photo\" data-block-type=\"backstage-photo\" data-block-id=\"34\">\n<div class=\"mc-column content-media__container\">\n<figure style=\"text-align: justify;\"><img decoding=\"async\" class=\"i-amphtml-fill-content i-amphtml-replaced-content\" src=\"https:\/\/s2.glbimg.com\/m6wfK80CmkOF7NHfz_9oPnD0WMg=\/0x0:1600x3347\/984x0\/smart\/filters:strip_icc()\/i.s3.glbimg.com\/v1\/AUTH_59edd422c0c84a879bd37670ae4f538a\/internal_photos\/bs\/2020\/I\/j\/tU1uC3SFeBjGsmaibPEA\/queda-aviao-1-.jpg\" sizes=\"(max-width: 1242px) 648px, 100vw\" srcset=\"https:\/\/s2.glbimg.com\/jZx-lgvJkaA_kigjiXVIgdTsUmk=\/0x0:1600x3347\/1000x0\/smart\/filters:strip_icc()\/i.s3.glbimg.com\/v1\/AUTH_59edd422c0c84a879bd37670ae4f538a\/internal_photos\/bs\/2020\/I\/j\/tU1uC3SFeBjGsmaibPEA\/queda-aviao-1-.jpg 1000w, https:\/\/s2.glbimg.com\/m6wfK80CmkOF7NHfz_9oPnD0WMg=\/0x0:1600x3347\/984x0\/smart\/filters:strip_icc()\/i.s3.glbimg.com\/v1\/AUTH_59edd422c0c84a879bd37670ae4f538a\/internal_photos\/bs\/2020\/I\/j\/tU1uC3SFeBjGsmaibPEA\/queda-aviao-1-.jpg 984w, https:\/\/s2.glbimg.com\/AEPM-nafhhs7zpwu5d8luaz1BBo=\/0x0:1600x3347\/640x0\/smart\/filters:strip_icc()\/i.s3.glbimg.com\/v1\/AUTH_59edd422c0c84a879bd37670ae4f538a\/internal_photos\/bs\/2020\/I\/j\/tU1uC3SFeBjGsmaibPEA\/queda-aviao-1-.jpg 640w, https:\/\/s2.glbimg.com\/K9Y-wZALA3c1S5QF4HX35-EM1fY=\/0x0:1600x3347\/600x0\/smart\/filters:strip_icc()\/i.s3.glbimg.com\/v1\/AUTH_59edd422c0c84a879bd37670ae4f538a\/internal_photos\/bs\/2020\/I\/j\/tU1uC3SFeBjGsmaibPEA\/queda-aviao-1-.jpg 600w\" alt=\"Avi\u00e3o de pequeno porte caiu na regi\u00e3o do Aeroporto Campo de Marte no final da tarde desta quarta-feira (8) \u2014 Foto: Arte\/G1\" \/><\/figure>\n<p class=\"content-media__description \" style=\"text-align: justify;\">Avi\u00e3o de pequeno porte caiu na regi\u00e3o do Aeroporto Campo de Marte no final da tarde desta quarta-feira (8) \u2014 Foto: Arte\/G1<\/p>\n<p style=\"text-align: justify;\">Fonte: https:\/\/g1.globo.com\/sp\/sao-paulo\/noticia\/2020\/07\/08\/aviao-de-pequeno-porte-cai-na-regiao-do-aeroporto-campo-de-marte-na-zona-norte-de-sp.ghtml<\/p>\n<\/div>\n<\/div>\n<\/div>\n<\/div>\n<\/div>\n<\/section>\n<\/article>\n<\/div>\n<\/div>\n<\/div>\n<\/div>\n","protected":false},"excerpt":{"rendered":"<p>Ap\u00f3s a queda, a aeronave pegou fogo. No momento do acidente, v\u00e1rias pessoas caminhavam e pedalavam no canteiro central da Avenida Braz Leme. Engenheiro presenciou a explos\u00e3o. Um avi\u00e3o de pequeno porte caiu na regi\u00e3o do Aeroporto\u00a0Campo de Marte, na Zona Norte de\u00a0S\u00e3o Paulo, no final da tarde desta quarta-feira (8). Um motorista que passava [&hellip;]<\/p>\n","protected":false},"author":1,"featured_media":30318,"comment_status":"closed","ping_status":"open","sticky":false,"template":"","format":"standard","meta":{"footnotes":""},"categories":[170,110],"tags":[],"class_list":["post-30317","post","type-post","status-publish","format-standard","has-post-thumbnail","hentry","category-acidentes","category-noticiasdestaque"],"_links":{"self":[{"href":"https:\/\/jorgezanoni.com.br\/2019\/wp-json\/wp\/v2\/posts\/30317","targetHints":{"allow":["GET"]}}],"collection":[{"href":"https:\/\/jorgezanoni.com.br\/2019\/wp-json\/wp\/v2\/posts"}],"about":[{"href":"https:\/\/jorgezanoni.com.br\/2019\/wp-json\/wp\/v2\/types\/post"}],"author":[{"embeddable":true,"href":"https:\/\/jorgezanoni.com.br\/2019\/wp-json\/wp\/v2\/users\/1"}],"replies":[{"embeddable":true,"href":"https:\/\/jorgezanoni.com.br\/2019\/wp-json\/wp\/v2\/comments?post=30317"}],"version-history":[{"count":0,"href":"https:\/\/jorgezanoni.com.br\/2019\/wp-json\/wp\/v2\/posts\/30317\/revisions"}],"wp:featuredmedia":[{"embeddable":true,"href":"https:\/\/jorgezanoni.com.br\/2019\/wp-json\/wp\/v2\/media\/30318"}],"wp:attachment":[{"href":"https:\/\/jorgezanoni.com.br\/2019\/wp-json\/wp\/v2\/media?parent=30317"}],"wp:term":[{"taxonomy":"category","embeddable":true,"href":"https:\/\/jorgezanoni.com.br\/2019\/wp-json\/wp\/v2\/categories?post=30317"},{"taxonomy":"post_tag","embeddable":true,"href":"https:\/\/jorgezanoni.com.br\/2019\/wp-json\/wp\/v2\/tags?post=30317"}],"curies":[{"name":"wp","href":"https:\/\/api.w.org\/{rel}","templated":true}]}}