{"id":30307,"date":"2020-07-09T02:01:18","date_gmt":"2020-07-09T02:01:18","guid":{"rendered":"https:\/\/jorgezanoni.com.br\/2019\/?p=30307"},"modified":"2020-07-09T02:25:24","modified_gmt":"2020-07-09T02:25:24","slug":"colisao-na-br-267-em-bataguassu-deixa-casal-morto-e-um-homem-gravemente-ferido","status":"publish","type":"post","link":"https:\/\/jorgezanoni.com.br\/2019\/colisao-na-br-267-em-bataguassu-deixa-casal-morto-e-um-homem-gravemente-ferido\/","title":{"rendered":"Colis\u00e3o na BR-267 em Bataguassu deixa casal morto e um homem gravemente ferido"},"content":{"rendered":"<p style=\"text-align: justify;\"><strong>Acidente foi no aterro pr\u00f3ximo da ponte na divisa dos estados de MS e SP.<\/strong><\/p>\n<p style=\"text-align: justify;\">Uma colis\u00e3o envolvendo uma carreta e uma picape Fiat\/Strada, deixou duas pessoas mortas e o motorista do caminh\u00e3o em estado grave. Acidente aconteceu na regi\u00e3o de Bataguassu na noite desta quarta-feira (8), no aterro da BR-267 pr\u00f3ximo da ponte na divisa dos estados de Mato Grosso do Sul e S\u00e3o Paulo.<\/p>\n<p style=\"text-align: justify;\">Conforme a primeiras informa\u00e7\u00f5es apuradas no local, a carreta seguia sentido ao Estado de S\u00e3o Paulo quando houve a colis\u00e3o com a picape que seguia no sentido oposto.<\/p>\n<p style=\"text-align: justify;\">Com o violento impacto, o casal que estava na picape, que ficou completamente destru\u00edda, morreu na hora, j\u00e1 o caminh\u00e3o caiu nas \u00e1guas do rio Paran\u00e1. O motorista preso dentro da cabine foi resgatado pelo Corpo de Bombeiros de Bataguassu.<\/p>\n<p style=\"text-align: justify;\">No momento do resgate a equipe estava reanimando o motorista, pois ficou muito tempo debaixo das \u00e1guas do rio e logo encaminhou para a Santa Casa na cidade de Bataguassu.<\/p>\n<p style=\"text-align: justify;\">Um policial militar do 8\u00ba Batalh\u00e3o de Pol\u00edcia Militar e integrante da Defesa Civil que estavam no posto fiscal trabalhando na barreira sanit\u00e1ria, chegaram no local para ajudar na sinaliza\u00e7\u00e3o e orienta\u00e7\u00e3o do tr\u00e2nsito at\u00e9 a chegada do Corpo de Bombeiros e PRF (Pol\u00edcia Rodovi\u00e1ria Federal), que isolaram o local para a Pol\u00edcia Civil de Bataguassu e Per\u00edcia Criminal de Nova Andradina realizarem os trabalhos de identifica\u00e7\u00e3o das v\u00edtimas.<\/p>\n<p style=\"text-align: justify;\">O tr\u00e2nsito no local est\u00e1 interditado nos dois lados da pista. As v\u00edtimas ainda n\u00e3o foram identificadas.<\/p>\n<p>Chega informa\u00e7\u00e3o que o motorista da carreta tamb\u00e9m n\u00e3o resistiu e veio a \u00f3bito.<\/p>\n<p><img loading=\"lazy\" decoding=\"async\" class=\"alignnone size-full wp-image-30308\" src=\"https:\/\/jorgezanoni.com.br\/2019\/wp-content\/uploads\/2020\/07\/rio.jpg\" alt=\"\" width=\"940\" height=\"529\" srcset=\"https:\/\/jorgezanoni.com.br\/2019\/wp-content\/uploads\/2020\/07\/rio.jpg 940w, https:\/\/jorgezanoni.com.br\/2019\/wp-content\/uploads\/2020\/07\/rio-300x169.jpg 300w, https:\/\/jorgezanoni.com.br\/2019\/wp-content\/uploads\/2020\/07\/rio-768x432.jpg 768w, https:\/\/jorgezanoni.com.br\/2019\/wp-content\/uploads\/2020\/07\/rio-696x392.jpg 696w, https:\/\/jorgezanoni.com.br\/2019\/wp-content\/uploads\/2020\/07\/rio-746x420.jpg 746w\" sizes=\"auto, (max-width: 940px) 100vw, 940px\" \/> <img loading=\"lazy\" decoding=\"async\" class=\"alignnone size-full wp-image-30309\" src=\"https:\/\/jorgezanoni.com.br\/2019\/wp-content\/uploads\/2020\/07\/rio1.jpg\" alt=\"\" width=\"940\" height=\"529\" srcset=\"https:\/\/jorgezanoni.com.br\/2019\/wp-content\/uploads\/2020\/07\/rio1.jpg 940w, https:\/\/jorgezanoni.com.br\/2019\/wp-content\/uploads\/2020\/07\/rio1-300x169.jpg 300w, https:\/\/jorgezanoni.com.br\/2019\/wp-content\/uploads\/2020\/07\/rio1-768x432.jpg 768w, https:\/\/jorgezanoni.com.br\/2019\/wp-content\/uploads\/2020\/07\/rio1-696x392.jpg 696w, https:\/\/jorgezanoni.com.br\/2019\/wp-content\/uploads\/2020\/07\/rio1-746x420.jpg 746w\" sizes=\"auto, (max-width: 940px) 100vw, 940px\" \/> <img loading=\"lazy\" decoding=\"async\" class=\"alignnone size-full wp-image-30310\" src=\"https:\/\/jorgezanoni.com.br\/2019\/wp-content\/uploads\/2020\/07\/rio2.jpg\" alt=\"\" width=\"940\" height=\"529\" srcset=\"https:\/\/jorgezanoni.com.br\/2019\/wp-content\/uploads\/2020\/07\/rio2.jpg 940w, https:\/\/jorgezanoni.com.br\/2019\/wp-content\/uploads\/2020\/07\/rio2-300x169.jpg 300w, https:\/\/jorgezanoni.com.br\/2019\/wp-content\/uploads\/2020\/07\/rio2-768x432.jpg 768w, https:\/\/jorgezanoni.com.br\/2019\/wp-content\/uploads\/2020\/07\/rio2-696x392.jpg 696w, https:\/\/jorgezanoni.com.br\/2019\/wp-content\/uploads\/2020\/07\/rio2-746x420.jpg 746w\" sizes=\"auto, (max-width: 940px) 100vw, 940px\" \/> <img loading=\"lazy\" decoding=\"async\" class=\"alignnone size-full wp-image-30311\" src=\"https:\/\/jorgezanoni.com.br\/2019\/wp-content\/uploads\/2020\/07\/rio3.jpg\" alt=\"\" width=\"940\" height=\"529\" srcset=\"https:\/\/jorgezanoni.com.br\/2019\/wp-content\/uploads\/2020\/07\/rio3.jpg 940w, https:\/\/jorgezanoni.com.br\/2019\/wp-content\/uploads\/2020\/07\/rio3-300x169.jpg 300w, https:\/\/jorgezanoni.com.br\/2019\/wp-content\/uploads\/2020\/07\/rio3-768x432.jpg 768w, https:\/\/jorgezanoni.com.br\/2019\/wp-content\/uploads\/2020\/07\/rio3-696x392.jpg 696w, https:\/\/jorgezanoni.com.br\/2019\/wp-content\/uploads\/2020\/07\/rio3-746x420.jpg 746w\" sizes=\"auto, (max-width: 940px) 100vw, 940px\" \/> <img loading=\"lazy\" decoding=\"async\" class=\"alignnone size-full wp-image-30312\" src=\"https:\/\/jorgezanoni.com.br\/2019\/wp-content\/uploads\/2020\/07\/rio4.jpg\" alt=\"\" width=\"940\" height=\"529\" srcset=\"https:\/\/jorgezanoni.com.br\/2019\/wp-content\/uploads\/2020\/07\/rio4.jpg 940w, https:\/\/jorgezanoni.com.br\/2019\/wp-content\/uploads\/2020\/07\/rio4-300x169.jpg 300w, https:\/\/jorgezanoni.com.br\/2019\/wp-content\/uploads\/2020\/07\/rio4-768x432.jpg 768w, https:\/\/jorgezanoni.com.br\/2019\/wp-content\/uploads\/2020\/07\/rio4-696x392.jpg 696w, https:\/\/jorgezanoni.com.br\/2019\/wp-content\/uploads\/2020\/07\/rio4-746x420.jpg 746w\" sizes=\"auto, (max-width: 940px) 100vw, 940px\" \/> <img loading=\"lazy\" decoding=\"async\" class=\"alignnone size-full wp-image-30313\" src=\"https:\/\/jorgezanoni.com.br\/2019\/wp-content\/uploads\/2020\/07\/rio5.jpg\" alt=\"\" width=\"940\" height=\"533\" srcset=\"https:\/\/jorgezanoni.com.br\/2019\/wp-content\/uploads\/2020\/07\/rio5.jpg 940w, https:\/\/jorgezanoni.com.br\/2019\/wp-content\/uploads\/2020\/07\/rio5-300x170.jpg 300w, https:\/\/jorgezanoni.com.br\/2019\/wp-content\/uploads\/2020\/07\/rio5-768x435.jpg 768w, https:\/\/jorgezanoni.com.br\/2019\/wp-content\/uploads\/2020\/07\/rio5-696x395.jpg 696w, https:\/\/jorgezanoni.com.br\/2019\/wp-content\/uploads\/2020\/07\/rio5-741x420.jpg 741w\" sizes=\"auto, (max-width: 940px) 100vw, 940px\" \/><\/p>\n<p style=\"text-align: justify;\">Fonte: https:\/\/jornaldanova.com.br\/<\/p>\n<p>&nbsp;<\/p>\n<div class=\"pp-box-adunit pp-ad-loading pp-type-outstream\">\n<div class=\"pp-adunit\">\n<div class=\"pp-ad\">\n<div id=\"P_JORNAL_NOVA_OUTSTREAM_0\" data-premium=\"\" data-adunit=\"JORNAL_NOVA_OUTSTREAM\" data-sizes-mobile=\"[]\" data-sizes-desktop=\"[[336,280],[300,250]]\" data-type=\"outstream\" data-premium-load=\"\" data-fetch=\"true\" data-google-query-id=\"CO_yp7iHv-oCFXwmuQYdBm8PCA\"><\/div>\n<\/div>\n<\/div>\n<\/div>\n<div class=\"pp-box-adunit pp-ad-loading pp-type-outstream\">\n<div class=\"pp-adunit\">\n<div class=\"pp-ad\">\n<div id=\"P_JORNAL_NOVA_OUTSTREAM_0\" data-premium=\"\" data-adunit=\"JORNAL_NOVA_OUTSTREAM\" data-sizes-mobile=\"[]\" data-sizes-desktop=\"[[336,280],[300,250]]\" data-type=\"outstream\" data-premium-load=\"\" data-fetch=\"true\" data-google-query-id=\"CO_yp7iHv-oCFXwmuQYdBm8PCA\"><\/div>\n<\/div>\n<\/div>\n<\/div>\n","protected":false},"excerpt":{"rendered":"<p>Acidente foi no aterro pr\u00f3ximo da ponte na divisa dos estados de MS e SP. Uma colis\u00e3o envolvendo uma carreta e uma picape Fiat\/Strada, deixou duas pessoas mortas e o motorista do caminh\u00e3o em estado grave. Acidente aconteceu na regi\u00e3o de Bataguassu na noite desta quarta-feira (8), no aterro da BR-267 pr\u00f3ximo da ponte na [&hellip;]<\/p>\n","protected":false},"author":1,"featured_media":30314,"comment_status":"closed","ping_status":"open","sticky":false,"template":"","format":"standard","meta":{"footnotes":""},"categories":[170,110],"tags":[],"class_list":["post-30307","post","type-post","status-publish","format-standard","has-post-thumbnail","hentry","category-acidentes","category-noticiasdestaque"],"_links":{"self":[{"href":"https:\/\/jorgezanoni.com.br\/2019\/wp-json\/wp\/v2\/posts\/30307","targetHints":{"allow":["GET"]}}],"collection":[{"href":"https:\/\/jorgezanoni.com.br\/2019\/wp-json\/wp\/v2\/posts"}],"about":[{"href":"https:\/\/jorgezanoni.com.br\/2019\/wp-json\/wp\/v2\/types\/post"}],"author":[{"embeddable":true,"href":"https:\/\/jorgezanoni.com.br\/2019\/wp-json\/wp\/v2\/users\/1"}],"replies":[{"embeddable":true,"href":"https:\/\/jorgezanoni.com.br\/2019\/wp-json\/wp\/v2\/comments?post=30307"}],"version-history":[{"count":0,"href":"https:\/\/jorgezanoni.com.br\/2019\/wp-json\/wp\/v2\/posts\/30307\/revisions"}],"wp:featuredmedia":[{"embeddable":true,"href":"https:\/\/jorgezanoni.com.br\/2019\/wp-json\/wp\/v2\/media\/30314"}],"wp:attachment":[{"href":"https:\/\/jorgezanoni.com.br\/2019\/wp-json\/wp\/v2\/media?parent=30307"}],"wp:term":[{"taxonomy":"category","embeddable":true,"href":"https:\/\/jorgezanoni.com.br\/2019\/wp-json\/wp\/v2\/categories?post=30307"},{"taxonomy":"post_tag","embeddable":true,"href":"https:\/\/jorgezanoni.com.br\/2019\/wp-json\/wp\/v2\/tags?post=30307"}],"curies":[{"name":"wp","href":"https:\/\/api.w.org\/{rel}","templated":true}]}}