{"id":30304,"date":"2020-07-09T01:08:59","date_gmt":"2020-07-09T01:08:59","guid":{"rendered":"https:\/\/jorgezanoni.com.br\/2019\/?p=30304"},"modified":"2020-07-09T01:08:59","modified_gmt":"2020-07-09T01:08:59","slug":"bispo-diocesano-celebra-54-anos-de-idade-e-tres-de-ordenacao-episcopal","status":"publish","type":"post","link":"https:\/\/jorgezanoni.com.br\/2019\/bispo-diocesano-celebra-54-anos-de-idade-e-tres-de-ordenacao-episcopal\/","title":{"rendered":"Bispo Diocesano celebra 54 anos de idade e tr\u00eas de Ordena\u00e7\u00e3o Episcopal"},"content":{"rendered":"<p style=\"text-align: justify;\"><strong>Hoje, o bispo diocesano de Mar\u00edlia, Dom Luiz Antonio Cipolini comemora seu anivers\u00e1rio de 54 anos. Ontem, ele tamb\u00e9m celebrou os tr\u00eas anos de sua Ordena\u00e7\u00e3o Episcopal. Neste per\u00edodo em que est\u00e1 \u00e0 frente da comunidade cat\u00f3lica de Mar\u00edlia e regi\u00e3o, Dom Luiz j\u00e1 participou de momentos significativos na vida diocesana. Em comemora\u00e7\u00e3o \u00e0s datas, ontem, Dom Luiz ministrou uma missa de a\u00e7\u00e3o de gra\u00e7as no can.<\/strong><\/p>\n<p style=\"text-align: justify;\">Hoje, o bispo diocesano de Mar\u00edlia, Dom Luiz Antonio Cipolini comemora seu anivers\u00e1rio de 54 anos. Ontem, ele tamb\u00e9m celebrou os tr\u00eas anos de sua Ordena\u00e7\u00e3o Episcopal. Neste per\u00edodo em que est\u00e1 \u00e0 frente da comunidade cat\u00f3lica de Mar\u00edlia e regi\u00e3o, Dom Luiz j\u00e1 participou de momentos significativos na vida diocesana.<\/p>\n<p style=\"text-align: justify;\">Em comemora\u00e7\u00e3o \u00e0s datas, ontem, Dom Luiz ministrou uma missa de a\u00e7\u00e3o de gra\u00e7as no canal de televis\u00e3o Rede Vida, de abrang\u00eancia nacional. E, na noite de hoje, celebra missa na Catedral de S\u00e3o Bento, em Mar\u00edlia.<\/p>\n<p style=\"text-align: justify;\">Desde que chegou a Mar\u00edlia, Dom Luiz j\u00e1 realizou diversas atividades. Em novembro, durante a 38\u00aa Assembleia Diocesana, lan\u00e7ou o Primeiro Plano Diocesano de Pastoral. Em 2014, trouxe \u00e0 diocese a Imagem Jubilar de Nossa Senhora da Concei\u00e7\u00e3o Aparecida por ocasi\u00e3o das festividades dos 300 anos de sua apari\u00e7\u00e3o. Em Adamantina, inaugurou a Casa Pastoral Diocesana (antigo IPA) que leva o nome de seu antecessor, Dom Osvaldo Giuntini.<\/p>\n<p style=\"text-align: justify;\">No ano seguinte, Dom Luiz deu in\u00edcio \u00e0 Escola Diaconal S\u00e3o Louren\u00e7o, que preparara os candidatos ao Diaconato Permanente na Diocese. Nestes tr\u00eas anos ordenou seis padres diocesanos, um padre religioso e dois di\u00e1conos religiosos.<\/p>\n<p style=\"text-align: justify;\">HIST\u00d3RICO<\/p>\n<p style=\"text-align: justify;\">Dom Luiz nasceu em Caconde (SP), na Diocese de S\u00e3o Jo\u00e3o da Boa Vista, em 18 de julho de 1962. Completou seus estudos em Filosofia (1980-1982) e Teologia (1982-1986) pelo Centro de Estudos Arquidiocesano de Ribeir\u00e3o Preto. Foi ordenado sacerdote em 15 de agosto de 1986 e \u00e9 licenciado pelo Instituto Alphonsianum, dos mission\u00e1rios redentoristas, em Roma. Dom Luiz tamb\u00e9m atuou como reitor do Semin\u00e1rio Diocesano de Teologia (2002-2005); professor de \u00c9tica no Centro Universit\u00e1rio de Administra\u00e7\u00e3o, em S\u00e3o Jo\u00e3o da Boa Vista; e desde 2006, o religioso \u00e9 professor e diretor do Instituto de Filosofia.<\/p>\n<p style=\"text-align: justify;\">O l\u00edder religioso atuou como p\u00e1roco da Par\u00f3quia Nossa Senhora de F\u00e1tima, em S\u00e3o Jo\u00e3o da Boa Vista. Ao longo de 26 anos de sacerd\u00f3cio, foi vig\u00e1rio em Mogi Gua\u00e7u e Vargem Grande do Sul, al\u00e9m de colaborar na forma\u00e7\u00e3o de novos presb\u00edteros.<\/p>\n<p style=\"text-align: justify;\">POSSE<\/p>\n<p style=\"text-align: justify;\">No dia 4 de agosto de 2013, cerca de 7 mil pessoas compareceram ao Gin\u00e1sio de Esportes Neuza Bueno Ruiz Galetti, na zona Oeste da cidade, para acompanhar a cerim\u00f4nia de posse do bispo da Diocese de Mar\u00edlia, Dom Luiz Antonio Cipolini. O p\u00fablico presente representou as 60 par\u00f3quias de 37 munic\u00edpios da regi\u00e3o.<\/p>\n<p style=\"text-align: justify;\">Na ocasi\u00e3o, Dom Luiz estava com 51 anos e chegou \u00e0 fun\u00e7\u00e3o de bispo com o lema: \u201cComo o Pai me ama, assim tamb\u00e9m eu vos amo. Perseverai no meu amor\u201d, retirado do vers\u00edculo 9, do Cap\u00edtulo 15 do Evangelho de S\u00e3o Jo\u00e3o.<\/p>\n<p style=\"text-align: justify;\">Fonte: http:\/\/www.jornaldamanhamarilia.com.br\/<\/p>\n<p>&nbsp;<\/p>\n","protected":false},"excerpt":{"rendered":"<p>Hoje, o bispo diocesano de Mar\u00edlia, Dom Luiz Antonio Cipolini comemora seu anivers\u00e1rio de 54 anos. Ontem, ele tamb\u00e9m celebrou os tr\u00eas anos de sua Ordena\u00e7\u00e3o Episcopal. Neste per\u00edodo em que est\u00e1 \u00e0 frente da comunidade cat\u00f3lica de Mar\u00edlia e regi\u00e3o, Dom Luiz j\u00e1 participou de momentos significativos na vida diocesana. Em comemora\u00e7\u00e3o \u00e0s datas, [&hellip;]<\/p>\n","protected":false},"author":1,"featured_media":30305,"comment_status":"closed","ping_status":"open","sticky":false,"template":"","format":"standard","meta":{"footnotes":""},"categories":[110,118],"tags":[],"class_list":["post-30304","post","type-post","status-publish","format-standard","has-post-thumbnail","hentry","category-noticiasdestaque","category-religiaoesolidariedade"],"_links":{"self":[{"href":"https:\/\/jorgezanoni.com.br\/2019\/wp-json\/wp\/v2\/posts\/30304","targetHints":{"allow":["GET"]}}],"collection":[{"href":"https:\/\/jorgezanoni.com.br\/2019\/wp-json\/wp\/v2\/posts"}],"about":[{"href":"https:\/\/jorgezanoni.com.br\/2019\/wp-json\/wp\/v2\/types\/post"}],"author":[{"embeddable":true,"href":"https:\/\/jorgezanoni.com.br\/2019\/wp-json\/wp\/v2\/users\/1"}],"replies":[{"embeddable":true,"href":"https:\/\/jorgezanoni.com.br\/2019\/wp-json\/wp\/v2\/comments?post=30304"}],"version-history":[{"count":0,"href":"https:\/\/jorgezanoni.com.br\/2019\/wp-json\/wp\/v2\/posts\/30304\/revisions"}],"wp:featuredmedia":[{"embeddable":true,"href":"https:\/\/jorgezanoni.com.br\/2019\/wp-json\/wp\/v2\/media\/30305"}],"wp:attachment":[{"href":"https:\/\/jorgezanoni.com.br\/2019\/wp-json\/wp\/v2\/media?parent=30304"}],"wp:term":[{"taxonomy":"category","embeddable":true,"href":"https:\/\/jorgezanoni.com.br\/2019\/wp-json\/wp\/v2\/categories?post=30304"},{"taxonomy":"post_tag","embeddable":true,"href":"https:\/\/jorgezanoni.com.br\/2019\/wp-json\/wp\/v2\/tags?post=30304"}],"curies":[{"name":"wp","href":"https:\/\/api.w.org\/{rel}","templated":true}]}}