{"id":30301,"date":"2020-07-09T00:46:20","date_gmt":"2020-07-09T00:46:20","guid":{"rendered":"https:\/\/jorgezanoni.com.br\/2019\/?p=30301"},"modified":"2020-07-09T00:46:20","modified_gmt":"2020-07-09T00:46:20","slug":"policia-civil-encontra-em-assentamento-na-regiao-de-aracatuba-46-cabecas-de-gado-furtadas-de-fazenda-em-maraba-paulista","status":"publish","type":"post","link":"https:\/\/jorgezanoni.com.br\/2019\/policia-civil-encontra-em-assentamento-na-regiao-de-aracatuba-46-cabecas-de-gado-furtadas-de-fazenda-em-maraba-paulista\/","title":{"rendered":"Pol\u00edcia Civil encontra em assentamento na regi\u00e3o de Ara\u00e7atuba 46 cabe\u00e7as de gado furtadas de fazenda em Marab\u00e1 Paulista"},"content":{"rendered":"<h2 class=\"content-head__subtitle\" style=\"text-align: justify;\"><strong>Animais da ra\u00e7a bonsmara possuem marca\u00e7\u00f5es de controle em suas orelhas.<\/strong><\/h2>\n<div class=\"mc-column content-text active-extra-styles \" data-block-type=\"unstyled\" data-block-weight=\"26\" data-block-id=\"2\">\n<p class=\"content-text__container \" style=\"text-align: justify;\" data-track-category=\"Link no Texto\" data-track-links=\"\">A Pol\u00edcia Civil conseguiu recuperar, nesta quarta-feira (8), 46 cabe\u00e7as de gado da ra\u00e7a bonsmara que haviam sido furtadas de uma fazenda em\u00a0<a href=\"https:\/\/g1.globo.com\/sp\/presidente-prudente-regiao\/cidade\/maraba-paulista\/\">Marab\u00e1 Paulista (SP)<\/a>.<\/p>\n<\/div>\n<div class=\"wall protected-content\">\n<div class=\"mc-column content-text active-extra-styles \" style=\"text-align: justify;\" data-block-type=\"unstyled\" data-block-weight=\"31\" data-block-id=\"3\">\n<p class=\"content-text__container \" data-track-category=\"Link no Texto\" data-track-links=\"\">Os bovinos foram encontrados em uma est\u00e2ncia em um assentamento rural na cidade de\u00a0<a href=\"https:\/\/g1.globo.com\/sp\/sao-jose-do-rio-preto-aracatuba\/cidade\/castilho\/\">Castilho (SP)<\/a>, na regi\u00e3o de Ara\u00e7atuba (SP), a mais de 180 quil\u00f4metros de dist\u00e2ncia de Marab\u00e1 Paulista.<\/p>\n<\/div>\n<div class=\"mc-column content-text active-extra-styles \" style=\"text-align: justify;\" data-block-type=\"unstyled\" data-block-weight=\"49\" data-block-id=\"4\">\n<p class=\"content-text__container \" data-track-category=\"Link no Texto\" data-track-links=\"\">A Pol\u00edcia Civil foi acionada sobre o caso por um representante da fazenda, que relatou que na madrugada da ter\u00e7a-feira (7) indiv\u00edduos desconhecidos adentraram a propriedade rural e arrebanharam e embarcaram os 46 bovinos, cada um pesando em m\u00e9dia 16 arrobas (240 quilos) e com 15 meses de idade.<\/p>\n<\/div>\n<div class=\"mc-column content-text active-extra-styles \" style=\"text-align: justify;\" data-block-type=\"unstyled\" data-block-weight=\"32\" data-block-id=\"5\">\n<p class=\"content-text__container \" data-track-category=\"Link no Texto\" data-track-links=\"\">Os policiais passaram a investigar o caso, obtiveram informa\u00e7\u00f5es sobre o poss\u00edvel paradeiro dos animais furtados e dirigiram-se at\u00e9 o munic\u00edpio de Castilho, juntamente com o administrador da fazenda v\u00edtima do crime.<\/p>\n<\/div>\n<div class=\"mc-column content-text active-extra-styles \" style=\"text-align: justify;\" data-block-type=\"unstyled\" data-block-weight=\"30\" data-block-id=\"6\">\n<p class=\"content-text__container \" data-track-category=\"Link no Texto\" data-track-links=\"\">Em um lote do assentamento em Castilho, o representante da fazenda reconheceu, sem sombra de d\u00favidas, os animais furtados, uma vez que todos possuem marca\u00e7\u00f5es de controle em suas orelhas.<\/p>\n<\/div>\n<div class=\"mc-column content-text active-extra-styles \" style=\"text-align: justify;\" data-block-type=\"unstyled\" data-block-weight=\"11\" data-block-id=\"7\">\n<p class=\"content-text__container \" data-track-category=\"Link no Texto\" data-track-links=\"\">Com isso, os 46 animais foram recuperados e devolvidos \u00e0 v\u00edtima.<\/p>\n<\/div>\n<div class=\"mc-column content-text active-extra-styles \" style=\"text-align: justify;\" data-block-type=\"unstyled\" data-block-weight=\"66\" data-block-id=\"8\">\n<p class=\"content-text__container \" data-track-category=\"Link no Texto\" data-track-links=\"\">Ainda em buscas no mesmo lote, foram localizados uma espingarda sem calibre aparente, sete muni\u00e7\u00f5es \u00edntegras (cinco de calibre 38 e duas de calibre 16) e tr\u00eas cartuchos deflagrados de calibre 38, em posse de um homem de 58 anos, identificado como propriet\u00e1rio da est\u00e2ncia. Ele foi preso em flagrante, mas acabou liberado depois mediante pagamento de uma fian\u00e7a, cujo valor n\u00e3o foi divulgado pela pol\u00edcia.<\/p>\n<\/div>\n<div class=\"mc-column content-text active-extra-styles \" style=\"text-align: justify;\" data-block-type=\"unstyled\" data-block-weight=\"22\" data-block-id=\"10\">\n<p class=\"content-text__container \" data-track-category=\"Link no Texto\" data-track-links=\"\">Dois funcion\u00e1rios da est\u00e2ncia que estavam no local tamb\u00e9m foram conduzidos \u00e0 Delegacia da Pol\u00edcia Civil, onde foram ouvidos e liberados posteriormente.<\/p>\n<\/div>\n<div class=\"mc-column content-text active-extra-styles \" style=\"text-align: justify;\" data-block-type=\"unstyled\" data-block-weight=\"12\" data-block-id=\"11\">\n<p class=\"content-text__container \" data-track-category=\"Link no Texto\" data-track-links=\"\">As investiga\u00e7\u00f5es buscar\u00e3o esclarecer a eventual participa\u00e7\u00e3o dos tr\u00eas indiv\u00edduos no caso.<\/p>\n<\/div>\n<div class=\"row medium-uncollapsed content-media content-photo\" data-block-type=\"backstage-photo\" data-block-id=\"12\">\n<div class=\"mc-column content-media__container\">\n<figure style=\"text-align: justify;\"><img decoding=\"async\" class=\"i-amphtml-fill-content i-amphtml-replaced-content\" src=\"https:\/\/s2.glbimg.com\/-zfWAiSKYQ20WwF1TX6JVE4AKj8=\/0x0:1280x960\/984x0\/smart\/filters:strip_icc()\/i.s3.glbimg.com\/v1\/AUTH_59edd422c0c84a879bd37670ae4f538a\/internal_photos\/bs\/2020\/d\/q\/iITaykSJyID9VC8uC6tA\/gado-2.jpg\" sizes=\"(max-width: 1242px) 648px, 100vw\" srcset=\"https:\/\/s2.glbimg.com\/S_MOJpL4jyJxyd5aQFJ4ty03hkE=\/0x0:1280x960\/1000x0\/smart\/filters:strip_icc()\/i.s3.glbimg.com\/v1\/AUTH_59edd422c0c84a879bd37670ae4f538a\/internal_photos\/bs\/2020\/d\/q\/iITaykSJyID9VC8uC6tA\/gado-2.jpg 1000w, https:\/\/s2.glbimg.com\/-zfWAiSKYQ20WwF1TX6JVE4AKj8=\/0x0:1280x960\/984x0\/smart\/filters:strip_icc()\/i.s3.glbimg.com\/v1\/AUTH_59edd422c0c84a879bd37670ae4f538a\/internal_photos\/bs\/2020\/d\/q\/iITaykSJyID9VC8uC6tA\/gado-2.jpg 984w, https:\/\/s2.glbimg.com\/mLlHcF9BfkfTYuTg3WJdHUYZjcY=\/0x0:1280x960\/640x0\/smart\/filters:strip_icc()\/i.s3.glbimg.com\/v1\/AUTH_59edd422c0c84a879bd37670ae4f538a\/internal_photos\/bs\/2020\/d\/q\/iITaykSJyID9VC8uC6tA\/gado-2.jpg 640w, https:\/\/s2.glbimg.com\/eAWLQGV4ER2jhMF4ulIYxcwm-BA=\/0x0:1280x960\/600x0\/smart\/filters:strip_icc()\/i.s3.glbimg.com\/v1\/AUTH_59edd422c0c84a879bd37670ae4f538a\/internal_photos\/bs\/2020\/d\/q\/iITaykSJyID9VC8uC6tA\/gado-2.jpg 600w\" alt=\"Espingarda e muni\u00e7\u00f5es foram apreendidas em assentamento em Castilho \u2014 Foto: Pol\u00edcia Civil\" \/><\/figure>\n<p class=\"content-media__description \" style=\"text-align: justify;\">Espingarda e muni\u00e7\u00f5es foram apreendidas em assentamento em Castilho \u2014 Foto: Pol\u00edcia Civil<\/p>\n<p>Fonte: G1<\/p>\n<\/div>\n<\/div>\n<\/div>\n","protected":false},"excerpt":{"rendered":"<p>Animais da ra\u00e7a bonsmara possuem marca\u00e7\u00f5es de controle em suas orelhas. A Pol\u00edcia Civil conseguiu recuperar, nesta quarta-feira (8), 46 cabe\u00e7as de gado da ra\u00e7a bonsmara que haviam sido furtadas de uma fazenda em\u00a0Marab\u00e1 Paulista (SP). Os bovinos foram encontrados em uma est\u00e2ncia em um assentamento rural na cidade de\u00a0Castilho (SP), na regi\u00e3o de Ara\u00e7atuba [&hellip;]<\/p>\n","protected":false},"author":1,"featured_media":30302,"comment_status":"closed","ping_status":"open","sticky":false,"template":"","format":"standard","meta":{"footnotes":""},"categories":[110,2],"tags":[],"class_list":["post-30301","post","type-post","status-publish","format-standard","has-post-thumbnail","hentry","category-noticiasdestaque","category-policial"],"_links":{"self":[{"href":"https:\/\/jorgezanoni.com.br\/2019\/wp-json\/wp\/v2\/posts\/30301","targetHints":{"allow":["GET"]}}],"collection":[{"href":"https:\/\/jorgezanoni.com.br\/2019\/wp-json\/wp\/v2\/posts"}],"about":[{"href":"https:\/\/jorgezanoni.com.br\/2019\/wp-json\/wp\/v2\/types\/post"}],"author":[{"embeddable":true,"href":"https:\/\/jorgezanoni.com.br\/2019\/wp-json\/wp\/v2\/users\/1"}],"replies":[{"embeddable":true,"href":"https:\/\/jorgezanoni.com.br\/2019\/wp-json\/wp\/v2\/comments?post=30301"}],"version-history":[{"count":0,"href":"https:\/\/jorgezanoni.com.br\/2019\/wp-json\/wp\/v2\/posts\/30301\/revisions"}],"wp:featuredmedia":[{"embeddable":true,"href":"https:\/\/jorgezanoni.com.br\/2019\/wp-json\/wp\/v2\/media\/30302"}],"wp:attachment":[{"href":"https:\/\/jorgezanoni.com.br\/2019\/wp-json\/wp\/v2\/media?parent=30301"}],"wp:term":[{"taxonomy":"category","embeddable":true,"href":"https:\/\/jorgezanoni.com.br\/2019\/wp-json\/wp\/v2\/categories?post=30301"},{"taxonomy":"post_tag","embeddable":true,"href":"https:\/\/jorgezanoni.com.br\/2019\/wp-json\/wp\/v2\/tags?post=30301"}],"curies":[{"name":"wp","href":"https:\/\/api.w.org\/{rel}","templated":true}]}}