{"id":30298,"date":"2020-07-09T00:30:39","date_gmt":"2020-07-09T00:30:39","guid":{"rendered":"https:\/\/jorgezanoni.com.br\/2019\/?p=30298"},"modified":"2020-07-09T00:30:39","modified_gmt":"2020-07-09T00:30:39","slug":"instalacao-de-rede-de-fibra-otica-exige-atencao-de-motoristas-em-rodovias-do-oeste-paulista","status":"publish","type":"post","link":"https:\/\/jorgezanoni.com.br\/2019\/instalacao-de-rede-de-fibra-otica-exige-atencao-de-motoristas-em-rodovias-do-oeste-paulista\/","title":{"rendered":"Instala\u00e7\u00e3o de rede de fibra \u00f3tica exige aten\u00e7\u00e3o de motoristas em rodovias do Oeste Paulista"},"content":{"rendered":"<h2 class=\"content-head__subtitle\" style=\"text-align: justify;\"><strong>Interven\u00e7\u00f5es feitas pela Eixo SP Concession\u00e1ria de Rodovias ocorrer\u00e3o diariamente, das 7h \u00e0s 21h.<\/strong><\/h2>\n<div class=\"mc-column content-text active-extra-styles \" data-block-type=\"unstyled\" data-block-weight=\"35\" data-block-id=\"2\">\n<p class=\"content-text__container \" style=\"text-align: justify;\" data-track-category=\"Link no Texto\" data-track-links=\"\">A Eixo SP Concession\u00e1ria de Rodovias iniciou nesta quarta-feira (8) a instala\u00e7\u00e3o da rede de fibra \u00f3tica na malha rodovi\u00e1ria do Oeste Paulista. Os trabalhos s\u00e3o executados em tr\u00eas rodovias da regi\u00e3o de\u00a0<a href=\"https:\/\/g1.globo.com\/sp\/presidente-prudente-regiao\/cidade\/presidente-prudente\/\">Presidente Prudente<\/a>.<\/p>\n<\/div>\n<div class=\"wall protected-content\">\n<div class=\"mc-column content-text active-extra-styles \" style=\"text-align: justify;\" data-block-type=\"unstyled\" data-block-weight=\"15\" data-block-id=\"3\">\n<p class=\"content-text__container \" data-track-category=\"Link no Texto\" data-track-links=\"\">De acordo com a empresa, as interven\u00e7\u00f5es ocorrer\u00e3o diariamente, no hor\u00e1rio das 7h \u00e0s 21h.<\/p>\n<\/div>\n<div class=\"mc-column content-text active-extra-styles \" style=\"text-align: justify;\" data-block-type=\"unstyled\" data-block-weight=\"42\" data-block-id=\"4\">\n<p class=\"content-text__container \" data-track-category=\"Link no Texto\" data-track-links=\"\">Neste per\u00edodo, as condi\u00e7\u00f5es de tr\u00e1fego ser\u00e3o alteradas em diversos pontos das Rodovias Comandante Jo\u00e3o Ribeiro de Barros (SP-294), Prefeito Homero Severo Lins (SP-284) e Assis Chateaubriand (SP-425). Os locais estar\u00e3o devidamente sinalizados e, em caso de chuva, os servi\u00e7os ser\u00e3o reagendados.<\/p>\n<\/div>\n<div class=\"mc-column content-text active-extra-styles \" style=\"text-align: justify;\" data-block-type=\"unstyled\" data-block-weight=\"47\" data-block-id=\"5\">\n<p class=\"content-text__container \" data-track-category=\"Link no Texto\" data-track-links=\"\">Para a seguran\u00e7a dos condutores, a recomenda\u00e7\u00e3o \u00e9 que reduzam a velocidade ao transitarem por trechos onde houver o estreitamento de pista para a execu\u00e7\u00e3o dos trabalhos. Outra orienta\u00e7\u00e3o \u00e9 jamais parar na rodovia para observar a movimenta\u00e7\u00e3o das m\u00e1quinas, conduta que oferece risco de colis\u00e3o traseira.<\/p>\n<\/div>\n<div class=\"mc-column content-text active-extra-styles \" style=\"text-align: justify;\" data-block-type=\"unstyled\" data-block-weight=\"26\" data-block-id=\"6\">\n<p class=\"content-text__container \" data-track-category=\"Link no Texto\" data-track-links=\"\">Al\u00e9m da instala\u00e7\u00e3o de fibra \u00f3tica, a concession\u00e1ria tamb\u00e9m realiza, at\u00e9 domingo (12), obras de recupera\u00e7\u00e3o de pavimento da SP-294, entre Osvaldo Cruz e In\u00fabia Paulista.<\/p>\n<\/div>\n<div class=\"mc-column content-text active-extra-styles \" style=\"text-align: justify;\" data-block-type=\"unstyled\" data-block-weight=\"14\" data-block-id=\"7\">\n<p class=\"content-text__container \" data-track-category=\"Link no Texto\" data-track-links=\"\">Os trabalhos ser\u00e3o executados ente os km 567 e 580, das 7h \u00e0s 18h.<\/p>\n<\/div>\n<div class=\"mc-column content-text active-extra-styles\" style=\"text-align: justify;\" data-block-type=\"raw\" data-block-weight=\"4\" data-block-id=\"8\">\n<div class=\"content-intertitle\">\n<h2>Rede de fibra \u00f3tica<\/h2>\n<\/div>\n<\/div>\n<div class=\"mc-column content-text active-extra-styles \" style=\"text-align: justify;\" data-block-type=\"unstyled\" data-block-weight=\"41\" data-block-id=\"9\">\n<p class=\"content-text__container \" data-track-category=\"Link no Texto\" data-track-links=\"\">A rede de fibra \u00f3tica possibilita trafegar dados, imagens e v\u00eddeo em alta velocidade em toda a sua extens\u00e3o e estabelecer\u00e1 a conex\u00e3o entre todas as ferramentas tecnol\u00f3gicas que a concession\u00e1ria adotar\u00e1 nas rodovias que administra, conforme o contrato de concess\u00e3o.<\/p>\n<\/div>\n<div class=\"mc-column content-text active-extra-styles \" style=\"text-align: justify;\" data-block-type=\"unstyled\" data-block-weight=\"23\" data-block-id=\"11\">\n<p class=\"content-text__container \" data-track-category=\"Link no Texto\" data-track-links=\"\">O corredor ser\u00e1 monitorado 24h por dia por c\u00e2meras que permitir\u00e3o a identifica\u00e7\u00e3o de intercorr\u00eancias na rodovia para o acionamento do recurso operacional.<\/p>\n<\/div>\n<div class=\"mc-column content-text active-extra-styles \" style=\"text-align: justify;\" data-block-type=\"unstyled\" data-block-weight=\"41\" data-block-id=\"12\">\n<p class=\"content-text__container \" data-track-category=\"Link no Texto\" data-track-links=\"\">Ainda no pacote tecnol\u00f3gico que demanda uma rede de fibra \u00f3tica est\u00e3o previstos mais de 2 mil pontos de conex\u00e3o wi fi para o contato entre o usu\u00e1rio e o Centro de Controle Operacional (CCO) e Pain\u00e9is de Mensagens Vari\u00e1veis (PMVs).<\/p>\n<\/div>\n<div class=\"mc-column content-text active-extra-styles \" data-block-type=\"unstyled\" data-block-weight=\"46\" data-block-id=\"13\">\n<p class=\"content-text__container \" style=\"text-align: justify;\" data-track-category=\"Link no Texto\" data-track-links=\"\">Al\u00e9m de ser indispens\u00e1vel para o funcionamento da estrutura de telecom dos Servi\u00e7o de Atendimento ao Usu\u00e1rio (SAUs) e pra\u00e7as de ped\u00e1gio, a rede subsidiar\u00e1 tamb\u00e9m outros servi\u00e7os que ser\u00e3o implementados no futuro como a pesagem em movimento de caminh\u00f5es e dispositivos de sensoramento de tr\u00e1fego.<\/p>\n<p style=\"text-align: justify;\" data-track-category=\"Link no Texto\" data-track-links=\"\">Fonte: G1<\/p>\n<\/div>\n<\/div>\n","protected":false},"excerpt":{"rendered":"<p>Interven\u00e7\u00f5es feitas pela Eixo SP Concession\u00e1ria de Rodovias ocorrer\u00e3o diariamente, das 7h \u00e0s 21h. A Eixo SP Concession\u00e1ria de Rodovias iniciou nesta quarta-feira (8) a instala\u00e7\u00e3o da rede de fibra \u00f3tica na malha rodovi\u00e1ria do Oeste Paulista. Os trabalhos s\u00e3o executados em tr\u00eas rodovias da regi\u00e3o de\u00a0Presidente Prudente. De acordo com a empresa, as interven\u00e7\u00f5es [&hellip;]<\/p>\n","protected":false},"author":1,"featured_media":30299,"comment_status":"closed","ping_status":"open","sticky":false,"template":"","format":"standard","meta":{"footnotes":""},"categories":[180,110],"tags":[],"class_list":["post-30298","post","type-post","status-publish","format-standard","has-post-thumbnail","hentry","category-estradastransitoveiculos","category-noticiasdestaque"],"_links":{"self":[{"href":"https:\/\/jorgezanoni.com.br\/2019\/wp-json\/wp\/v2\/posts\/30298","targetHints":{"allow":["GET"]}}],"collection":[{"href":"https:\/\/jorgezanoni.com.br\/2019\/wp-json\/wp\/v2\/posts"}],"about":[{"href":"https:\/\/jorgezanoni.com.br\/2019\/wp-json\/wp\/v2\/types\/post"}],"author":[{"embeddable":true,"href":"https:\/\/jorgezanoni.com.br\/2019\/wp-json\/wp\/v2\/users\/1"}],"replies":[{"embeddable":true,"href":"https:\/\/jorgezanoni.com.br\/2019\/wp-json\/wp\/v2\/comments?post=30298"}],"version-history":[{"count":0,"href":"https:\/\/jorgezanoni.com.br\/2019\/wp-json\/wp\/v2\/posts\/30298\/revisions"}],"wp:featuredmedia":[{"embeddable":true,"href":"https:\/\/jorgezanoni.com.br\/2019\/wp-json\/wp\/v2\/media\/30299"}],"wp:attachment":[{"href":"https:\/\/jorgezanoni.com.br\/2019\/wp-json\/wp\/v2\/media?parent=30298"}],"wp:term":[{"taxonomy":"category","embeddable":true,"href":"https:\/\/jorgezanoni.com.br\/2019\/wp-json\/wp\/v2\/categories?post=30298"},{"taxonomy":"post_tag","embeddable":true,"href":"https:\/\/jorgezanoni.com.br\/2019\/wp-json\/wp\/v2\/tags?post=30298"}],"curies":[{"name":"wp","href":"https:\/\/api.w.org\/{rel}","templated":true}]}}