{"id":30295,"date":"2020-07-09T00:14:18","date_gmt":"2020-07-09T00:14:18","guid":{"rendered":"https:\/\/jorgezanoni.com.br\/2019\/?p=30295"},"modified":"2020-07-09T00:14:18","modified_gmt":"2020-07-09T00:14:18","slug":"presidente-prudente-registra-mais-duas-mortes-confirmadas-e-chega-a-992-casos-positivos-de-covid-19","status":"publish","type":"post","link":"https:\/\/jorgezanoni.com.br\/2019\/presidente-prudente-registra-mais-duas-mortes-confirmadas-e-chega-a-992-casos-positivos-de-covid-19\/","title":{"rendered":"Presidente Prudente registra mais duas mortes confirmadas e chega a 992 casos positivos de Covid-19"},"content":{"rendered":"<h2 class=\"content-head__subtitle\" style=\"text-align: justify;\"><strong>V\u00edtimas fatais s\u00e3o uma mulher de 83 anos e um homem de 53. Vigil\u00e2ncia Epidemiol\u00f3gica Municipal (VEM) informou que 388 pessoas aguardam resultados de exames.<\/strong><\/h2>\n<div class=\"mc-column content-text active-extra-styles \" data-block-type=\"unstyled\" data-block-weight=\"42\" data-block-id=\"2\">\n<p class=\"content-text__container \" style=\"text-align: justify;\" data-track-category=\"Link no Texto\" data-track-links=\"\">A Vigil\u00e2ncia Epidemiol\u00f3gica Municipal (VEM) divulgou mais 54 casos positivos e duas mortes confirmadas por Covid-19 em\u00a0<a href=\"https:\/\/g1.globo.com\/sp\/presidente-prudente-regiao\/cidade\/presidente-prudente\/\">Presidente Prudente<\/a>\u00a0nesta quarta-feira (8). Com esses registros, a maior cidade do Oeste Paulista chegou a 992 registros positivos e 23 \u00f3bitos confirmados da doen\u00e7a.<\/p>\n<\/div>\n<div class=\"wall protected-content\">\n<div class=\"mc-column content-text active-extra-styles \" style=\"text-align: justify;\" data-block-type=\"unstyled\" data-block-weight=\"33\" data-block-id=\"3\">\n<p class=\"content-text__container \" data-track-category=\"Link no Texto\" data-track-links=\"\">As novas v\u00edtimas fatais s\u00e3o uma mulher de 83 anos, que testou positivo no dia 23 de junho, e um homem de 53 anos, com confirma\u00e7\u00e3o da doen\u00e7a no dia 22 de junho.<\/p>\n<\/div>\n<div class=\"mc-column content-text active-extra-styles \" style=\"text-align: justify;\" data-block-type=\"unstyled\" data-block-weight=\"12\" data-block-id=\"4\">\n<p class=\"content-text__container \" data-track-category=\"Link no Texto\" data-track-links=\"\">O \u00f3rg\u00e3o municipal tamb\u00e9m divulgou 204 resultados negativos para o novo coronav\u00edrus.<\/p>\n<\/div>\n<div class=\"mc-column content-text active-extra-styles \" style=\"text-align: justify;\" data-block-type=\"unstyled\" data-block-weight=\"64\" data-block-id=\"5\">\n<p class=\"content-text__container \" data-track-category=\"Link no Texto\" data-track-links=\"\">Os novos pacientes positivos s\u00e3o 21 homens e 33 mulheres. Os casos foram registrados nas seguintes faixas et\u00e1rias: um entre 11 e 19 anos; sete entre 20 e 29 anos; seis entre 30 e 39 anos; 16 entre 40 e 49 anos; 18 entre 50 e 59 anos; cinco entre 60 e 69 anos; e um entre 70 e 79 anos, segundo a VEM.<\/p>\n<\/div>\n<div class=\"mc-column content-text active-extra-styles \" style=\"text-align: justify;\" data-block-type=\"unstyled\" data-block-weight=\"24\" data-block-id=\"6\">\n<p class=\"content-text__container \" data-track-category=\"Link no Texto\" data-track-links=\"\">Ainda foi registrado mais uma morte suspeita, referente a um homem de 89 anos. Foi realizada coleta de material para exame, conforme a Prefeitura.<\/p>\n<\/div>\n<div class=\"mc-column content-text active-extra-styles \" style=\"text-align: justify;\" data-block-type=\"unstyled\" data-block-weight=\"17\" data-block-id=\"7\">\n<p class=\"content-text__container \" data-track-category=\"Link no Texto\" data-track-links=\"\">O boletim oficial, atualizado \u00e0s 17h08, indica que 388 pessoas aguardam resultados de exames, incluindo quatro \u00f3bitos.<\/p>\n<\/div>\n<div class=\"mc-column content-text active-extra-styles \" style=\"text-align: justify;\" data-block-type=\"unstyled\" data-block-weight=\"30\" data-block-id=\"8\">\n<p class=\"content-text__container \" data-track-category=\"Link no Texto\" data-track-links=\"\">De acordo com o \u00f3rg\u00e3o municipal, 61 pessoas est\u00e3o hospitalizadas, 15 delas em Unidade de Terapia Intensiva (UTI). Entre os pacientes internados h\u00e1 casos confirmados e suspeitos, segundo a Prefeitura.<\/p>\n<\/div>\n<div class=\"mc-column content-text active-extra-styles \" style=\"text-align: justify;\" data-block-type=\"unstyled\" data-block-weight=\"14\" data-block-id=\"10\">\n<p class=\"content-text__container \" data-track-category=\"Link no Texto\" data-track-links=\"\">O balan\u00e7o ainda aponta 5.070 notifica\u00e7\u00f5es da doen\u00e7a, sendo que 3.690 j\u00e1 foram descartadas.<\/p>\n<\/div>\n<div class=\"row medium-uncollapsed content-media content-photo\" data-block-type=\"backstage-photo\" data-block-id=\"11\">\n<div class=\"column medium-22 large-20 medium-centered content-media__container\">\n<figure style=\"text-align: justify;\"><img decoding=\"async\" class=\"i-amphtml-fill-content i-amphtml-replaced-content\" src=\"https:\/\/s2.glbimg.com\/5bpkCqUV7gpAxSl3vNuDNCPZUjU=\/0x0:1184x573\/1008x0\/smart\/filters:strip_icc()\/i.s3.glbimg.com\/v1\/AUTH_59edd422c0c84a879bd37670ae4f538a\/internal_photos\/bs\/2020\/z\/8\/hHFUWtTJyTcmvLcqs86w\/evolucao-corona-08-07-20.jpg\" srcset=\"\" alt=\"Evolu\u00e7\u00e3o de casos de coronav\u00edrus em Presidente Prudente, em 8 de julho \u2014 Foto: Reprodu\u00e7\u00e3o\" \/><\/figure>\n<p class=\"content-media__description \" style=\"text-align: justify;\">Evolu\u00e7\u00e3o de casos de coronav\u00edrus em Presidente Prudente, em 8 de julho \u2014 Foto: Reprodu\u00e7\u00e3o<\/p>\n<p>Fonte: G1<\/p>\n<\/div>\n<\/div>\n<\/div>\n","protected":false},"excerpt":{"rendered":"<p>V\u00edtimas fatais s\u00e3o uma mulher de 83 anos e um homem de 53. Vigil\u00e2ncia Epidemiol\u00f3gica Municipal (VEM) informou que 388 pessoas aguardam resultados de exames. A Vigil\u00e2ncia Epidemiol\u00f3gica Municipal (VEM) divulgou mais 54 casos positivos e duas mortes confirmadas por Covid-19 em\u00a0Presidente Prudente\u00a0nesta quarta-feira (8). Com esses registros, a maior cidade do Oeste Paulista chegou [&hellip;]<\/p>\n","protected":false},"author":1,"featured_media":30296,"comment_status":"closed","ping_status":"open","sticky":false,"template":"","format":"standard","meta":{"footnotes":""},"categories":[110,122],"tags":[],"class_list":["post-30295","post","type-post","status-publish","format-standard","has-post-thumbnail","hentry","category-noticiasdestaque","category-saudeeducacaoeconcurso"],"_links":{"self":[{"href":"https:\/\/jorgezanoni.com.br\/2019\/wp-json\/wp\/v2\/posts\/30295","targetHints":{"allow":["GET"]}}],"collection":[{"href":"https:\/\/jorgezanoni.com.br\/2019\/wp-json\/wp\/v2\/posts"}],"about":[{"href":"https:\/\/jorgezanoni.com.br\/2019\/wp-json\/wp\/v2\/types\/post"}],"author":[{"embeddable":true,"href":"https:\/\/jorgezanoni.com.br\/2019\/wp-json\/wp\/v2\/users\/1"}],"replies":[{"embeddable":true,"href":"https:\/\/jorgezanoni.com.br\/2019\/wp-json\/wp\/v2\/comments?post=30295"}],"version-history":[{"count":0,"href":"https:\/\/jorgezanoni.com.br\/2019\/wp-json\/wp\/v2\/posts\/30295\/revisions"}],"wp:featuredmedia":[{"embeddable":true,"href":"https:\/\/jorgezanoni.com.br\/2019\/wp-json\/wp\/v2\/media\/30296"}],"wp:attachment":[{"href":"https:\/\/jorgezanoni.com.br\/2019\/wp-json\/wp\/v2\/media?parent=30295"}],"wp:term":[{"taxonomy":"category","embeddable":true,"href":"https:\/\/jorgezanoni.com.br\/2019\/wp-json\/wp\/v2\/categories?post=30295"},{"taxonomy":"post_tag","embeddable":true,"href":"https:\/\/jorgezanoni.com.br\/2019\/wp-json\/wp\/v2\/tags?post=30295"}],"curies":[{"name":"wp","href":"https:\/\/api.w.org\/{rel}","templated":true}]}}