{"id":3029,"date":"2019-08-05T15:24:52","date_gmt":"2019-08-05T15:24:52","guid":{"rendered":"https:\/\/jorgezanoni.com.br\/2019\/?p=3029"},"modified":"2019-08-05T15:24:52","modified_gmt":"2019-08-05T15:24:52","slug":"docente-da-unifadra-participa-de-congresso-de-educacao","status":"publish","type":"post","link":"https:\/\/jorgezanoni.com.br\/2019\/docente-da-unifadra-participa-de-congresso-de-educacao\/","title":{"rendered":"Docente da Unifadra participa de Congresso de Educa\u00e7\u00e3o"},"content":{"rendered":"<p style=\"font-weight: 400; text-align: justify;\">A professora do curso de Psicologia da Unifadra\/Dracena Esp. F\u00e1tima Simone Silva Pereira Consoni esteve no VII Congresso Brasileiro de Educa\u00e7\u00e3o \u2013 CBE, na Unesp de Bauru\/SP, de 22 a 25 de julho.<\/p>\n<p style=\"font-weight: 400; text-align: justify;\">O tema de 2019 do evento foi \u201cEduca\u00e7\u00e3o p\u00fablica como direito: desafios e perspectivas no Brasil contempor\u00e2neo\u201d. Simone Consoni ressaltou que participou do evento com o objetivo de promover reflex\u00f5es e construir conhecimentos na sua pr\u00e1tica docente junto aos acad\u00eamicos em sala de aula, assim como nas supervis\u00f5es de Est\u00e1gio B\u00e1sico na \u00e1rea escolar no curso de Psicologia.\u00a0 O evento apresentou e discutiu pesquisas sobre pol\u00edtica, programas e projetos de forma\u00e7\u00e3o de professores.<\/p>\n<p style=\"font-weight: 400; text-align: justify;\">\u201cConsiderando a Educa\u00e7\u00e3o enquanto Institui\u00e7\u00e3o para a forma\u00e7\u00e3o de cidad\u00e3os, o\u00a0sujeito que se forma em nossa realidade n\u00e3o \u00e9 mais entendido como agente passivo em seu meio t\u00e3o complexo. Neste contexto, \u00e9 importante salientar que a educa\u00e7\u00e3o \u00e9 uma pr\u00e1tica social que visa o desenvolvimento do ser humano, de suas potencialidades, compreendendo a autonomia e senso cr\u00edtico, aprimorando habilidades e compet\u00eancias para contribui\u00e7\u00e3o de uma sociedade melhor e democr\u00e1tica\u201d, comentou a professora da Unifadra.<\/p>\n<p style=\"font-weight: 400; text-align: justify;\">Carolina Colnago<\/p>\n<p style=\"font-weight: 400; text-align: justify;\">Assessora de Comunica\u00e7\u00e3o da Fundec &#8211; Jornalista<\/p>\n<p style=\"text-align: justify;\">Foto:\u00a0Profa. Esp. F\u00e1tima Simone Silva Pereira Consoni no Congresso Brasileiro de Educa\u00e7\u00e3o, em Bauru\/SP.<\/p>\n","protected":false},"excerpt":{"rendered":"<p>A professora do curso de Psicologia da Unifadra\/Dracena Esp. F\u00e1tima Simone Silva Pereira Consoni esteve no VII Congresso Brasileiro de Educa\u00e7\u00e3o \u2013 CBE, na Unesp de Bauru\/SP, de 22 a 25 de julho. O tema de 2019 do evento foi \u201cEduca\u00e7\u00e3o p\u00fablica como direito: desafios e perspectivas no Brasil contempor\u00e2neo\u201d. Simone Consoni ressaltou que participou [&hellip;]<\/p>\n","protected":false},"author":1,"featured_media":3030,"comment_status":"closed","ping_status":"open","sticky":false,"template":"","format":"standard","meta":{"footnotes":""},"categories":[110],"tags":[],"class_list":["post-3029","post","type-post","status-publish","format-standard","has-post-thumbnail","hentry","category-noticiasdestaque"],"_links":{"self":[{"href":"https:\/\/jorgezanoni.com.br\/2019\/wp-json\/wp\/v2\/posts\/3029","targetHints":{"allow":["GET"]}}],"collection":[{"href":"https:\/\/jorgezanoni.com.br\/2019\/wp-json\/wp\/v2\/posts"}],"about":[{"href":"https:\/\/jorgezanoni.com.br\/2019\/wp-json\/wp\/v2\/types\/post"}],"author":[{"embeddable":true,"href":"https:\/\/jorgezanoni.com.br\/2019\/wp-json\/wp\/v2\/users\/1"}],"replies":[{"embeddable":true,"href":"https:\/\/jorgezanoni.com.br\/2019\/wp-json\/wp\/v2\/comments?post=3029"}],"version-history":[{"count":0,"href":"https:\/\/jorgezanoni.com.br\/2019\/wp-json\/wp\/v2\/posts\/3029\/revisions"}],"wp:featuredmedia":[{"embeddable":true,"href":"https:\/\/jorgezanoni.com.br\/2019\/wp-json\/wp\/v2\/media\/3030"}],"wp:attachment":[{"href":"https:\/\/jorgezanoni.com.br\/2019\/wp-json\/wp\/v2\/media?parent=3029"}],"wp:term":[{"taxonomy":"category","embeddable":true,"href":"https:\/\/jorgezanoni.com.br\/2019\/wp-json\/wp\/v2\/categories?post=3029"},{"taxonomy":"post_tag","embeddable":true,"href":"https:\/\/jorgezanoni.com.br\/2019\/wp-json\/wp\/v2\/tags?post=3029"}],"curies":[{"name":"wp","href":"https:\/\/api.w.org\/{rel}","templated":true}]}}