{"id":30269,"date":"2020-07-08T22:10:50","date_gmt":"2020-07-08T22:10:50","guid":{"rendered":"https:\/\/jorgezanoni.com.br\/2019\/?p=30269"},"modified":"2020-07-08T22:10:50","modified_gmt":"2020-07-08T22:10:50","slug":"bragato-informa-que-regiao-de-prudente-podera-passar-para-a-fase-laranja-do-plano-sao-paulo-a-partir-de-segunda-feira","status":"publish","type":"post","link":"https:\/\/jorgezanoni.com.br\/2019\/bragato-informa-que-regiao-de-prudente-podera-passar-para-a-fase-laranja-do-plano-sao-paulo-a-partir-de-segunda-feira\/","title":{"rendered":"Bragato informa que regi\u00e3o de Prudente poder\u00e1 passar para a fase laranja do Plano S\u00e3o Paulo a partir de segunda-feira"},"content":{"rendered":"<p style=\"text-align: justify;\">O deputado Mauro Bragato esteve em S\u00e3o Paulo na ter\u00e7a-feira, 07\/07 em audi\u00eancia na secretaria de desenvolvimento regional onde se reuniu com o secret\u00e1rio-executivo Rubens Cury para apresentar os \u00edndices regionais de sa\u00fade.<br \/>\nBragato disse que n\u00famero de obtos \u00e9 baixo em rela\u00e7\u00e3o a outras regi\u00f5es do estado e a estrutura hospitalar est\u00e1 sendo adequada com novos leitos cl\u00ednicos e de UTI em diversos hospitais da regi\u00e3o.<br \/>\nBragato apresentou uma solicita\u00e7\u00e3o para acelerar a instala\u00e7\u00e3o de mais 10 leitos no Hospital Regional de Presidente Prudente e outros 10 em Presidente Epit\u00e1cio, onde j\u00e1 existe uma estrutura preparada para a implanta\u00e7\u00e3o.<br \/>\nRubens Cury disse que na sexta-feira 10\/07, durante o pronunciamento do governador Jo\u00e3o Doria a chance \u00e9 muito grande que a regi\u00e3o estabele\u00e7a um novo n\u00edvel no Plano S\u00e3o Paulo, ascendendo da fase vermelha para a laranja.<br \/>\nAinda na reuni\u00e3o Bragato cobrou a libera\u00e7\u00e3o de recursos para o Hospital do C\u00e2ncer de Presidente Prudente para sua manuten\u00e7\u00e3o at\u00e9 o final de 2020.<\/p>\n<p style=\"text-align: justify;\">Fonte: Assessoria de Imprensa<\/p>\n","protected":false},"excerpt":{"rendered":"<p>O deputado Mauro Bragato esteve em S\u00e3o Paulo na ter\u00e7a-feira, 07\/07 em audi\u00eancia na secretaria de desenvolvimento regional onde se reuniu com o secret\u00e1rio-executivo Rubens Cury para apresentar os \u00edndices regionais de sa\u00fade. Bragato disse que n\u00famero de obtos \u00e9 baixo em rela\u00e7\u00e3o a outras regi\u00f5es do estado e a estrutura hospitalar est\u00e1 sendo adequada [&hellip;]<\/p>\n","protected":false},"author":1,"featured_media":30270,"comment_status":"closed","ping_status":"open","sticky":false,"template":"","format":"standard","meta":{"footnotes":""},"categories":[110,116],"tags":[],"class_list":["post-30269","post","type-post","status-publish","format-standard","has-post-thumbnail","hentry","category-noticiasdestaque","category-politicaeeconomia"],"_links":{"self":[{"href":"https:\/\/jorgezanoni.com.br\/2019\/wp-json\/wp\/v2\/posts\/30269","targetHints":{"allow":["GET"]}}],"collection":[{"href":"https:\/\/jorgezanoni.com.br\/2019\/wp-json\/wp\/v2\/posts"}],"about":[{"href":"https:\/\/jorgezanoni.com.br\/2019\/wp-json\/wp\/v2\/types\/post"}],"author":[{"embeddable":true,"href":"https:\/\/jorgezanoni.com.br\/2019\/wp-json\/wp\/v2\/users\/1"}],"replies":[{"embeddable":true,"href":"https:\/\/jorgezanoni.com.br\/2019\/wp-json\/wp\/v2\/comments?post=30269"}],"version-history":[{"count":0,"href":"https:\/\/jorgezanoni.com.br\/2019\/wp-json\/wp\/v2\/posts\/30269\/revisions"}],"wp:featuredmedia":[{"embeddable":true,"href":"https:\/\/jorgezanoni.com.br\/2019\/wp-json\/wp\/v2\/media\/30270"}],"wp:attachment":[{"href":"https:\/\/jorgezanoni.com.br\/2019\/wp-json\/wp\/v2\/media?parent=30269"}],"wp:term":[{"taxonomy":"category","embeddable":true,"href":"https:\/\/jorgezanoni.com.br\/2019\/wp-json\/wp\/v2\/categories?post=30269"},{"taxonomy":"post_tag","embeddable":true,"href":"https:\/\/jorgezanoni.com.br\/2019\/wp-json\/wp\/v2\/tags?post=30269"}],"curies":[{"name":"wp","href":"https:\/\/api.w.org\/{rel}","templated":true}]}}