{"id":30266,"date":"2020-07-08T21:58:22","date_gmt":"2020-07-08T21:58:22","guid":{"rendered":"https:\/\/jorgezanoni.com.br\/2019\/?p=30266"},"modified":"2020-07-08T21:58:22","modified_gmt":"2020-07-08T21:58:22","slug":"justica-aceita-denuncia-do-mp-no-caso-dos-tablets-superfaturados-em-marilia-nove-viram-reus","status":"publish","type":"post","link":"https:\/\/jorgezanoni.com.br\/2019\/justica-aceita-denuncia-do-mp-no-caso-dos-tablets-superfaturados-em-marilia-nove-viram-reus\/","title":{"rendered":"Justi\u00e7a aceita den\u00fancia do MP no caso dos tablets superfaturados em Mar\u00edlia; nove viram r\u00e9us"},"content":{"rendered":"<h2 class=\"content-head__subtitle\" style=\"text-align: justify;\"><strong>Vereador Danilo Bigeschi (PSB) foi um dos alvos da opera\u00e7\u00e3o da PF que investiga a compra de 450 tablets pela Secretaria de Sa\u00fade em 2016.<\/strong><\/h2>\n<div class=\"mc-column content-text active-extra-styles \" data-block-type=\"unstyled\" data-block-weight=\"40\" data-block-id=\"2\">\n<p class=\"content-text__container \" style=\"text-align: justify;\" data-track-category=\"Link no Texto\" data-track-links=\"\">A Justi\u00e7a Federal aceitou a den\u00fancia do Minist\u00e9rio P\u00fablico por crimes de responsabilidade no caso dos tablets superfaturados na Secret\u00e1ria de Sa\u00fade de Mar\u00edlia (SP). O vereador Danilo Bigeschi (PSB) e outras oito pessoas se tornaram r\u00e9us no processo.<\/p>\n<\/div>\n<div class=\"wall protected-content\">\n<div class=\"mc-column content-text active-extra-styles \" data-block-type=\"unstyled\" data-block-weight=\"34\" data-block-id=\"3\">\n<p class=\"content-text__container \" style=\"text-align: justify;\" data-track-category=\"Link no Texto\" data-track-links=\"\">O caso ficou conhecido como Opera\u00e7\u00e3o Reboot. Em 2016, a Secretaria de Sa\u00fade do munic\u00edpio comprou 450 tablets com verbas do Minist\u00e9rio da Sa\u00fade e seriam utilizados no trabalho de combate \u00e0 dengue.<\/p>\n<p style=\"text-align: justify;\" data-track-category=\"Link no Texto\" data-track-links=\"\">Segundo a PF, na \u00e9poca, quase R$ 1,1 milh\u00e3o foi gasto na compra e o preju\u00edzo aos cofres p\u00fablicos pode passar de R$ 500 mil.<\/p>\n<div class=\"mc-column content-text active-extra-styles \" style=\"text-align: justify;\" data-block-type=\"unstyled\" data-block-weight=\"37\" data-block-id=\"7\">\n<p class=\"content-text__container \" data-track-category=\"Link no Texto\" data-track-links=\"\">Agora, os r\u00e9us t\u00eam dez dias para recorrer da decis\u00e3o da Justi\u00e7a Federal. Em nota, o vereador Danilo Bigeschi disse que desconhece qualquer irregularidade na compra de equipamentos ou servi\u00e7os e que nunca participou de processos licitat\u00f3rios.<\/p>\n<\/div>\n<div class=\"row medium-uncollapsed content-media content-photo\" style=\"text-align: justify;\" data-block-type=\"backstage-photo\" data-block-id=\"8\">\n<div class=\"mc-column content-media__container\">\n<figure><img decoding=\"async\" class=\"i-amphtml-fill-content i-amphtml-replaced-content\" src=\"https:\/\/s2.glbimg.com\/qr6iZjovI4wLYfE5K_7Dgar8PKY=\/0x0:1032x581\/984x0\/smart\/filters:strip_icc()\/i.s3.glbimg.com\/v1\/AUTH_59edd422c0c84a879bd37670ae4f538a\/internal_photos\/bs\/2018\/7\/b\/j7B1wpSBA3HUr6EctAhA\/2352b889-84a3-44df-86ba-6605a1f19547.jpg\" sizes=\"(max-width: 1242px) 648px, 100vw\" srcset=\"https:\/\/s2.glbimg.com\/vYKC1BaLxMYdpSXGJsoLes_LvFQ=\/0x0:1032x581\/1000x0\/smart\/filters:strip_icc()\/i.s3.glbimg.com\/v1\/AUTH_59edd422c0c84a879bd37670ae4f538a\/internal_photos\/bs\/2018\/7\/b\/j7B1wpSBA3HUr6EctAhA\/2352b889-84a3-44df-86ba-6605a1f19547.jpg 1000w, https:\/\/s2.glbimg.com\/qr6iZjovI4wLYfE5K_7Dgar8PKY=\/0x0:1032x581\/984x0\/smart\/filters:strip_icc()\/i.s3.glbimg.com\/v1\/AUTH_59edd422c0c84a879bd37670ae4f538a\/internal_photos\/bs\/2018\/7\/b\/j7B1wpSBA3HUr6EctAhA\/2352b889-84a3-44df-86ba-6605a1f19547.jpg 984w, https:\/\/s2.glbimg.com\/FoybXXTKrNu7uldBV60z50pnCmQ=\/0x0:1032x581\/640x0\/smart\/filters:strip_icc()\/i.s3.glbimg.com\/v1\/AUTH_59edd422c0c84a879bd37670ae4f538a\/internal_photos\/bs\/2018\/7\/b\/j7B1wpSBA3HUr6EctAhA\/2352b889-84a3-44df-86ba-6605a1f19547.jpg 640w, https:\/\/s2.glbimg.com\/lDuQzum4-hqWKi4nZYiNnqWc6E0=\/0x0:1032x581\/600x0\/smart\/filters:strip_icc()\/i.s3.glbimg.com\/v1\/AUTH_59edd422c0c84a879bd37670ae4f538a\/internal_photos\/bs\/2018\/7\/b\/j7B1wpSBA3HUr6EctAhA\/2352b889-84a3-44df-86ba-6605a1f19547.jpg 600w\" alt=\"PF cumpriu mandados de busca e apreendeu tablets e equipamentos em Mar\u00edlia \u2014 Foto: Juliana Pineda\/TV TEM \" \/><\/figure>\n<p class=\"content-media__description \">PF cumpriu mandados de busca e apreendeu tablets e equipamentos em Mar\u00edlia \u2014 Foto: Juliana Pineda\/TV TEM<\/p>\n<\/div>\n<\/div>\n<div class=\"mc-column content-text active-extra-styles \" style=\"text-align: justify;\" data-block-type=\"unstyled\" data-block-weight=\"35\" data-block-id=\"9\">\n<p class=\"content-text__container \" data-track-category=\"Link no Texto\" data-track-links=\"\"><a href=\"https:\/\/g1.globo.com\/sp\/bauru-marilia\/noticia\/policia-federal-faz-operacao-que-investiga-fraude-na-compra-de-tablets-em-marilia.ghtml\">Na primeira fase da opera\u00e7\u00e3o, em 2018, policiais federais cumpriram 12 mandados de busca.<\/a>\u00a0O vereador Danilo Bigeschi, que na \u00e9poca ocupava cargo comissionado na Secretaria de Sa\u00fade, foi um dos alvos da opera\u00e7\u00e3o.<\/p>\n<\/div>\n<div class=\"mc-column content-text active-extra-styles \" style=\"text-align: justify;\" data-block-type=\"unstyled\" data-block-weight=\"39\" data-block-id=\"10\">\n<p class=\"content-text__container \" data-track-category=\"Link no Texto\" data-track-links=\"\">Ainda de acordo com a Pol\u00edcia Federal, a empresa de Mar\u00edlia que vendeu os tablets \u00e9 do cunhado do vereador e ela teria sido beneficiada por uma cl\u00e1usula no edital que restringia a participa\u00e7\u00e3o de outras concorrentes na licita\u00e7\u00e3o.<\/p>\n<\/div>\n<div class=\"mc-column content-text active-extra-styles \" data-block-type=\"unstyled\" data-block-weight=\"18\" data-block-id=\"11\">\n<p class=\"content-text__container \" style=\"text-align: justify;\" data-track-category=\"Link no Texto\" data-track-links=\"\">Na segunda fase,\u00a0<a href=\"https:\/\/g1.globo.com\/sp\/bauru-marilia\/noticia\/2019\/06\/18\/pf-deflagra-2a-fase-de-operacao-contra-superfaturamento-na-compra-de-tablets-em-marilia.ghtml\">outros tr\u00eas mandados de busca e apreens\u00e3o foram cumpridos<\/a>\u00a0em Mar\u00edlia e Cotia (SP).<\/p>\n<p style=\"text-align: justify;\" data-track-category=\"Link no Texto\" data-track-links=\"\">Fonte: G1<\/p>\n<\/div>\n<\/div>\n<\/div>\n","protected":false},"excerpt":{"rendered":"<p>Vereador Danilo Bigeschi (PSB) foi um dos alvos da opera\u00e7\u00e3o da PF que investiga a compra de 450 tablets pela Secretaria de Sa\u00fade em 2016. A Justi\u00e7a Federal aceitou a den\u00fancia do Minist\u00e9rio P\u00fablico por crimes de responsabilidade no caso dos tablets superfaturados na Secret\u00e1ria de Sa\u00fade de Mar\u00edlia (SP). O vereador Danilo Bigeschi (PSB) [&hellip;]<\/p>\n","protected":false},"author":1,"featured_media":30267,"comment_status":"closed","ping_status":"open","sticky":false,"template":"","format":"standard","meta":{"footnotes":""},"categories":[120,110],"tags":[],"class_list":["post-30266","post","type-post","status-publish","format-standard","has-post-thumbnail","hentry","category-justicahabitacaotecnologia","category-noticiasdestaque"],"_links":{"self":[{"href":"https:\/\/jorgezanoni.com.br\/2019\/wp-json\/wp\/v2\/posts\/30266","targetHints":{"allow":["GET"]}}],"collection":[{"href":"https:\/\/jorgezanoni.com.br\/2019\/wp-json\/wp\/v2\/posts"}],"about":[{"href":"https:\/\/jorgezanoni.com.br\/2019\/wp-json\/wp\/v2\/types\/post"}],"author":[{"embeddable":true,"href":"https:\/\/jorgezanoni.com.br\/2019\/wp-json\/wp\/v2\/users\/1"}],"replies":[{"embeddable":true,"href":"https:\/\/jorgezanoni.com.br\/2019\/wp-json\/wp\/v2\/comments?post=30266"}],"version-history":[{"count":0,"href":"https:\/\/jorgezanoni.com.br\/2019\/wp-json\/wp\/v2\/posts\/30266\/revisions"}],"wp:featuredmedia":[{"embeddable":true,"href":"https:\/\/jorgezanoni.com.br\/2019\/wp-json\/wp\/v2\/media\/30267"}],"wp:attachment":[{"href":"https:\/\/jorgezanoni.com.br\/2019\/wp-json\/wp\/v2\/media?parent=30266"}],"wp:term":[{"taxonomy":"category","embeddable":true,"href":"https:\/\/jorgezanoni.com.br\/2019\/wp-json\/wp\/v2\/categories?post=30266"},{"taxonomy":"post_tag","embeddable":true,"href":"https:\/\/jorgezanoni.com.br\/2019\/wp-json\/wp\/v2\/tags?post=30266"}],"curies":[{"name":"wp","href":"https:\/\/api.w.org\/{rel}","templated":true}]}}