{"id":30263,"date":"2020-07-08T21:28:01","date_gmt":"2020-07-08T21:28:01","guid":{"rendered":"https:\/\/jorgezanoni.com.br\/2019\/?p=30263"},"modified":"2020-07-08T21:28:01","modified_gmt":"2020-07-08T21:28:01","slug":"prefeito-cassado-de-iacanga-retorna-ao-cargo-apos-decisao-do-tse","status":"publish","type":"post","link":"https:\/\/jorgezanoni.com.br\/2019\/prefeito-cassado-de-iacanga-retorna-ao-cargo-apos-decisao-do-tse\/","title":{"rendered":"Prefeito cassado de Iacanga retorna ao cargo ap\u00f3s decis\u00e3o do TSE"},"content":{"rendered":"<h2 class=\"content-head__subtitle\" style=\"text-align: justify;\"><strong>Ismael Edson Boiani (PSB) foi cassado em maio deste ano acusado por uso irregular de fundo para educa\u00e7\u00e3o. Decis\u00e3o do TSE tem car\u00e1ter excepcional.<\/strong><\/h2>\n<div class=\"mc-column content-text active-extra-styles \" data-block-type=\"unstyled\" data-block-weight=\"40\" data-block-id=\"2\">\n<p class=\"content-text__container \" style=\"text-align: justify;\" data-track-category=\"Link no Texto\" data-track-links=\"\">O prefeito de Iacanga (SP), Ismael Edson Boiani (PSB), retornou ao cargo depois de uma decis\u00e3o tomada pelo Tribunal Superior Eleitoral (TSE) nesta ter\u00e7a-feira (7). Ele\u00a0<a href=\"https:\/\/g1.globo.com\/sp\/bauru-marilia\/noticia\/2020\/05\/13\/tse-cassa-mandato-de-prefeito-de-iacanga-por-uso-irregular-de-fundo-para-educacao.ghtml\">foi cassado em maio deste ano acusado por uso irregular de fundo para educa\u00e7\u00e3o<\/a>.<\/p>\n<\/div>\n<div class=\"wall protected-content\">\n<div class=\"mc-column content-text active-extra-styles \" style=\"text-align: justify;\" data-block-type=\"unstyled\" data-block-weight=\"29\" data-block-id=\"3\">\n<p class=\"content-text__container \" data-track-category=\"Link no Texto\" data-track-links=\"\">O presidente do TSE, Luiz Edson Fachin, aceitou o pedido de efeito suspensivo da decis\u00e3o que indeferiu o registro de candidatura de Boiani ao cargo de prefeito de Iacanga.<\/p>\n<\/div>\n<div class=\"mc-column content-text active-extra-styles \" data-block-type=\"unstyled\" data-block-weight=\"44\" data-block-id=\"4\">\n<p class=\"content-text__container \" style=\"text-align: justify;\" data-track-category=\"Link no Texto\" data-track-links=\"\">Segundo o Tribunal, a decis\u00e3o tem car\u00e1ter excepcional, considerando a situa\u00e7\u00e3o de anormalidade na sa\u00fade p\u00fablica e a impossibilidade de realiza\u00e7\u00e3o de novas elei\u00e7\u00f5es devido \u00e0 pandemia. A decis\u00e3o, no entanto, n\u00e3o afasta outros efeitos da decis\u00e3o condenat\u00f3ria, como a inelegibilidade para pleitos futuros.<\/p>\n<div class=\"mc-column content-text active-extra-styles \" style=\"text-align: justify;\" data-block-type=\"unstyled\" data-block-weight=\"39\" data-block-id=\"7\">\n<p class=\"content-text__container \" data-track-category=\"Link no Texto\" data-track-links=\"\">Ismael Boiani teve mandato cassado no dia 12 de maio deste ano devido a irregularidades comprovadas em rela\u00e7\u00e3o ao uso m\u00ednimo obrigat\u00f3rio de 95% da verba do Fundo de Manuten\u00e7\u00e3o e Desenvolvimento da Educa\u00e7\u00e3o B\u00e1sica (Fundeb) em 2011.<\/p>\n<\/div>\n<div class=\"mc-column content-text active-extra-styles \" style=\"text-align: justify;\" data-block-type=\"unstyled\" data-block-weight=\"40\" data-block-id=\"8\">\n<p class=\"content-text__container \" data-track-category=\"Link no Texto\" data-track-links=\"\">Naquele ano, Boiani estava no pen\u00faltimo ano de sua segunda gest\u00e3o como prefeito de Iacanga, e o percentual utilizado no Fundeb foi 94,73%. Outro apontamento na decis\u00e3o \u00e9 que a prefeitura abriu na \u00e9poca cr\u00e9ditos adicionais sem pr\u00e9via autoriza\u00e7\u00e3o administrativa.<\/p>\n<\/div>\n<div class=\"mc-column content-media content-video\" data-block-type=\"backstage-video\" data-block-id=\"9\">\n<div class=\"content-media__container\">\n<div class=\"content-video__bigger-player-description-fixer\">\n<article class=\"content-video\">\n<section class=\"content-video__video-container\">\n<div class=\"content-video__video\">\n<div class=\"content-video__placeholder\" style=\"text-align: justify;\" data-video-id=\"8682316\">Fonte: G1<\/div>\n<\/div>\n<\/section>\n<\/article>\n<\/div>\n<\/div>\n<\/div>\n<\/div>\n<\/div>\n","protected":false},"excerpt":{"rendered":"<p>Ismael Edson Boiani (PSB) foi cassado em maio deste ano acusado por uso irregular de fundo para educa\u00e7\u00e3o. Decis\u00e3o do TSE tem car\u00e1ter excepcional. O prefeito de Iacanga (SP), Ismael Edson Boiani (PSB), retornou ao cargo depois de uma decis\u00e3o tomada pelo Tribunal Superior Eleitoral (TSE) nesta ter\u00e7a-feira (7). Ele\u00a0foi cassado em maio deste ano [&hellip;]<\/p>\n","protected":false},"author":1,"featured_media":30264,"comment_status":"closed","ping_status":"open","sticky":false,"template":"","format":"standard","meta":{"footnotes":""},"categories":[110,116],"tags":[],"class_list":["post-30263","post","type-post","status-publish","format-standard","has-post-thumbnail","hentry","category-noticiasdestaque","category-politicaeeconomia"],"_links":{"self":[{"href":"https:\/\/jorgezanoni.com.br\/2019\/wp-json\/wp\/v2\/posts\/30263","targetHints":{"allow":["GET"]}}],"collection":[{"href":"https:\/\/jorgezanoni.com.br\/2019\/wp-json\/wp\/v2\/posts"}],"about":[{"href":"https:\/\/jorgezanoni.com.br\/2019\/wp-json\/wp\/v2\/types\/post"}],"author":[{"embeddable":true,"href":"https:\/\/jorgezanoni.com.br\/2019\/wp-json\/wp\/v2\/users\/1"}],"replies":[{"embeddable":true,"href":"https:\/\/jorgezanoni.com.br\/2019\/wp-json\/wp\/v2\/comments?post=30263"}],"version-history":[{"count":0,"href":"https:\/\/jorgezanoni.com.br\/2019\/wp-json\/wp\/v2\/posts\/30263\/revisions"}],"wp:featuredmedia":[{"embeddable":true,"href":"https:\/\/jorgezanoni.com.br\/2019\/wp-json\/wp\/v2\/media\/30264"}],"wp:attachment":[{"href":"https:\/\/jorgezanoni.com.br\/2019\/wp-json\/wp\/v2\/media?parent=30263"}],"wp:term":[{"taxonomy":"category","embeddable":true,"href":"https:\/\/jorgezanoni.com.br\/2019\/wp-json\/wp\/v2\/categories?post=30263"},{"taxonomy":"post_tag","embeddable":true,"href":"https:\/\/jorgezanoni.com.br\/2019\/wp-json\/wp\/v2\/tags?post=30263"}],"curies":[{"name":"wp","href":"https:\/\/api.w.org\/{rel}","templated":true}]}}