{"id":30260,"date":"2020-07-08T21:17:51","date_gmt":"2020-07-08T21:17:51","guid":{"rendered":"https:\/\/jorgezanoni.com.br\/2019\/?p=30260"},"modified":"2020-07-08T21:17:51","modified_gmt":"2020-07-08T21:17:51","slug":"papa-francisco-demite-padre-da-diocese-de-marilia-que-estava-sob-investigacao-desde-2015","status":"publish","type":"post","link":"https:\/\/jorgezanoni.com.br\/2019\/papa-francisco-demite-padre-da-diocese-de-marilia-que-estava-sob-investigacao-desde-2015\/","title":{"rendered":"Papa Francisco &#8216;demite&#8217; padre da Diocese de Marilia que estava sob investiga\u00e7\u00e3o desde 2015"},"content":{"rendered":"<h2 class=\"content-head__subtitle\" style=\"text-align: justify;\"><strong>Segundo a Diocese de Mar\u00edlia, demiss\u00e3o do padre Cl\u00e9cio Ribeiro, que estava afastado desde dezembro de 2015, aconteceu ap\u00f3s o fim da investiga\u00e7\u00e3o de \u2018den\u00fancias graves\u2019.<\/strong><\/h2>\n<p style=\"text-align: justify;\"><strong>Padre Cl\u00e9cio Ribeiro era reitor da Catedral de S\u00e3o Bento de Mar\u00edlia quando foi afastado em dezembro de 2015: Igreja n\u00e3o informa motivo<\/strong><\/p>\n<div class=\"mc-column content-text active-extra-styles \" style=\"text-align: justify;\" data-block-type=\"unstyled\" data-block-weight=\"34\" data-block-id=\"2\">\n<p class=\"content-text__container \" data-track-category=\"Link no Texto\" data-track-links=\"\">A Diocese de Mar\u00edlia, interior paulista, anunciou nesta ter\u00e7a-feira (7) o afastamento definitivo do padre Cl\u00e9cio Ribeiro, que agora deixa de ser sacerdote da Igreja Cat\u00f3lica ap\u00f3s decis\u00e3o emitida pelo Papa Francisco.<\/p>\n<\/div>\n<div class=\"wall protected-content\">\n<div class=\"mc-column content-text active-extra-styles \" style=\"text-align: justify;\" data-block-type=\"unstyled\" data-block-weight=\"25\" data-block-id=\"3\">\n<p class=\"content-text__container \" data-track-category=\"Link no Texto\" data-track-links=\"\">A circular assinada pelo bispo diocesano Dom Luiz Antonio Cipolini informa que a decis\u00e3o do papa \u00e9 \u201cinapel\u00e1vel e n\u00e3o est\u00e1 sujeita a qualquer recurso\u201d.<\/p>\n<\/div>\n<div class=\"mc-column content-text active-extra-styles \" style=\"text-align: justify;\" data-block-type=\"unstyled\" data-block-weight=\"31\" data-block-id=\"4\">\n<p class=\"content-text__container \" data-track-category=\"Link no Texto\" data-track-links=\"\">Ainda segundo a diocese, o afastamento do padre se deu ap\u00f3s o t\u00e9rmino do processo de investiga\u00e7\u00e3o interna de \u201cden\u00fancias graves\u201d que culminaram com a decis\u00e3o tomada pelo Papa Francisco.<\/p>\n<\/div>\n<div class=\"mc-column content-text active-extra-styles \" style=\"text-align: justify;\" data-block-type=\"unstyled\" data-block-weight=\"32\" data-block-id=\"5\">\n<p class=\"content-text__container \" data-track-category=\"Link no Texto\" data-track-links=\"\">O padre Cl\u00e9cio Ribeiro havia sido afastado no dia 4 de dezembro de 2015 e, desde ent\u00e3o, passou por todo o processo can\u00f4nico at\u00e9 ter decretada a sua &#8220;demiss\u00e3o do estado clerical&#8221;.<\/p>\n<\/div>\n<div class=\"mc-column content-text active-extra-styles \" style=\"text-align: justify;\" data-block-type=\"unstyled\" data-block-weight=\"24\" data-block-id=\"6\">\n<p class=\"content-text__container \" data-track-category=\"Link no Texto\" data-track-links=\"\">Na \u00e9poca das den\u00fancias e de seu afastamento, o padre, nascido em Tup\u00e3 (SP), era reitor da Catedral de S\u00e3o Bento em Mar\u00edlia.<\/p>\n<\/div>\n<div class=\"mc-column content-text active-extra-styles \" style=\"text-align: justify;\" data-block-type=\"unstyled\" data-block-weight=\"26\" data-block-id=\"7\">\n<p class=\"content-text__container \" data-track-category=\"Link no Texto\" data-track-links=\"\">A Igreja n\u00e3o divulgou o motivo de seu afastamento e posterior demiss\u00e3o. A reportagem do\u00a0<strong>G1<\/strong>\u00a0n\u00e3o conseguiu contato com o padre para comentar a decis\u00e3o.<\/p>\n<\/div>\n<div class=\"mc-column content-text active-extra-styles\" style=\"text-align: justify;\" data-block-type=\"raw\" data-block-weight=\"5\" data-block-id=\"8\">\n<div class=\"content-intertitle\">\n<h2>Outro caso completa 1 ano<\/h2>\n<\/div>\n<\/div>\n<div class=\"mc-column content-text active-extra-styles \" style=\"text-align: justify;\" data-block-type=\"unstyled\" data-block-weight=\"46\" data-block-id=\"9\">\n<p class=\"content-text__container \" data-track-category=\"Link no Texto\" data-track-links=\"\">Na pr\u00f3xima sexta-feira (10), outro caso de padre afastado da Diocese de Mar\u00edlia completa um ano. No dia 10 de julho do ano passado, o\u00a0<a href=\"https:\/\/g1.globo.com\/sp\/bauru-marilia\/noticia\/2019\/07\/10\/detido-em-operacao-contra-pedofilia-padre-admite-que-armazenava-videos-com-pornografia-infantil.ghtml\">padre Denismar Rodrigo Andr\u00e9 foi detido durante a Opera\u00e7\u00e3o Querubim da Pol\u00edcia Civil e admitiu que armazenava videos de pornografia infantil<\/a>.<\/p>\n<\/div>\n<div class=\"row medium-uncollapsed content-media content-photo\" style=\"text-align: justify;\" data-block-type=\"backstage-photo\" data-block-id=\"11\">\n<div class=\"mc-column content-media__container\">\n<figure><img decoding=\"async\" class=\"i-amphtml-fill-content i-amphtml-replaced-content\" src=\"https:\/\/s2.glbimg.com\/8yu2QSdqVG3NrW3GfQcncIec96s=\/0x0:1280x720\/984x0\/smart\/filters:strip_icc()\/i.s3.glbimg.com\/v1\/AUTH_59edd422c0c84a879bd37670ae4f538a\/internal_photos\/bs\/2019\/8\/U\/wVnLf2SVCxuscHz7e1xg\/padre-1-.jpeg\" sizes=\"(max-width: 1242px) 648px, 100vw\" srcset=\"https:\/\/s2.glbimg.com\/dFCzkX7ibS8CUsrtjVmdPb3cdOY=\/0x0:1280x720\/1000x0\/smart\/filters:strip_icc()\/i.s3.glbimg.com\/v1\/AUTH_59edd422c0c84a879bd37670ae4f538a\/internal_photos\/bs\/2019\/8\/U\/wVnLf2SVCxuscHz7e1xg\/padre-1-.jpeg 1000w, https:\/\/s2.glbimg.com\/8yu2QSdqVG3NrW3GfQcncIec96s=\/0x0:1280x720\/984x0\/smart\/filters:strip_icc()\/i.s3.glbimg.com\/v1\/AUTH_59edd422c0c84a879bd37670ae4f538a\/internal_photos\/bs\/2019\/8\/U\/wVnLf2SVCxuscHz7e1xg\/padre-1-.jpeg 984w, https:\/\/s2.glbimg.com\/ZPn9Gz4ixTuOsDCdWryZo8dzF5w=\/0x0:1280x720\/640x0\/smart\/filters:strip_icc()\/i.s3.glbimg.com\/v1\/AUTH_59edd422c0c84a879bd37670ae4f538a\/internal_photos\/bs\/2019\/8\/U\/wVnLf2SVCxuscHz7e1xg\/padre-1-.jpeg 640w, https:\/\/s2.glbimg.com\/6l81gZHIVNsocjSMJEp33laVqIM=\/0x0:1280x720\/600x0\/smart\/filters:strip_icc()\/i.s3.glbimg.com\/v1\/AUTH_59edd422c0c84a879bd37670ae4f538a\/internal_photos\/bs\/2019\/8\/U\/wVnLf2SVCxuscHz7e1xg\/padre-1-.jpeg 600w\" alt=\"Na casa do padre, os policiais civis encontraram brinquedos, bonecas e ursos de pel\u00facia.  \u2014 Foto: Pol\u00edcia Civil\/Divulga\u00e7\u00e3o\" \/><\/figure>\n<p class=\"content-media__description \">Na casa do padre, os policiais civis encontraram brinquedos, bonecas e ursos de pel\u00facia. \u2014 Foto: Pol\u00edcia Civil\/Divulga\u00e7\u00e3o<\/p>\n<\/div>\n<\/div>\n<div class=\"mc-column content-text active-extra-styles \" style=\"text-align: justify;\" data-block-type=\"unstyled\" data-block-weight=\"37\" data-block-id=\"12\">\n<p class=\"content-text__container \" data-track-category=\"Link no Texto\" data-track-links=\"\">Ele foi detido em Tup\u00e3, na casa da fam\u00edlia. No local, foram apreendidos brinquedos, bonecas e ursos de pel\u00facia. Os policiais tamb\u00e9m apreenderam HD externo, pen-drive, notebook, celular e computador que estavam com material de explora\u00e7\u00e3o sexual.<\/p>\n<\/div>\n<div class=\"mc-column content-text active-extra-styles \" style=\"text-align: justify;\" data-block-type=\"unstyled\" data-block-weight=\"38\" data-block-id=\"13\">\n<p class=\"content-text__container \" data-track-category=\"Link no Texto\" data-track-links=\"\">\u00c0 \u00e9poca, a delegada de Defesa da Mulher, Cristiane Camargo Braga, informou que o padre confessou ter baixado as imagens e salvo nas m\u00eddias. Contudo, ele negou que compartilhava o material e que tivesse praticado crimes contra crian\u00e7as.<\/p>\n<\/div>\n<div class=\"mc-column content-text active-extra-styles \" style=\"text-align: justify;\" data-block-type=\"unstyled\" data-block-weight=\"21\" data-block-id=\"14\">\n<p class=\"content-text__container \" data-track-category=\"Link no Texto\" data-track-links=\"\">O padre continua afastado da Diocese de Mar\u00edlia, que ainda aguarda os resultados da per\u00edcia para dar andamento ao processo can\u00f4nico.<\/p>\n<\/div>\n<div class=\"row medium-uncollapsed content-media content-photo\" data-block-type=\"backstage-photo\" data-block-id=\"15\">\n<div class=\"mc-column content-media__container\">\n<figure style=\"text-align: justify;\"><img decoding=\"async\" class=\"i-amphtml-fill-content i-amphtml-replaced-content\" src=\"https:\/\/s2.glbimg.com\/AuzPKGcRDQq-5VHWDJVkAJCy1rg=\/0x59:682x602\/984x0\/smart\/filters:strip_icc()\/i.s3.glbimg.com\/v1\/AUTH_59edd422c0c84a879bd37670ae4f538a\/internal_photos\/bs\/2019\/K\/T\/A9lHP7TMa8pvz7giDxIA\/padre-redes-sociais-1.jpg\" sizes=\"(max-width: 1242px) 648px, 100vw\" srcset=\"https:\/\/s2.glbimg.com\/IiEYCmvlyn04amr5hnPWDn7gQqA=\/0x59:682x602\/1000x0\/smart\/filters:strip_icc()\/i.s3.glbimg.com\/v1\/AUTH_59edd422c0c84a879bd37670ae4f538a\/internal_photos\/bs\/2019\/K\/T\/A9lHP7TMa8pvz7giDxIA\/padre-redes-sociais-1.jpg 1000w, https:\/\/s2.glbimg.com\/AuzPKGcRDQq-5VHWDJVkAJCy1rg=\/0x59:682x602\/984x0\/smart\/filters:strip_icc()\/i.s3.glbimg.com\/v1\/AUTH_59edd422c0c84a879bd37670ae4f538a\/internal_photos\/bs\/2019\/K\/T\/A9lHP7TMa8pvz7giDxIA\/padre-redes-sociais-1.jpg 984w, https:\/\/s2.glbimg.com\/K4E7Nt_IpmhkLWcHUAazTV1oybQ=\/0x59:682x602\/640x0\/smart\/filters:strip_icc()\/i.s3.glbimg.com\/v1\/AUTH_59edd422c0c84a879bd37670ae4f538a\/internal_photos\/bs\/2019\/K\/T\/A9lHP7TMa8pvz7giDxIA\/padre-redes-sociais-1.jpg 640w, https:\/\/s2.glbimg.com\/tM8wN23Qm3FEBIP6jx6_Kw1OIUs=\/0x59:682x602\/600x0\/smart\/filters:strip_icc()\/i.s3.glbimg.com\/v1\/AUTH_59edd422c0c84a879bd37670ae4f538a\/internal_photos\/bs\/2019\/K\/T\/A9lHP7TMa8pvz7giDxIA\/padre-redes-sociais-1.jpg 600w\" alt=\"Padre Denismar Rodrigo Andr\u00e9 morava com a fam\u00edlia em Tup\u00e3, mas ministrava missas em uma par\u00f3quia de Mar\u00edlia.  \u2014 Foto: Arquivo Pessoal \" \/><\/figure>\n<p class=\"content-media__description \" style=\"text-align: justify;\">Padre Denismar Rodrigo Andr\u00e9 morava com a fam\u00edlia em Tup\u00e3, mas ministrava missas em uma par\u00f3quia de Mar\u00edlia. \u2014 Foto: Arquivo Pessoal<\/p>\n<p style=\"text-align: justify;\">Fonte: https:\/\/g1.globo.com\/sp\/bauru-marilia\/noticia\/2020\/07\/08\/padre-do-interior-de-sp-e-demitido-de-igreja-apos-ato-do-papa-francisco.ghtml<\/p>\n<\/div>\n<\/div>\n<\/div>\n","protected":false},"excerpt":{"rendered":"<p>Segundo a Diocese de Mar\u00edlia, demiss\u00e3o do padre Cl\u00e9cio Ribeiro, que estava afastado desde dezembro de 2015, aconteceu ap\u00f3s o fim da investiga\u00e7\u00e3o de \u2018den\u00fancias graves\u2019. Padre Cl\u00e9cio Ribeiro era reitor da Catedral de S\u00e3o Bento de Mar\u00edlia quando foi afastado em dezembro de 2015: Igreja n\u00e3o informa motivo A Diocese de Mar\u00edlia, interior paulista, [&hellip;]<\/p>\n","protected":false},"author":1,"featured_media":30261,"comment_status":"closed","ping_status":"open","sticky":false,"template":"","format":"standard","meta":{"footnotes":""},"categories":[110,118],"tags":[],"class_list":["post-30260","post","type-post","status-publish","format-standard","has-post-thumbnail","hentry","category-noticiasdestaque","category-religiaoesolidariedade"],"_links":{"self":[{"href":"https:\/\/jorgezanoni.com.br\/2019\/wp-json\/wp\/v2\/posts\/30260","targetHints":{"allow":["GET"]}}],"collection":[{"href":"https:\/\/jorgezanoni.com.br\/2019\/wp-json\/wp\/v2\/posts"}],"about":[{"href":"https:\/\/jorgezanoni.com.br\/2019\/wp-json\/wp\/v2\/types\/post"}],"author":[{"embeddable":true,"href":"https:\/\/jorgezanoni.com.br\/2019\/wp-json\/wp\/v2\/users\/1"}],"replies":[{"embeddable":true,"href":"https:\/\/jorgezanoni.com.br\/2019\/wp-json\/wp\/v2\/comments?post=30260"}],"version-history":[{"count":0,"href":"https:\/\/jorgezanoni.com.br\/2019\/wp-json\/wp\/v2\/posts\/30260\/revisions"}],"wp:featuredmedia":[{"embeddable":true,"href":"https:\/\/jorgezanoni.com.br\/2019\/wp-json\/wp\/v2\/media\/30261"}],"wp:attachment":[{"href":"https:\/\/jorgezanoni.com.br\/2019\/wp-json\/wp\/v2\/media?parent=30260"}],"wp:term":[{"taxonomy":"category","embeddable":true,"href":"https:\/\/jorgezanoni.com.br\/2019\/wp-json\/wp\/v2\/categories?post=30260"},{"taxonomy":"post_tag","embeddable":true,"href":"https:\/\/jorgezanoni.com.br\/2019\/wp-json\/wp\/v2\/tags?post=30260"}],"curies":[{"name":"wp","href":"https:\/\/api.w.org\/{rel}","templated":true}]}}