{"id":3026,"date":"2019-08-05T15:09:55","date_gmt":"2019-08-05T15:09:55","guid":{"rendered":"https:\/\/jorgezanoni.com.br\/2019\/?p=3026"},"modified":"2019-08-05T15:09:55","modified_gmt":"2019-08-05T15:09:55","slug":"cee-sp-renova-reconhecimento-do-curso-de-educacao-fisica-da-unifadra-dracena-pelo-tempo-maximo-2","status":"publish","type":"post","link":"https:\/\/jorgezanoni.com.br\/2019\/cee-sp-renova-reconhecimento-do-curso-de-educacao-fisica-da-unifadra-dracena-pelo-tempo-maximo-2\/","title":{"rendered":"CEE\/SP renova reconhecimento do curso de Educa\u00e7\u00e3o F\u00edsica da Unifadra Dracena pelo tempo m\u00e1ximo"},"content":{"rendered":"<p style=\"font-weight: 400; text-align: justify;\">O Conselho Estadual de Educa\u00e7\u00e3o de S\u00e3o Paulo (CEE\/SP) renovou o reconhecimento do curso de Educa\u00e7\u00e3o F\u00edsica da Unifadra (licenciatura e bacharelado)\u00a0por cinco anos, tempo m\u00e1ximo nas avalia\u00e7\u00f5es de cursos superiores.<\/p>\n<p style=\"font-weight: 400; text-align: justify;\">O Prof. Dr. Enio Garbelini, diretor acad\u00eamico da Unifadra, destacou que a Unifadra segue uma matriz curricular atualizada e preparada por excelentes profissionais, o que coloca a faculdade como refer\u00eancia.<\/p>\n<p style=\"font-weight: 400; text-align: justify;\">Garbelini explicou que todos os cursos superiores s\u00e3o avaliados periodicamente pelo CEE\/SP e que, no m\u00eas de novembro, os especialistas Dr. Marcos Neira e Dr.Willer Maffei estiveram na Unifadra avaliando o curso de Educa\u00e7\u00e3o F\u00edsica. \u201cEssas avalia\u00e7\u00f5es comprovam o nosso comprometimento e a nossa qualidade\u201d, comentou o diretor.<\/p>\n<p style=\"font-weight: 400; text-align: justify;\">Acompanhando as constantes evolu\u00e7\u00f5es, inclusive tecnol\u00f3gicas, o curso de Educa\u00e7\u00e3o F\u00edsica da Unifadra \u00e9 atualizado, bem equipado, com corpo docente titulado e qualificado. S\u00e3o oferecidas oportunidades de viv\u00eancia da pr\u00e1tica profissional em projetos que aliam ensino, pesquisa e extens\u00e3o, como exemplificado pelos diversos eventos promovidos pelo curso e pelos projetos em parceria com a Prefeitura Municipal de Dracena, como o &#8220;Projeto Viva a Vida&#8221; e o &#8220;Projeto Parkinson&#8221;.<\/p>\n<p style=\"font-weight: 400; text-align: justify;\">Sendo refer\u00eancia pela excel\u00eancia de qualidade, o curso foi destaque na avalia\u00e7\u00e3o do MEC, conquistando o conceito 4 na avalia\u00e7\u00e3o do CPC (sendo a nota m\u00e1xima 5). A Educa\u00e7\u00e3o F\u00edsica da Unifadra tamb\u00e9m \u00e9 refer\u00eancia no Guia do Estudante, sendo estrelado na avalia\u00e7\u00e3o da Editora Abril.<\/p>\n<p style=\"font-weight: 400; text-align: justify;\">Na Unifadra, ao final de 4 anos, obt\u00e9m-se os t\u00edtulos de bacharel e licenciado, com excelente preparo para atua\u00e7\u00e3o no mundo em constante transforma\u00e7\u00e3o.<\/p>\n<p style=\"font-weight: 400; text-align: justify;\">O diretor executivo da Fundec Edson Kai e as professoras Dra. Denise Bueno e Ma. Luciana Ota, respons\u00e1veis pela coordena\u00e7\u00e3o do curso, parabenizam o corpo docente, administra\u00e7\u00e3o, colaboradores e alunos por mais esta conquista da Unifadra\/Fundec, que se desponta cada vez mais\u00a0em todo o pa\u00eds.<\/p>\n<p style=\"font-weight: 400; text-align: justify;\">Carolina Colnago<\/p>\n<p style=\"text-align: justify;\">Assessora de Comunica\u00e7\u00e3o da Fundec &#8211; Jornalista<\/p>\n<p style=\"text-align: justify;\">Foto: Parte do corpo docente do curso de Educa\u00e7\u00e3o F\u00edsica da Unifadra.<\/p>\n","protected":false},"excerpt":{"rendered":"<p>O Conselho Estadual de Educa\u00e7\u00e3o de S\u00e3o Paulo (CEE\/SP) renovou o reconhecimento do curso de Educa\u00e7\u00e3o F\u00edsica da Unifadra (licenciatura e bacharelado)\u00a0por cinco anos, tempo m\u00e1ximo nas avalia\u00e7\u00f5es de cursos superiores. O Prof. Dr. Enio Garbelini, diretor acad\u00eamico da Unifadra, destacou que a Unifadra segue uma matriz curricular atualizada e preparada por excelentes profissionais, o [&hellip;]<\/p>\n","protected":false},"author":1,"featured_media":3027,"comment_status":"closed","ping_status":"open","sticky":false,"template":"","format":"standard","meta":{"footnotes":""},"categories":[110],"tags":[],"class_list":["post-3026","post","type-post","status-publish","format-standard","has-post-thumbnail","hentry","category-noticiasdestaque"],"_links":{"self":[{"href":"https:\/\/jorgezanoni.com.br\/2019\/wp-json\/wp\/v2\/posts\/3026","targetHints":{"allow":["GET"]}}],"collection":[{"href":"https:\/\/jorgezanoni.com.br\/2019\/wp-json\/wp\/v2\/posts"}],"about":[{"href":"https:\/\/jorgezanoni.com.br\/2019\/wp-json\/wp\/v2\/types\/post"}],"author":[{"embeddable":true,"href":"https:\/\/jorgezanoni.com.br\/2019\/wp-json\/wp\/v2\/users\/1"}],"replies":[{"embeddable":true,"href":"https:\/\/jorgezanoni.com.br\/2019\/wp-json\/wp\/v2\/comments?post=3026"}],"version-history":[{"count":0,"href":"https:\/\/jorgezanoni.com.br\/2019\/wp-json\/wp\/v2\/posts\/3026\/revisions"}],"wp:featuredmedia":[{"embeddable":true,"href":"https:\/\/jorgezanoni.com.br\/2019\/wp-json\/wp\/v2\/media\/3027"}],"wp:attachment":[{"href":"https:\/\/jorgezanoni.com.br\/2019\/wp-json\/wp\/v2\/media?parent=3026"}],"wp:term":[{"taxonomy":"category","embeddable":true,"href":"https:\/\/jorgezanoni.com.br\/2019\/wp-json\/wp\/v2\/categories?post=3026"},{"taxonomy":"post_tag","embeddable":true,"href":"https:\/\/jorgezanoni.com.br\/2019\/wp-json\/wp\/v2\/tags?post=3026"}],"curies":[{"name":"wp","href":"https:\/\/api.w.org\/{rel}","templated":true}]}}