{"id":30246,"date":"2020-07-08T16:10:55","date_gmt":"2020-07-08T16:10:55","guid":{"rendered":"https:\/\/jorgezanoni.com.br\/2019\/?p=30246"},"modified":"2020-07-08T16:10:55","modified_gmt":"2020-07-08T16:10:55","slug":"acidente-no-ms-mata-familia-de-presidente-venceslau","status":"publish","type":"post","link":"https:\/\/jorgezanoni.com.br\/2019\/acidente-no-ms-mata-familia-de-presidente-venceslau\/","title":{"rendered":"Acidente no MS mata fam\u00edlia de Presidente Venceslau"},"content":{"rendered":"<p style=\"text-align: justify;\">Um acidente na noite desta ter\u00e7a-feira (7) vitimou uma fam\u00edlia de venceslauenses na Rodovia MS-040, pr\u00f3ximo a Santa Rita do Pardo (MS).<\/p>\n<p style=\"text-align: justify;\">A van, onde estavam o rapaz Lucas de Oliveira Ramos, 26 anos, e seus pais, Luzinete de Oliveira Ramos, 62, e Carlos Alberto Ramos,\u00a0de 63 anos, tentou desviar de uma anta que atravessava a pista, colidindo contra o animal e perdendo o controle, invadindo a pista contr\u00e1ria e colidindo frontalmente contra um caminh\u00e3o, com placas de Gua\u00edra (PR).\u00a0No ve\u00edculo tamb\u00e9m estava um cachorro que fraturou uma pata e foi resgatado pelos bombeiros.<\/p>\n<p style=\"text-align: justify;\">O motorista da carreta ficou preso entre as ferragens, mas foi resgatado com ferimentos leves e foi socorrido para o Hospital Nossa Senhora do Perp\u00e9tuo Socorro, em Santa Rita do Pardo, onde est\u00e1 internado. O ve\u00edculo transportava cacha\u00e7a.<\/p>\n<p style=\"text-align: justify;\">Com o impacto, a carreta tombou e espalhou a carga na pista. A fam\u00edlia faleceu no local.<\/p>\n<p style=\"text-align: justify;\">Lucas se formou no curso de direito em mar\u00e7o de 2019. Atrav\u00e9s das redes sociais, centenas de amigos lamentam a perda do jovem e da fam\u00edlia, pessoas queridas em Presidente Venceslau.<\/p>\n<p style=\"text-align: justify;\">O casal Luzinete e Carlos deixa ainda uma filha, Ana MIchelle, e uma neta, Ana Beatriz.<\/p>\n<p style=\"text-align: justify;\"><strong>Vel\u00f3rio e Sepultamento<\/strong><br \/>\nOs corpos aguardam a libera\u00e7\u00e3o para vel\u00f3rio, que acontecer\u00e1 na Organiza\u00e7\u00e3o Presidente, possivelmente ainda na manh\u00e3 desta quarta-feira.<\/p>\n<p style=\"text-align: justify;\"><img decoding=\"async\" src=\"https:\/\/www.portalbueno.com.br\/uploads\/news\/08_07_2020_074737_843.jpg\" alt=\"\" \/><\/p>\n<p style=\"text-align: justify;\"><img decoding=\"async\" src=\"https:\/\/www.portalbueno.com.br\/uploads\/news\/08_07_2020_074751_575.jpg\" alt=\"\" \/>Fonte: Portal Bueno<\/p>\n","protected":false},"excerpt":{"rendered":"<p>Um acidente na noite desta ter\u00e7a-feira (7) vitimou uma fam\u00edlia de venceslauenses na Rodovia MS-040, pr\u00f3ximo a Santa Rita do Pardo (MS). A van, onde estavam o rapaz Lucas de Oliveira Ramos, 26 anos, e seus pais, Luzinete de Oliveira Ramos, 62, e Carlos Alberto Ramos,\u00a0de 63 anos, tentou desviar de uma anta que atravessava [&hellip;]<\/p>\n","protected":false},"author":1,"featured_media":30247,"comment_status":"closed","ping_status":"open","sticky":false,"template":"","format":"standard","meta":{"footnotes":""},"categories":[170,110],"tags":[],"class_list":["post-30246","post","type-post","status-publish","format-standard","has-post-thumbnail","hentry","category-acidentes","category-noticiasdestaque"],"_links":{"self":[{"href":"https:\/\/jorgezanoni.com.br\/2019\/wp-json\/wp\/v2\/posts\/30246","targetHints":{"allow":["GET"]}}],"collection":[{"href":"https:\/\/jorgezanoni.com.br\/2019\/wp-json\/wp\/v2\/posts"}],"about":[{"href":"https:\/\/jorgezanoni.com.br\/2019\/wp-json\/wp\/v2\/types\/post"}],"author":[{"embeddable":true,"href":"https:\/\/jorgezanoni.com.br\/2019\/wp-json\/wp\/v2\/users\/1"}],"replies":[{"embeddable":true,"href":"https:\/\/jorgezanoni.com.br\/2019\/wp-json\/wp\/v2\/comments?post=30246"}],"version-history":[{"count":0,"href":"https:\/\/jorgezanoni.com.br\/2019\/wp-json\/wp\/v2\/posts\/30246\/revisions"}],"wp:featuredmedia":[{"embeddable":true,"href":"https:\/\/jorgezanoni.com.br\/2019\/wp-json\/wp\/v2\/media\/30247"}],"wp:attachment":[{"href":"https:\/\/jorgezanoni.com.br\/2019\/wp-json\/wp\/v2\/media?parent=30246"}],"wp:term":[{"taxonomy":"category","embeddable":true,"href":"https:\/\/jorgezanoni.com.br\/2019\/wp-json\/wp\/v2\/categories?post=30246"},{"taxonomy":"post_tag","embeddable":true,"href":"https:\/\/jorgezanoni.com.br\/2019\/wp-json\/wp\/v2\/tags?post=30246"}],"curies":[{"name":"wp","href":"https:\/\/api.w.org\/{rel}","templated":true}]}}