{"id":30236,"date":"2020-07-08T15:02:36","date_gmt":"2020-07-08T15:02:36","guid":{"rendered":"https:\/\/jorgezanoni.com.br\/2019\/?p=30236"},"modified":"2020-07-08T15:02:36","modified_gmt":"2020-07-08T15:02:36","slug":"policia-civil-recupera-cerca-de-170-pecas-de-roupas-e-acessorios-furtados-de-loja-em-pauliceia","status":"publish","type":"post","link":"https:\/\/jorgezanoni.com.br\/2019\/policia-civil-recupera-cerca-de-170-pecas-de-roupas-e-acessorios-furtados-de-loja-em-pauliceia\/","title":{"rendered":"Pol\u00edcia Civil recupera cerca de 170 pe\u00e7as de roupas e acess\u00f3rios furtados de loja em Paulic\u00e9ia"},"content":{"rendered":"<p style=\"text-align: justify;\">Loja no centro, em Paulic\u00e9ia, foi invadida mediante arrombamento da porta de vidro na madrugada do \u00faltimo dia 6. Foram identificados como supostos autores do furto dois adultos com idades de 18 e 19 anos e tr\u00eas adolescentes.<\/p>\n<p style=\"text-align: justify;\">A Pol\u00edcia Civil, por interm\u00e9dio da Delegacia de Pol\u00edcia de Paulic\u00e9ia, nesta ter\u00e7a-feira (7) localizou e recuperou cerca de 170 pe\u00e7as de roupas e acess\u00f3rios que haviam sido furtadas de uma loja de confec\u00e7\u00e3o que fica localizada no centro, da cidade de Paulic\u00e9ia. Dois homens com idades entres 18 e 19 anos, e ainda tr\u00eas adolescentes com idades de 15 e 16 anos, foram identificados como suspeitos de serem autores do furto.<br \/>\nAp\u00f3s o registro do boletim de ocorr\u00eancia comunicando o furto qualificado acontecido no estabelecimento comercial, agentes do setor de investiga\u00e7\u00e3o, da Delegacia de Pol\u00edcia de Paulic\u00e9ia, realizaram minucioso trabalho investigativo que resultou na localiza\u00e7\u00e3o e recupera\u00e7\u00e3o dos objetos furtados, e ainda na identifica\u00e7\u00e3o dos prov\u00e1veis autores do crime. Os produtos furtados foram encontrados escondidos numa resid\u00eancia, no bairro Casa Branca, em Panorama-SP, de onde tamb\u00e9m s\u00e3o os suspeitos envolvidos.<br \/>\nOs objetos foram apreendidos e ser\u00e3o restitu\u00eddos ao propriet\u00e1rio da loja. Em raz\u00e3o, de n\u00e3o haver o estado de situa\u00e7\u00e3o flagrancial, os maiores envolvidos ser\u00e3o indiciados pelos crimes furto de qualificado e corrup\u00e7\u00e3o de menores, e os adolescentes ser\u00e3o sindicados por ato infracional an\u00e1logo ao crime de furto qualificado. A a\u00e7\u00e3o policial contou ainda com auxilio operacional da Delegacia de Pol\u00edcia de Panorama.<\/p>\n<p style=\"text-align: justify;\">Fonte: Com. Social Pol\u00edcia Civil<\/p>\n","protected":false},"excerpt":{"rendered":"<p>Loja no centro, em Paulic\u00e9ia, foi invadida mediante arrombamento da porta de vidro na madrugada do \u00faltimo dia 6. Foram identificados como supostos autores do furto dois adultos com idades de 18 e 19 anos e tr\u00eas adolescentes. A Pol\u00edcia Civil, por interm\u00e9dio da Delegacia de Pol\u00edcia de Paulic\u00e9ia, nesta ter\u00e7a-feira (7) localizou e recuperou [&hellip;]<\/p>\n","protected":false},"author":1,"featured_media":30237,"comment_status":"closed","ping_status":"open","sticky":false,"template":"","format":"standard","meta":{"footnotes":""},"categories":[110,2],"tags":[],"class_list":["post-30236","post","type-post","status-publish","format-standard","has-post-thumbnail","hentry","category-noticiasdestaque","category-policial"],"_links":{"self":[{"href":"https:\/\/jorgezanoni.com.br\/2019\/wp-json\/wp\/v2\/posts\/30236","targetHints":{"allow":["GET"]}}],"collection":[{"href":"https:\/\/jorgezanoni.com.br\/2019\/wp-json\/wp\/v2\/posts"}],"about":[{"href":"https:\/\/jorgezanoni.com.br\/2019\/wp-json\/wp\/v2\/types\/post"}],"author":[{"embeddable":true,"href":"https:\/\/jorgezanoni.com.br\/2019\/wp-json\/wp\/v2\/users\/1"}],"replies":[{"embeddable":true,"href":"https:\/\/jorgezanoni.com.br\/2019\/wp-json\/wp\/v2\/comments?post=30236"}],"version-history":[{"count":0,"href":"https:\/\/jorgezanoni.com.br\/2019\/wp-json\/wp\/v2\/posts\/30236\/revisions"}],"wp:featuredmedia":[{"embeddable":true,"href":"https:\/\/jorgezanoni.com.br\/2019\/wp-json\/wp\/v2\/media\/30237"}],"wp:attachment":[{"href":"https:\/\/jorgezanoni.com.br\/2019\/wp-json\/wp\/v2\/media?parent=30236"}],"wp:term":[{"taxonomy":"category","embeddable":true,"href":"https:\/\/jorgezanoni.com.br\/2019\/wp-json\/wp\/v2\/categories?post=30236"},{"taxonomy":"post_tag","embeddable":true,"href":"https:\/\/jorgezanoni.com.br\/2019\/wp-json\/wp\/v2\/tags?post=30236"}],"curies":[{"name":"wp","href":"https:\/\/api.w.org\/{rel}","templated":true}]}}