{"id":30196,"date":"2020-07-08T02:25:19","date_gmt":"2020-07-08T02:25:19","guid":{"rendered":"https:\/\/jorgezanoni.com.br\/2019\/?p=30196"},"modified":"2020-07-08T02:25:19","modified_gmt":"2020-07-08T02:25:19","slug":"a-e-e-eng-isac-pereira-garcez-esta-recebendo-matriculas-para-o-centro-de-estudo-de-linguas-2","status":"publish","type":"post","link":"https:\/\/jorgezanoni.com.br\/2019\/a-e-e-eng-isac-pereira-garcez-esta-recebendo-matriculas-para-o-centro-de-estudo-de-linguas-2\/","title":{"rendered":"A E.E. &#8220;Eng. Isac Pereira Garcez&#8221; est\u00e1 recebendo matr\u00edculas para o CENTRO DE ESTUDO DE L\u00cdNGUAS."},"content":{"rendered":"<p style=\"text-align: justify;\">Quem pode participar do curso de ESPANHOL:<\/p>\n<p>\u2713Alunos do 7\u00ba ano do Ensino Fundamental a 3\u00aa s\u00e9rie do Ensino M\u00e9dio regularmente matriculados em alguma escola P\u00fablica Estadual de Dracena e\/ou da regi\u00e3o.<br \/>\n\ud83c\uddf1\ud83c\uddf7<br \/>\n\u2713Quem pode participar do curso de INGL\u00caS:<\/p>\n<p style=\"text-align: justify;\">\u2713Alunos da 1\u00aa a 3\u00aa s\u00e9rie do Ensino M\u00e9dio regularmente matriculados em alguma escola P\u00fablica Estadual de Dracena e\/ou da regi\u00e3o.<\/p>\n<p style=\"text-align: justify;\">\u2713Per\u00edodos da manh\u00e3\/ tarde.<\/p>\n<p style=\"text-align: justify;\">\u2713 De segunda a s\u00e1bado.<\/p>\n<p style=\"text-align: justify;\">\u2713Documentos necess\u00e1rios para matr\u00edcula do C.E.L.:<\/p>\n<p style=\"text-align: justify;\">\u2713Declara\u00e7\u00e3o de matr\u00edcula 2019 (da Unidade Escolar de origem);<br \/>\nBoletim 2020;<br \/>\nC\u00f3pia do RG e CPF do aluno;<br \/>\nC\u00f3pia da Certid\u00e3o de nascimento;<br \/>\nC\u00f3pia do Comprovante de resid\u00eancia atualizado;<br \/>\nFoto 3&#215;4.<\/p>\n<p style=\"text-align: justify;\">Para maiores informa\u00e7\u00f5es s\u00f3 ligar na Escola Isac.<\/p>\n<p style=\"text-align: justify;\">Fone: (18) 38211131<\/p>\n<p><img loading=\"lazy\" decoding=\"async\" class=\"alignnone size-full wp-image-30198\" src=\"https:\/\/jorgezanoni.com.br\/2019\/wp-content\/uploads\/2020\/07\/isa1.jpg\" alt=\"\" width=\"1024\" height=\"1024\" srcset=\"https:\/\/jorgezanoni.com.br\/2019\/wp-content\/uploads\/2020\/07\/isa1.jpg 1024w, https:\/\/jorgezanoni.com.br\/2019\/wp-content\/uploads\/2020\/07\/isa1-300x300.jpg 300w, https:\/\/jorgezanoni.com.br\/2019\/wp-content\/uploads\/2020\/07\/isa1-150x150.jpg 150w, https:\/\/jorgezanoni.com.br\/2019\/wp-content\/uploads\/2020\/07\/isa1-768x768.jpg 768w, https:\/\/jorgezanoni.com.br\/2019\/wp-content\/uploads\/2020\/07\/isa1-696x696.jpg 696w, https:\/\/jorgezanoni.com.br\/2019\/wp-content\/uploads\/2020\/07\/isa1-420x420.jpg 420w\" sizes=\"auto, (max-width: 1024px) 100vw, 1024px\" \/> <img loading=\"lazy\" decoding=\"async\" class=\"alignnone size-full wp-image-30199\" src=\"https:\/\/jorgezanoni.com.br\/2019\/wp-content\/uploads\/2020\/07\/isa2.jpg\" alt=\"\" width=\"1024\" height=\"1024\" srcset=\"https:\/\/jorgezanoni.com.br\/2019\/wp-content\/uploads\/2020\/07\/isa2.jpg 1024w, https:\/\/jorgezanoni.com.br\/2019\/wp-content\/uploads\/2020\/07\/isa2-300x300.jpg 300w, https:\/\/jorgezanoni.com.br\/2019\/wp-content\/uploads\/2020\/07\/isa2-150x150.jpg 150w, https:\/\/jorgezanoni.com.br\/2019\/wp-content\/uploads\/2020\/07\/isa2-768x768.jpg 768w, https:\/\/jorgezanoni.com.br\/2019\/wp-content\/uploads\/2020\/07\/isa2-696x696.jpg 696w, https:\/\/jorgezanoni.com.br\/2019\/wp-content\/uploads\/2020\/07\/isa2-420x420.jpg 420w\" sizes=\"auto, (max-width: 1024px) 100vw, 1024px\" \/> <img loading=\"lazy\" decoding=\"async\" class=\"alignnone size-full wp-image-30200\" src=\"https:\/\/jorgezanoni.com.br\/2019\/wp-content\/uploads\/2020\/07\/isa3.jpg\" alt=\"\" width=\"640\" height=\"640\" srcset=\"https:\/\/jorgezanoni.com.br\/2019\/wp-content\/uploads\/2020\/07\/isa3.jpg 640w, https:\/\/jorgezanoni.com.br\/2019\/wp-content\/uploads\/2020\/07\/isa3-300x300.jpg 300w, https:\/\/jorgezanoni.com.br\/2019\/wp-content\/uploads\/2020\/07\/isa3-150x150.jpg 150w, https:\/\/jorgezanoni.com.br\/2019\/wp-content\/uploads\/2020\/07\/isa3-420x420.jpg 420w\" sizes=\"auto, (max-width: 640px) 100vw, 640px\" \/><\/p>\n<p>&nbsp;<\/p>\n","protected":false},"excerpt":{"rendered":"<p>Quem pode participar do curso de ESPANHOL: \u2713Alunos do 7\u00ba ano do Ensino Fundamental a 3\u00aa s\u00e9rie do Ensino M\u00e9dio regularmente matriculados em alguma escola P\u00fablica Estadual de Dracena e\/ou da regi\u00e3o. \ud83c\uddf1\ud83c\uddf7 \u2713Quem pode participar do curso de INGL\u00caS: \u2713Alunos da 1\u00aa a 3\u00aa s\u00e9rie do Ensino M\u00e9dio regularmente matriculados em alguma escola P\u00fablica [&hellip;]<\/p>\n","protected":false},"author":1,"featured_media":30197,"comment_status":"closed","ping_status":"open","sticky":false,"template":"","format":"standard","meta":{"footnotes":""},"categories":[122],"tags":[],"class_list":["post-30196","post","type-post","status-publish","format-standard","has-post-thumbnail","hentry","category-saudeeducacaoeconcurso"],"_links":{"self":[{"href":"https:\/\/jorgezanoni.com.br\/2019\/wp-json\/wp\/v2\/posts\/30196","targetHints":{"allow":["GET"]}}],"collection":[{"href":"https:\/\/jorgezanoni.com.br\/2019\/wp-json\/wp\/v2\/posts"}],"about":[{"href":"https:\/\/jorgezanoni.com.br\/2019\/wp-json\/wp\/v2\/types\/post"}],"author":[{"embeddable":true,"href":"https:\/\/jorgezanoni.com.br\/2019\/wp-json\/wp\/v2\/users\/1"}],"replies":[{"embeddable":true,"href":"https:\/\/jorgezanoni.com.br\/2019\/wp-json\/wp\/v2\/comments?post=30196"}],"version-history":[{"count":0,"href":"https:\/\/jorgezanoni.com.br\/2019\/wp-json\/wp\/v2\/posts\/30196\/revisions"}],"wp:featuredmedia":[{"embeddable":true,"href":"https:\/\/jorgezanoni.com.br\/2019\/wp-json\/wp\/v2\/media\/30197"}],"wp:attachment":[{"href":"https:\/\/jorgezanoni.com.br\/2019\/wp-json\/wp\/v2\/media?parent=30196"}],"wp:term":[{"taxonomy":"category","embeddable":true,"href":"https:\/\/jorgezanoni.com.br\/2019\/wp-json\/wp\/v2\/categories?post=30196"},{"taxonomy":"post_tag","embeddable":true,"href":"https:\/\/jorgezanoni.com.br\/2019\/wp-json\/wp\/v2\/tags?post=30196"}],"curies":[{"name":"wp","href":"https:\/\/api.w.org\/{rel}","templated":true}]}}