{"id":30189,"date":"2020-07-08T01:34:09","date_gmt":"2020-07-08T01:34:09","guid":{"rendered":"https:\/\/jorgezanoni.com.br\/2019\/?p=30189"},"modified":"2020-07-08T01:34:09","modified_gmt":"2020-07-08T01:34:09","slug":"familia-inteira-recebe-alta-medica-e-esta-curada-da-covid-19-em-dracena","status":"publish","type":"post","link":"https:\/\/jorgezanoni.com.br\/2019\/familia-inteira-recebe-alta-medica-e-esta-curada-da-covid-19-em-dracena\/","title":{"rendered":"Fam\u00edlia inteira recebe alta m\u00e9dica e est\u00e1 curada da Covid-19 em Dracena"},"content":{"rendered":"<p style=\"text-align: justify;\">Em meio a tantas incertezas e not\u00edcias tristes causadas pela pandemia do novo coronav\u00edrus, hoje (07) pela manh\u00e3, uma fam\u00edlia inteira recebeu alta m\u00e9dica e est\u00e1 curada da covid-19.<\/p>\n<p style=\"text-align: justify;\">A fam\u00edlia de quatro pessoas \u00e9 composta pelos pais, Camila e Adriano Marcondes, e os filhos Mateus e Isabeli. Os quatro foram mantidos em isolamento domiciliar e seguiram todo o tratamento e orienta\u00e7\u00e3o de isolamento social.<\/p>\n<div class=\"text_exposed_show\">\n<p style=\"text-align: justify;\">A equipe de m\u00e9dicos e enfermeiras da Rede Municipal de Sa\u00fade acompanhou a fam\u00edlia. Todos est\u00e3o liberados para exercerem suas atividades normais.<\/p>\n<p style=\"text-align: justify;\">A Prefeitura de Dracena parabeniza a todos os profissionais da sa\u00fade que est\u00e3o na linha de frente de combate \u00e0 pandemia, e deixamos registrado toda nossa felicidade com o pronto restabelecimento da sa\u00fade da fam\u00edlia do Adriano e da Camila.<\/p>\n<p style=\"text-align: justify;\">A fam\u00edlia autorizou a publica\u00e7\u00e3o da foto e da mat\u00e9ria.<\/p>\n<p style=\"text-align: justify;\">Fonte: https:\/\/www.facebook.com\/prefeituradracena\/<\/p>\n<\/div>\n<div id=\"fb-root\"><\/div>\n<p><script async=\"1\" defer=\"1\" crossorigin=\"anonymous\" src=\"https:\/\/connect.facebook.net\/en_US\/sdk.js#xfbml=1&amp;version=v7.0\" nonce=\"yO6sKdsm\"><\/script><\/p>\n<div class=\"fb-video\" data-href=\"https:\/\/www.facebook.com\/claudiojose.pasqualeto\/videos\/3140782812673696\/\" data-width=\"696\">\n<blockquote cite=\"https:\/\/www.facebook.com\/claudiojose.pasqualeto\/videos\/3140782812673696\/\" class=\"fb-xfbml-parse-ignore\"><p><a href=\"https:\/\/www.facebook.com\/claudiojose.pasqualeto\/videos\/3140782812673696\/\"><\/a><\/p>\n<p>ADRIANO, CAMILA E FILHOS EST\u00c3O CURADOS DA COVID-19<\/p>\n<p>Posted by <a href=\"https:\/\/www.facebook.com\/claudiojose.pasqualeto\">Cl\u00e1udio Jos\u00e9 Pasqualeto<\/a> on Tuesday, July 7, 2020<\/p><\/blockquote>\n<\/div>\n<p>Video: Cl\u00e1udio Jos\u00e9<\/p>\n","protected":false},"excerpt":{"rendered":"<p>Em meio a tantas incertezas e not\u00edcias tristes causadas pela pandemia do novo coronav\u00edrus, hoje (07) pela manh\u00e3, uma fam\u00edlia inteira recebeu alta m\u00e9dica e est\u00e1 curada da covid-19. A fam\u00edlia de quatro pessoas \u00e9 composta pelos pais, Camila e Adriano Marcondes, e os filhos Mateus e Isabeli. Os quatro foram mantidos em isolamento domiciliar [&hellip;]<\/p>\n","protected":false},"author":1,"featured_media":30190,"comment_status":"closed","ping_status":"open","sticky":false,"template":"","format":"video","meta":{"footnotes":""},"categories":[110,122,169],"tags":[],"class_list":["post-30189","post","type-post","status-publish","format-video","has-post-thumbnail","hentry","category-noticiasdestaque","category-saudeeducacaoeconcurso","category-videos","post_format-post-format-video"],"_links":{"self":[{"href":"https:\/\/jorgezanoni.com.br\/2019\/wp-json\/wp\/v2\/posts\/30189","targetHints":{"allow":["GET"]}}],"collection":[{"href":"https:\/\/jorgezanoni.com.br\/2019\/wp-json\/wp\/v2\/posts"}],"about":[{"href":"https:\/\/jorgezanoni.com.br\/2019\/wp-json\/wp\/v2\/types\/post"}],"author":[{"embeddable":true,"href":"https:\/\/jorgezanoni.com.br\/2019\/wp-json\/wp\/v2\/users\/1"}],"replies":[{"embeddable":true,"href":"https:\/\/jorgezanoni.com.br\/2019\/wp-json\/wp\/v2\/comments?post=30189"}],"version-history":[{"count":0,"href":"https:\/\/jorgezanoni.com.br\/2019\/wp-json\/wp\/v2\/posts\/30189\/revisions"}],"wp:featuredmedia":[{"embeddable":true,"href":"https:\/\/jorgezanoni.com.br\/2019\/wp-json\/wp\/v2\/media\/30190"}],"wp:attachment":[{"href":"https:\/\/jorgezanoni.com.br\/2019\/wp-json\/wp\/v2\/media?parent=30189"}],"wp:term":[{"taxonomy":"category","embeddable":true,"href":"https:\/\/jorgezanoni.com.br\/2019\/wp-json\/wp\/v2\/categories?post=30189"},{"taxonomy":"post_tag","embeddable":true,"href":"https:\/\/jorgezanoni.com.br\/2019\/wp-json\/wp\/v2\/tags?post=30189"}],"curies":[{"name":"wp","href":"https:\/\/api.w.org\/{rel}","templated":true}]}}