{"id":30164,"date":"2020-07-07T16:22:00","date_gmt":"2020-07-07T16:22:00","guid":{"rendered":"https:\/\/jorgezanoni.com.br\/2019\/?p=30164"},"modified":"2020-07-07T22:44:00","modified_gmt":"2020-07-07T22:44:00","slug":"exame-de-jair-bolsonaro-para-covid-19-da-positivo-e-presidente-diz-que-esta-perfeitamente-bem","status":"publish","type":"post","link":"https:\/\/jorgezanoni.com.br\/2019\/exame-de-jair-bolsonaro-para-covid-19-da-positivo-e-presidente-diz-que-esta-perfeitamente-bem\/","title":{"rendered":"Exame de Jair Bolsonaro para Covid-19 d\u00e1 positivo e presidente diz que est\u00e1 &#8216;perfeitamente bem&#8217;"},"content":{"rendered":"<h2 class=\"content-head__subtitle\" style=\"text-align: justify;\"><strong>Ele afirmou ainda que teve febre de 38 graus, mal-estar e dor no corpo. Presidente vai trabalhar nos pr\u00f3ximos dias no Pal\u00e1cio da Alvorada, por videoconfer\u00eancia.<\/strong><\/h2>\n<div class=\"mc-column content-text active-extra-styles \" data-block-type=\"unstyled\" data-block-weight=\"26\" data-block-id=\"2\">\n<p class=\"content-text__container \" style=\"text-align: justify;\" data-track-category=\"Link no Texto\" data-track-links=\"\">O presidente Jair Bolsonaro informou nesta ter\u00e7a-feira (7) que seu exame para detectar se est\u00e1 com Covid-19, a doen\u00e7a causada pelo novo coronav\u00edrus, deu positivo.<\/p>\n<\/div>\n<div class=\"wall protected-content\">\n<div class=\"mc-column content-text active-extra-styles \" style=\"text-align: justify;\" data-block-type=\"unstyled\" data-block-weight=\"37\" data-block-id=\"3\">\n<p class=\"content-text__container \" data-track-category=\"Link no Texto\" data-track-links=\"\">O presidente afirmou que chegou a ter febre de 38 graus, mas que, \u00e0 noite, a temperatura come\u00e7ou a ceder. Relatou tamb\u00e9m que sentiu mal-estar e cansa\u00e7o. Ele disse que agora est\u00e1 se sentindo &#8220;perfeitamente bem&#8221;.<\/p>\n<\/div>\n<div class=\"mc-column content-text active-extra-styles \" style=\"text-align: justify;\" data-block-type=\"unstyled\" data-block-weight=\"28\" data-block-id=\"4\">\n<p class=\"content-text__container \" data-track-category=\"Link no Texto\" data-track-links=\"\">De acordo com Bolsonaro, ele tomou hidroxicloroquina, rem\u00e9dio que vem defendendo como tratamento para a Covid-19.\u00a0<a href=\"https:\/\/g1.globo.com\/bemestar\/coronavirus\/noticia\/2020\/05\/25\/hidroxicloroquina-nao-diminuiu-mortes-entre-pacientes-com-covid-19-aponta-novo-estudo-americano.ghtml\">N\u00e3o h\u00e1 comprova\u00e7\u00e3o cient\u00edfica<\/a>\u00a0da efic\u00e1cia da hidroxicloroquina para a doen\u00e7a.<\/p>\n<\/div>\n<div class=\"mc-column content-text active-extra-styles\" style=\"text-align: justify;\" data-block-type=\"raw\" data-block-weight=\"33\" data-block-id=\"5\">\n<blockquote class=\"content-blockquote theme-border-color-primary-before\"><p>&#8220;Estou bem, estou normal. Em compara\u00e7\u00e3o a ontem [segunda], estou muito bem. Estou at\u00e9 com vontade de fazer uma caminhada, mas n\u00e3o vou faz\u00ea-lo por recomenda\u00e7\u00e3o m\u00e9dica, mas eu estou muito bem&#8221;, afirmou.<\/p><\/blockquote>\n<\/div>\n<div class=\"mc-column content-text active-extra-styles \" style=\"text-align: justify;\" data-block-type=\"unstyled\" data-block-weight=\"37\" data-block-id=\"6\">\n<p class=\"content-text__container \" data-track-category=\"Link no Texto\" data-track-links=\"\"><a href=\"https:\/\/g1.globo.com\/politica\/noticia\/2020\/07\/06\/bolsonaro-diz-que-fez-chapa-do-pulmao-e-que-fara-exame-de-covid-19.ghtml\">Bolsonaro j\u00e1 havia informado a apoiadores<\/a>\u00a0na segunda-feira (6) que estava com febre e dores no corpo e, por isso, decidiu fazer o exame. Ele tamb\u00e9m disse que fez uma radiografia e que o pulm\u00e3o &#8220;estava limpo&#8221;.<\/p>\n<\/div>\n<div class=\"mc-column content-text active-extra-styles \" style=\"text-align: justify;\" data-block-type=\"unstyled\" data-block-weight=\"18\" data-block-id=\"7\">\n<p class=\"content-text__container \" data-track-category=\"Link no Texto\" data-track-links=\"\">O presidente tem 65 anos e faz parte da faixa et\u00e1ria considerada por especialistas como grupo de risco.<\/p>\n<\/div>\n<div class=\"mc-column content-text active-extra-styles \" style=\"text-align: justify;\" data-block-type=\"unstyled\" data-block-weight=\"36\" data-block-id=\"8\">\n<p class=\"content-text__container \" data-track-category=\"Link no Texto\" data-track-links=\"\">Ele informou que nos pr\u00f3ximos dias vai despachar por videoconfer\u00eancia na resid\u00eancia oficial do Pal\u00e1cio da Alvorada e que talvez receba auxiliares para assinar documentos. Bolsonaro cancelou viagens que faria \u00e0 Bahia e a Minas Gerais.<\/p>\n<\/div>\n<div class=\"mc-column content-text active-extra-styles \" style=\"text-align: justify;\" data-block-type=\"unstyled\" data-block-weight=\"41\" data-block-id=\"10\">\n<p class=\"content-text__container \" data-track-category=\"Link no Texto\" data-track-links=\"\">O presidente deu o resultado do exame em uma entrevista no Pal\u00e1cio da Alvorada. Ao final da entrevista, ele se afastou alguns passos dos rep\u00f3rteres e tirou a m\u00e1scara. Mostrou o rosto, disse estar &#8220;bem&#8221; e pediu cuidado aos mais idosos.<\/p>\n<\/div>\n<div class=\"mc-column content-text active-extra-styles \" style=\"text-align: justify;\" data-block-type=\"unstyled\" data-block-weight=\"40\" data-block-id=\"11\">\n<p class=\"content-text__container \" data-track-category=\"Link no Texto\" data-track-links=\"\">&#8220;Vamos tomar cuidado, em especial com o mais idosos e que t\u00eam comorbidade, os mais jovens tomem cuidado, mas se forem acometidos do v\u00edrus, fiquem tranquilos que para voc\u00eas a possibilidade de algo mais grave \u00e9 pr\u00f3ximo de zero&#8221;, declarou.<\/p>\n<\/div>\n<div class=\"mc-column content-text active-extra-styles \" style=\"text-align: justify;\" data-block-type=\"unstyled\" data-block-weight=\"28\" data-block-id=\"12\">\n<p class=\"content-text__container \" data-track-category=\"Link no Texto\" data-track-links=\"\">O presidente tamb\u00e9m informou que a primeira-dama Michelle Bolsonaro realizou nesta ter\u00e7a-feira um exame para saber se tem o novo coronav\u00edrus. Ele n\u00e3o citou o resultado do teste.<\/p>\n<\/div>\n<div class=\"mc-column content-text active-extra-styles\" style=\"text-align: justify;\" data-block-type=\"raw\" data-block-weight=\"3\" data-block-id=\"13\">\n<div class=\"content-intertitle\">\n<h2>Medidas de preven\u00e7\u00e3o<\/h2>\n<\/div>\n<\/div>\n<div class=\"mc-column content-text active-extra-styles \" style=\"text-align: justify;\" data-block-type=\"unstyled\" data-block-weight=\"25\" data-block-id=\"14\">\n<p class=\"content-text__container \" data-track-category=\"Link no Texto\" data-track-links=\"\">Desde o in\u00edcio da pandemia no pa\u00eds, no fim de fevereiro, Bolsonaro vem descumprindo orienta\u00e7\u00f5es de autoridades de sa\u00fade sobre medidas de preven\u00e7\u00e3o do cont\u00e1gio.<\/p>\n<\/div>\n<div class=\"mc-column content-text active-extra-styles \" style=\"text-align: justify;\" data-block-type=\"unstyled\" data-block-weight=\"40\" data-block-id=\"15\">\n<p class=\"content-text__container \" data-track-category=\"Link no Texto\" data-track-links=\"\">Ele sempre foi contr\u00e1rio ao fechamento do com\u00e9rcio e ao isolamento social, a\u00e7\u00f5es tomadas pelos governos estaduais para diminuir o ritmo dos cont\u00e1gios. De acordo com especialistas, o isolamento \u00e9 a forma mais eficaz de evitar o alastramento do v\u00edrus.<\/p>\n<\/div>\n<div class=\"mc-column content-text active-extra-styles \" style=\"text-align: justify;\" data-block-type=\"unstyled\" data-block-weight=\"49\" data-block-id=\"16\">\n<p class=\"content-text__container \" data-track-category=\"Link no Texto\" data-track-links=\"\">Nos \u00faltimos quatro meses, Bolsonaro\u00a0<a href=\"https:\/\/g1.globo.com\/fantastico\/noticia\/2020\/05\/31\/manifestacao-com-participacao-de-bolsonaro-provoca-aglomeracao-em-brasilia.ghtml\">provocou aglomera\u00e7\u00f5es<\/a>\u00a0ao visitar o com\u00e9rcio de rua em Bras\u00edlia e em visitas a cidades do entorno do Distrito Federal. Ele tamb\u00e9m participou de manifesta\u00e7\u00f5es a favor do governo. Em diversas dessas ocasi\u00f5es ele n\u00e3o usou m\u00e1scara, posou para fotos, tocou nas pessoas.<\/p>\n<\/div>\n<div class=\"mc-column content-text active-extra-styles\" style=\"text-align: justify;\" data-block-type=\"raw\" data-block-weight=\"2\" data-block-id=\"17\">\n<div class=\"content-intertitle\">\n<h2>Encontros recentes<\/h2>\n<\/div>\n<\/div>\n<div class=\"mc-column content-text active-extra-styles \" style=\"text-align: justify;\" data-block-type=\"unstyled\" data-block-weight=\"33\" data-block-id=\"18\">\n<p class=\"content-text__container \" data-track-category=\"Link no Texto\" data-track-links=\"\">No s\u00e1bado (4), o presidente, ministros e um dos filhos, o deputado federal Eduardo Bolsonaro (PSL-SP),\u00a0<a href=\"https:\/\/g1.globo.com\/politica\/noticia\/2020\/07\/04\/sem-mascaras-bolsonaro-e-ministros-comemora-dia-da-independencia-dos-eua-em-almoco-com-embaixador.ghtml\">participaram de almo\u00e7o<\/a>\u00a0promovido pela embaixada dos Estados Unidos no Brasil em comemora\u00e7\u00e3o \u00e0 independ\u00eancia norte-americana.<\/p>\n<\/div>\n<div class=\"mc-column content-text active-extra-styles \" style=\"text-align: justify;\" data-block-type=\"unstyled\" data-block-weight=\"23\" data-block-id=\"19\">\n<p class=\"content-text__container \" data-track-category=\"Link no Texto\" data-track-links=\"\">Na ocasi\u00e3o, os participantes posaram para fotos sem m\u00e1scaras. Em uma das imagens, Bolsonaro aparece abra\u00e7ado ao ministro das Rela\u00e7\u00f5es Exteriores, Ernesto Ara\u00fajo.<\/p>\n<\/div>\n<div class=\"mc-column content-text active-extra-styles \" style=\"text-align: justify;\" data-block-type=\"unstyled\" data-block-weight=\"16\" data-block-id=\"20\">\n<p class=\"content-text__container \" data-track-category=\"Link no Texto\" data-track-links=\"\">A embaixada norte-americana informou que o embaixador Todd Chapman n\u00e3o apresenta sintomas e &#8220;far\u00e1 os testes&#8221;.<\/p>\n<\/div>\n<div class=\"mc-column content-text active-extra-styles \" style=\"text-align: justify;\" data-block-type=\"unstyled\" data-block-weight=\"50\" data-block-id=\"22\">\n<p class=\"content-text__container \" data-track-category=\"Link no Texto\" data-track-links=\"\">Tamb\u00e9m no s\u00e1bado,\u00a0<a href=\"https:\/\/g1.globo.com\/sc\/santa-catarina\/noticia\/2020\/07\/04\/presidente-chega-a-santa-catarina-para-sobrevoar-areas-atingidas-por-ciclone-bomba.ghtml\">o presidente viajou para Santa Catarina<\/a>, onde sobrevoou \u00e1reas atingidas por um ciclone na semana passada. Conforme fotos divulgadas pelo Pal\u00e1cio do Planalto, o presidente, usando m\u00e1scara, apertou a m\u00e3o de uma mulher, caminhou ao lado de pol\u00edticos e fez foto ao lado de funcion\u00e1rios do aeroporto.<\/p>\n<\/div>\n<div class=\"mc-column content-text active-extra-styles \" style=\"text-align: justify;\" data-block-type=\"unstyled\" data-block-weight=\"48\" data-block-id=\"23\">\n<p class=\"content-text__container \" data-track-category=\"Link no Texto\" data-track-links=\"\">Na segunda, Bolsonaro teve uma s\u00e9rie de reuni\u00f5es ao longo do dia com ministros, entre os quais, Paulo Guedes (Economia), Jos\u00e9 Levi (AGU), Braga Netto (Casa Civil), Jorge Oliveira (Secretaria-Geral), Luiz Eduardo Ramos (Secretaria de Governo) e Augusto Heleno (GSI). Heleno j\u00e1 teve Covid-19 e se recuperou.<\/p>\n<\/div>\n<div class=\"mc-column content-text active-extra-styles\" style=\"text-align: justify;\" data-block-type=\"raw\" data-block-weight=\"1\" data-block-id=\"24\">\n<div class=\"content-intertitle\">\n<h2>&#8216;Gripezinha&#8217;<\/h2>\n<\/div>\n<\/div>\n<div class=\"mc-column content-text active-extra-styles \" style=\"text-align: justify;\" data-block-type=\"unstyled\" data-block-weight=\"23\" data-block-id=\"25\">\n<p class=\"content-text__container \" data-track-category=\"Link no Texto\" data-track-links=\"\">&#8220;Em 24 de mar\u00e7o, em pronunciamento em rede nacional de r\u00e1dio e televis\u00e3o, Bolsonaro chamou a covid-19, doen\u00e7a provocada pelo coronav\u00edrus, de &#8220;gripezinha&#8221;.<\/p>\n<\/div>\n<div class=\"mc-column content-text active-extra-styles \" style=\"text-align: justify;\" data-block-type=\"unstyled\" data-block-weight=\"34\" data-block-id=\"26\">\n<p class=\"content-text__container \" data-track-category=\"Link no Texto\" data-track-links=\"\">&#8220;No meu caso particular, pelo meu hist\u00f3rico de atleta, caso fosse contaminado com o v\u00edrus, n\u00e3o precisaria me preocupar. Nada sentiria ou seria, quando muito, acometido de uma gripezinha ou resfriadinho&#8221;, afirmou na ocasi\u00e3o.&#8221;<\/p>\n<\/div>\n<div class=\"mc-column content-text active-extra-styles\" style=\"text-align: justify;\" data-block-type=\"raw\" data-block-weight=\"2\" data-block-id=\"27\">\n<div class=\"content-intertitle\">\n<h2>Outros testes<\/h2>\n<\/div>\n<\/div>\n<div class=\"mc-column content-text active-extra-styles \" style=\"text-align: justify;\" data-block-type=\"unstyled\" data-block-weight=\"38\" data-block-id=\"28\">\n<p class=\"content-text__container \" data-track-category=\"Link no Texto\" data-track-links=\"\">Desde mar\u00e7o Bolsonaro fez outros tr\u00eas testes para detec\u00e7\u00e3o do coronav\u00edrus. O primeiro foi realizado ap\u00f3s retornar de viagem aos Estados Unidos, na qual mais de 20 pessoas que tiveram contato com a comitiva tiveram a doen\u00e7a.<\/p>\n<\/div>\n<div class=\"mc-column content-text active-extra-styles \" style=\"text-align: justify;\" data-block-type=\"unstyled\" data-block-weight=\"31\" data-block-id=\"29\">\n<p class=\"content-text__container \" data-track-category=\"Link no Texto\" data-track-links=\"\">Em maio, em uma a\u00e7\u00e3o movida pelo jornal &#8220;O Estado de S. Paulo&#8221;, o governo federal entregou ao Supremo Tribunal Federal (STF) os laudos dos tr\u00eas exames, todos com resultado negativo.<\/p>\n<\/div>\n<div class=\"mc-column content-text active-extra-styles \" style=\"text-align: justify;\" data-block-type=\"unstyled\" data-block-weight=\"24\" data-block-id=\"30\">\n<p class=\"content-text__container \" data-track-category=\"Link no Texto\" data-track-links=\"\">Os exames foram entregues ao STF porque o presidente anunciou v\u00e1rias vezes que os resultados eram negativos, mas se recusava a mostrar os laudos.<\/p>\n<\/div>\n<div class=\"block-podcast\" style=\"text-align: justify;\">Fonte: G1<\/div>\n<\/div>\n","protected":false},"excerpt":{"rendered":"<p>Ele afirmou ainda que teve febre de 38 graus, mal-estar e dor no corpo. Presidente vai trabalhar nos pr\u00f3ximos dias no Pal\u00e1cio da Alvorada, por videoconfer\u00eancia. O presidente Jair Bolsonaro informou nesta ter\u00e7a-feira (7) que seu exame para detectar se est\u00e1 com Covid-19, a doen\u00e7a causada pelo novo coronav\u00edrus, deu positivo. O presidente afirmou que [&hellip;]<\/p>\n","protected":false},"author":1,"featured_media":30171,"comment_status":"closed","ping_status":"open","sticky":false,"template":"","format":"standard","meta":{"footnotes":""},"categories":[110,122],"tags":[],"class_list":["post-30164","post","type-post","status-publish","format-standard","has-post-thumbnail","hentry","category-noticiasdestaque","category-saudeeducacaoeconcurso"],"_links":{"self":[{"href":"https:\/\/jorgezanoni.com.br\/2019\/wp-json\/wp\/v2\/posts\/30164","targetHints":{"allow":["GET"]}}],"collection":[{"href":"https:\/\/jorgezanoni.com.br\/2019\/wp-json\/wp\/v2\/posts"}],"about":[{"href":"https:\/\/jorgezanoni.com.br\/2019\/wp-json\/wp\/v2\/types\/post"}],"author":[{"embeddable":true,"href":"https:\/\/jorgezanoni.com.br\/2019\/wp-json\/wp\/v2\/users\/1"}],"replies":[{"embeddable":true,"href":"https:\/\/jorgezanoni.com.br\/2019\/wp-json\/wp\/v2\/comments?post=30164"}],"version-history":[{"count":0,"href":"https:\/\/jorgezanoni.com.br\/2019\/wp-json\/wp\/v2\/posts\/30164\/revisions"}],"wp:featuredmedia":[{"embeddable":true,"href":"https:\/\/jorgezanoni.com.br\/2019\/wp-json\/wp\/v2\/media\/30171"}],"wp:attachment":[{"href":"https:\/\/jorgezanoni.com.br\/2019\/wp-json\/wp\/v2\/media?parent=30164"}],"wp:term":[{"taxonomy":"category","embeddable":true,"href":"https:\/\/jorgezanoni.com.br\/2019\/wp-json\/wp\/v2\/categories?post=30164"},{"taxonomy":"post_tag","embeddable":true,"href":"https:\/\/jorgezanoni.com.br\/2019\/wp-json\/wp\/v2\/tags?post=30164"}],"curies":[{"name":"wp","href":"https:\/\/api.w.org\/{rel}","templated":true}]}}