{"id":30161,"date":"2020-07-07T16:05:17","date_gmt":"2020-07-07T16:05:17","guid":{"rendered":"https:\/\/jorgezanoni.com.br\/2019\/?p=30161"},"modified":"2020-07-07T16:05:17","modified_gmt":"2020-07-07T16:05:17","slug":"medico-de-dracena-foi-transferido-para-hospital-em-sao-paulo","status":"publish","type":"post","link":"https:\/\/jorgezanoni.com.br\/2019\/medico-de-dracena-foi-transferido-para-hospital-em-sao-paulo\/","title":{"rendered":"M\u00e9dico de Dracena foi transferido para Hospital em S\u00e3o Paulo"},"content":{"rendered":"<p style=\"text-align: justify;\">Por volta de 12 Hs., o m\u00e9dico dracenense Dr. Fernando C\u00e9sar Moreno Marinho (Coquinho), foi transferido de Helic\u00f3ptero atrav\u00e9s de uma empresa conveniada de sa\u00fade, para a capital paulista.<\/p>\n<p style=\"text-align: justify;\">Segundo informa\u00e7\u00f5es da Santa Casa, ele foi de Ambul\u00e2ncia at\u00e9 o Aeroporto Municipal Muliterno de Dracena onde embarcou.<\/p>\n<p style=\"text-align: justify;\">O quadro dele \u00e9 est\u00e1vel, e a ida para S\u00e3o Paulo n\u00e3o \u00e9 por agravamento cl\u00ednico, e sim por conta que a filha dele tamb\u00e9m m\u00e9dico providenciou a remo\u00e7\u00e3o do pai para cuidar mais de perto dele.<\/p>\n<p style=\"text-align: justify;\">Em nossa P\u00e1gina do Facebook, pessoa muito ligada \u00e0 fam\u00edlia do m\u00e9dico comentou: &#8220;Calma gente. O Dr. Fernando passa bem, ele fez uma tomografia do pulm\u00e3o e apareceu um probleminha. Ele optou para ir para S\u00e3o Paulo onde a filha \u00e9 m\u00e9dica. Como n\u00e3o tem voo de Prudente ele, como m\u00e9dico cooperado da Unimed, pediu um helic\u00f3ptero para o transporte. Falei com a m\u00e3e dele, Da. Luc\u00ednia, e ele est\u00e1 bem&#8221;.<\/p>\n<p style=\"text-align: justify;\">Jorge Zanoni<\/p>\n<p>Foto de Internauta<\/p>\n","protected":false},"excerpt":{"rendered":"<p>Por volta de 12 Hs., o m\u00e9dico dracenense Dr. Fernando C\u00e9sar Moreno Marinho (Coquinho), foi transferido de Helic\u00f3ptero atrav\u00e9s de uma empresa conveniada de sa\u00fade, para a capital paulista. Segundo informa\u00e7\u00f5es da Santa Casa, ele foi de Ambul\u00e2ncia at\u00e9 o Aeroporto Municipal Muliterno de Dracena onde embarcou. O quadro dele \u00e9 est\u00e1vel, e a ida [&hellip;]<\/p>\n","protected":false},"author":1,"featured_media":30162,"comment_status":"closed","ping_status":"open","sticky":false,"template":"","format":"standard","meta":{"footnotes":""},"categories":[110,122],"tags":[],"class_list":["post-30161","post","type-post","status-publish","format-standard","has-post-thumbnail","hentry","category-noticiasdestaque","category-saudeeducacaoeconcurso"],"_links":{"self":[{"href":"https:\/\/jorgezanoni.com.br\/2019\/wp-json\/wp\/v2\/posts\/30161","targetHints":{"allow":["GET"]}}],"collection":[{"href":"https:\/\/jorgezanoni.com.br\/2019\/wp-json\/wp\/v2\/posts"}],"about":[{"href":"https:\/\/jorgezanoni.com.br\/2019\/wp-json\/wp\/v2\/types\/post"}],"author":[{"embeddable":true,"href":"https:\/\/jorgezanoni.com.br\/2019\/wp-json\/wp\/v2\/users\/1"}],"replies":[{"embeddable":true,"href":"https:\/\/jorgezanoni.com.br\/2019\/wp-json\/wp\/v2\/comments?post=30161"}],"version-history":[{"count":0,"href":"https:\/\/jorgezanoni.com.br\/2019\/wp-json\/wp\/v2\/posts\/30161\/revisions"}],"wp:featuredmedia":[{"embeddable":true,"href":"https:\/\/jorgezanoni.com.br\/2019\/wp-json\/wp\/v2\/media\/30162"}],"wp:attachment":[{"href":"https:\/\/jorgezanoni.com.br\/2019\/wp-json\/wp\/v2\/media?parent=30161"}],"wp:term":[{"taxonomy":"category","embeddable":true,"href":"https:\/\/jorgezanoni.com.br\/2019\/wp-json\/wp\/v2\/categories?post=30161"},{"taxonomy":"post_tag","embeddable":true,"href":"https:\/\/jorgezanoni.com.br\/2019\/wp-json\/wp\/v2\/tags?post=30161"}],"curies":[{"name":"wp","href":"https:\/\/api.w.org\/{rel}","templated":true}]}}