{"id":3016,"date":"2019-08-05T12:40:59","date_gmt":"2019-08-05T12:40:59","guid":{"rendered":"https:\/\/jorgezanoni.com.br\/2019\/?p=3016"},"modified":"2019-08-05T12:40:59","modified_gmt":"2019-08-05T12:40:59","slug":"morre-aos-48-anos-o-empresario-e-motoqueiro-de-adamantina-marcio-zapparoli","status":"publish","type":"post","link":"https:\/\/jorgezanoni.com.br\/2019\/morre-aos-48-anos-o-empresario-e-motoqueiro-de-adamantina-marcio-zapparoli\/","title":{"rendered":"Morre aos 48 anos o empres\u00e1rio e motoqueiro de Adamantina M\u00e1rcio Zapparoli"},"content":{"rendered":"<p style=\"text-align: justify;\">Morreu na madrugada desta segunda-feira (5), aos 48 anos de idade, o empres\u00e1rio adamantinense M\u00e1rcio Zapparoli.<\/p>\n<p>Segundo as primeiras informa\u00e7\u00f5es obtidas pela reportagem do adamantinanet.com.br, M\u00e1rcio estava em sua resid\u00eancia quando passou mal.<\/p>\n<p>O Resgate do Corpo de Bombeiros teria sido acionado para o socorro, por\u00e9m, ele n\u00e3o teria resistido e acabou falecendo v\u00edtima de um infarto.<\/p>\n<p style=\"text-align: justify;\">M\u00e1rcio Zapparoli era propriet\u00e1rio da empresa Trezee Comunica\u00e7\u00e3o Visual e atuava no segmento de impress\u00e3o digital, confec\u00e7\u00e3o de fachadas banner\u2019s e adesivos, h\u00e1 v\u00e1rios anos.<\/p>\n<p>Uma de suas paix\u00f5es era a vida sobre duas rodas, onde dedicava suas horas vagas aos moto clubes de Adamantina e regi\u00e3o onde conquistou v\u00e1rios amigos.<\/p>\n<p>Nas redes sociais e atrav\u00e9s de aplicativos dos quais nossa equipe de reportagem teve acesso, pessoas de v\u00e1rias cidades e Estados do Brasil manifestam seus votos de pesar pelo falecimento do adamantinense.<\/p>\n<p>Esta mat\u00e9ria dever\u00e1 ser atualizada a qualquer momento, assim que for divulgado o hor\u00e1rio de vel\u00f3rio. O sepultamento est\u00e1 previsto para o final da tarde de hoje.<\/p>\n<p style=\"text-align: justify;\">Fonte: adamantinanet.com.br<\/p>\n","protected":false},"excerpt":{"rendered":"<p>Morreu na madrugada desta segunda-feira (5), aos 48 anos de idade, o empres\u00e1rio adamantinense M\u00e1rcio Zapparoli. Segundo as primeiras informa\u00e7\u00f5es obtidas pela reportagem do adamantinanet.com.br, M\u00e1rcio estava em sua resid\u00eancia quando passou mal. O Resgate do Corpo de Bombeiros teria sido acionado para o socorro, por\u00e9m, ele n\u00e3o teria resistido e acabou falecendo v\u00edtima de [&hellip;]<\/p>\n","protected":false},"author":1,"featured_media":3017,"comment_status":"closed","ping_status":"open","sticky":false,"template":"","format":"standard","meta":{"footnotes":""},"categories":[114,110],"tags":[],"class_list":["post-3016","post","type-post","status-publish","format-standard","has-post-thumbnail","hentry","category-geralecomercio","category-noticiasdestaque"],"_links":{"self":[{"href":"https:\/\/jorgezanoni.com.br\/2019\/wp-json\/wp\/v2\/posts\/3016","targetHints":{"allow":["GET"]}}],"collection":[{"href":"https:\/\/jorgezanoni.com.br\/2019\/wp-json\/wp\/v2\/posts"}],"about":[{"href":"https:\/\/jorgezanoni.com.br\/2019\/wp-json\/wp\/v2\/types\/post"}],"author":[{"embeddable":true,"href":"https:\/\/jorgezanoni.com.br\/2019\/wp-json\/wp\/v2\/users\/1"}],"replies":[{"embeddable":true,"href":"https:\/\/jorgezanoni.com.br\/2019\/wp-json\/wp\/v2\/comments?post=3016"}],"version-history":[{"count":0,"href":"https:\/\/jorgezanoni.com.br\/2019\/wp-json\/wp\/v2\/posts\/3016\/revisions"}],"wp:featuredmedia":[{"embeddable":true,"href":"https:\/\/jorgezanoni.com.br\/2019\/wp-json\/wp\/v2\/media\/3017"}],"wp:attachment":[{"href":"https:\/\/jorgezanoni.com.br\/2019\/wp-json\/wp\/v2\/media?parent=3016"}],"wp:term":[{"taxonomy":"category","embeddable":true,"href":"https:\/\/jorgezanoni.com.br\/2019\/wp-json\/wp\/v2\/categories?post=3016"},{"taxonomy":"post_tag","embeddable":true,"href":"https:\/\/jorgezanoni.com.br\/2019\/wp-json\/wp\/v2\/tags?post=3016"}],"curies":[{"name":"wp","href":"https:\/\/api.w.org\/{rel}","templated":true}]}}