{"id":30158,"date":"2020-07-07T15:15:15","date_gmt":"2020-07-07T15:15:15","guid":{"rendered":"https:\/\/jorgezanoni.com.br\/2019\/?p=30158"},"modified":"2020-07-07T15:15:15","modified_gmt":"2020-07-07T15:15:15","slug":"policia-civil-em-panorama-prende-homem-procurado-da-justica-com-mais-de-18-anos-de-prisao-para-cumprir","status":"publish","type":"post","link":"https:\/\/jorgezanoni.com.br\/2019\/policia-civil-em-panorama-prende-homem-procurado-da-justica-com-mais-de-18-anos-de-prisao-para-cumprir\/","title":{"rendered":"Pol\u00edcia Civil em Panorama prende homem procurado da Justi\u00e7a com mais de 18 anos de pris\u00e3o para cumprir"},"content":{"rendered":"<p style=\"text-align: justify;\">Em desfavor do homem havia um mandado de pris\u00e3o com senten\u00e7a definitiva, em regime fechado, com pena de 18 anos, onze meses e quinze dias. A senten\u00e7a \u00e9 em decorr\u00eancia do cometimento crimes sexuais.<\/p>\n<p style=\"text-align: justify;\">A Pol\u00edcia Civil, por interm\u00e9dio da Delegacia de Pol\u00edcia de Panorama, capturou e prendeu nesta segunda-feira (6), um homem, de 53 anos, na cidade de Panorama. Em desfavor do homem havia um mandado de pris\u00e3o um mandado de pris\u00e3o com senten\u00e7a definitiva, em regime fechado, com pena de 18 anos, onze meses e quinze dias, em virtude de pr\u00e1tica de crimes sexuais.<br \/>\nAgentes do setor de investiga\u00e7\u00e3o, da Delegacia de Pol\u00edcia de Panorama, ap\u00f3s recebimento da ordem de pris\u00e3o expedido pela Justi\u00e7a da Comarca de Panorama, realizaram trabalho investigativo que resultou na localiza\u00e7\u00e3o do homem procurado na vizinha cidade de Santa Mercedes. O homem n\u00e3o ofereceu resist\u00eancia ao ato da pris\u00e3o e, seguida foi conduzido \u00e0 Delegacia de Pol\u00edcia de Panorama<br \/>\nAp\u00f3s o registro do cumprimento do mandado de pris\u00e3o o homem foi encaminhado para a uma unidade do sistema prisional, onde permanecer\u00e1 a disposi\u00e7\u00e3o da Justi\u00e7a.<\/p>\n<p style=\"text-align: justify;\">Fonte: Com. Social da Pol\u00edcia Civil<\/p>\n","protected":false},"excerpt":{"rendered":"<p>Em desfavor do homem havia um mandado de pris\u00e3o com senten\u00e7a definitiva, em regime fechado, com pena de 18 anos, onze meses e quinze dias. A senten\u00e7a \u00e9 em decorr\u00eancia do cometimento crimes sexuais. A Pol\u00edcia Civil, por interm\u00e9dio da Delegacia de Pol\u00edcia de Panorama, capturou e prendeu nesta segunda-feira (6), um homem, de 53 [&hellip;]<\/p>\n","protected":false},"author":1,"featured_media":30159,"comment_status":"closed","ping_status":"open","sticky":false,"template":"","format":"standard","meta":{"footnotes":""},"categories":[110,2],"tags":[],"class_list":["post-30158","post","type-post","status-publish","format-standard","has-post-thumbnail","hentry","category-noticiasdestaque","category-policial"],"_links":{"self":[{"href":"https:\/\/jorgezanoni.com.br\/2019\/wp-json\/wp\/v2\/posts\/30158","targetHints":{"allow":["GET"]}}],"collection":[{"href":"https:\/\/jorgezanoni.com.br\/2019\/wp-json\/wp\/v2\/posts"}],"about":[{"href":"https:\/\/jorgezanoni.com.br\/2019\/wp-json\/wp\/v2\/types\/post"}],"author":[{"embeddable":true,"href":"https:\/\/jorgezanoni.com.br\/2019\/wp-json\/wp\/v2\/users\/1"}],"replies":[{"embeddable":true,"href":"https:\/\/jorgezanoni.com.br\/2019\/wp-json\/wp\/v2\/comments?post=30158"}],"version-history":[{"count":0,"href":"https:\/\/jorgezanoni.com.br\/2019\/wp-json\/wp\/v2\/posts\/30158\/revisions"}],"wp:featuredmedia":[{"embeddable":true,"href":"https:\/\/jorgezanoni.com.br\/2019\/wp-json\/wp\/v2\/media\/30159"}],"wp:attachment":[{"href":"https:\/\/jorgezanoni.com.br\/2019\/wp-json\/wp\/v2\/media?parent=30158"}],"wp:term":[{"taxonomy":"category","embeddable":true,"href":"https:\/\/jorgezanoni.com.br\/2019\/wp-json\/wp\/v2\/categories?post=30158"},{"taxonomy":"post_tag","embeddable":true,"href":"https:\/\/jorgezanoni.com.br\/2019\/wp-json\/wp\/v2\/tags?post=30158"}],"curies":[{"name":"wp","href":"https:\/\/api.w.org\/{rel}","templated":true}]}}