{"id":30155,"date":"2020-07-07T14:52:05","date_gmt":"2020-07-07T14:52:05","guid":{"rendered":"https:\/\/jorgezanoni.com.br\/2019\/?p=30155"},"modified":"2020-07-07T14:52:05","modified_gmt":"2020-07-07T14:52:05","slug":"medico-de-dracena-esta-internado-na-santa-casa-com-suspeita-da-covid-19","status":"publish","type":"post","link":"https:\/\/jorgezanoni.com.br\/2019\/medico-de-dracena-esta-internado-na-santa-casa-com-suspeita-da-covid-19\/","title":{"rendered":"M\u00e9dico de Dracena est\u00e1 internado na Santa Casa com suspeita da COVID-19"},"content":{"rendered":"<p style=\"text-align: justify;\">O conhecido e conceituado m\u00e9dico dracenense Dr. Fernando C\u00e9sar Moreno Marinho (Coquinho), est\u00e1 internado na U.T.I (Unidade de Terapia Intensiva) da Santa Casa de Dracena.<\/p>\n<p style=\"text-align: justify;\">Segundo informa\u00e7\u00f5es obtidas junto a dire\u00e7\u00e3o da Santa Casa, os sintomas apresentados pelo m\u00e9dico \u00e9 da COVID-19.<\/p>\n<p style=\"text-align: justify;\">O M\u00e9dico foi internado na tarde de ontem e aguarde resultados de exames.<\/p>\n<p style=\"text-align: justify;\">O Site JZ deseja melhoras e que o Dr. Fernando volte logo ao conv\u00edvio dos familiares e amigos.<\/p>\n<p style=\"text-align: justify;\">Jorge Zanoni<\/p>\n","protected":false},"excerpt":{"rendered":"<p>O conhecido e conceituado m\u00e9dico dracenense Dr. Fernando C\u00e9sar Moreno Marinho (Coquinho), est\u00e1 internado na U.T.I (Unidade de Terapia Intensiva) da Santa Casa de Dracena. Segundo informa\u00e7\u00f5es obtidas junto a dire\u00e7\u00e3o da Santa Casa, os sintomas apresentados pelo m\u00e9dico \u00e9 da COVID-19. O M\u00e9dico foi internado na tarde de ontem e aguarde resultados de exames. [&hellip;]<\/p>\n","protected":false},"author":1,"featured_media":30156,"comment_status":"closed","ping_status":"open","sticky":false,"template":"","format":"standard","meta":{"footnotes":""},"categories":[110,122],"tags":[],"class_list":["post-30155","post","type-post","status-publish","format-standard","has-post-thumbnail","hentry","category-noticiasdestaque","category-saudeeducacaoeconcurso"],"_links":{"self":[{"href":"https:\/\/jorgezanoni.com.br\/2019\/wp-json\/wp\/v2\/posts\/30155","targetHints":{"allow":["GET"]}}],"collection":[{"href":"https:\/\/jorgezanoni.com.br\/2019\/wp-json\/wp\/v2\/posts"}],"about":[{"href":"https:\/\/jorgezanoni.com.br\/2019\/wp-json\/wp\/v2\/types\/post"}],"author":[{"embeddable":true,"href":"https:\/\/jorgezanoni.com.br\/2019\/wp-json\/wp\/v2\/users\/1"}],"replies":[{"embeddable":true,"href":"https:\/\/jorgezanoni.com.br\/2019\/wp-json\/wp\/v2\/comments?post=30155"}],"version-history":[{"count":0,"href":"https:\/\/jorgezanoni.com.br\/2019\/wp-json\/wp\/v2\/posts\/30155\/revisions"}],"wp:featuredmedia":[{"embeddable":true,"href":"https:\/\/jorgezanoni.com.br\/2019\/wp-json\/wp\/v2\/media\/30156"}],"wp:attachment":[{"href":"https:\/\/jorgezanoni.com.br\/2019\/wp-json\/wp\/v2\/media?parent=30155"}],"wp:term":[{"taxonomy":"category","embeddable":true,"href":"https:\/\/jorgezanoni.com.br\/2019\/wp-json\/wp\/v2\/categories?post=30155"},{"taxonomy":"post_tag","embeddable":true,"href":"https:\/\/jorgezanoni.com.br\/2019\/wp-json\/wp\/v2\/tags?post=30155"}],"curies":[{"name":"wp","href":"https:\/\/api.w.org\/{rel}","templated":true}]}}