{"id":30152,"date":"2020-07-07T14:40:39","date_gmt":"2020-07-07T14:40:39","guid":{"rendered":"https:\/\/jorgezanoni.com.br\/2019\/?p=30152"},"modified":"2020-07-07T14:40:39","modified_gmt":"2020-07-07T14:40:39","slug":"morre-na-santa-casa-de-dracena-homem-de-70-anos-que-testou-positivo-para-covid-19","status":"publish","type":"post","link":"https:\/\/jorgezanoni.com.br\/2019\/morre-na-santa-casa-de-dracena-homem-de-70-anos-que-testou-positivo-para-covid-19\/","title":{"rendered":"Morre na Santa Casa de Dracena, homem de 70 anos que testou positivo para COVID-19"},"content":{"rendered":"<p style=\"text-align: justify;\">Faleceu na Santa Casa de Dracena hoje (7), um senhor de 70 anos que testou positivo para a COVID-19.<\/p>\n<p style=\"text-align: justify;\">Segundo informa\u00e7\u00f5es obtidas pela reportagem do Site JZ, ele foi internado atrav\u00e9s do munic\u00edpio de Paulic\u00e9ia, por\u00e9m \u00e9 morador do estado de Santa Catarina e estava a passeio na casa de parentes.<\/p>\n<p style=\"text-align: justify;\">Jorge Zanoni<\/p>\n<p>Veja Boletim atualizado da Santa Casa de Dracena de hoje, 07\/07\/20.<img loading=\"lazy\" decoding=\"async\" class=\"alignnone size-full wp-image-30153\" src=\"https:\/\/jorgezanoni.com.br\/2019\/wp-content\/uploads\/2020\/07\/Boletim-2.jpg\" alt=\"\" width=\"960\" height=\"1060\" srcset=\"https:\/\/jorgezanoni.com.br\/2019\/wp-content\/uploads\/2020\/07\/Boletim-2.jpg 960w, https:\/\/jorgezanoni.com.br\/2019\/wp-content\/uploads\/2020\/07\/Boletim-2-272x300.jpg 272w, https:\/\/jorgezanoni.com.br\/2019\/wp-content\/uploads\/2020\/07\/Boletim-2-927x1024.jpg 927w, https:\/\/jorgezanoni.com.br\/2019\/wp-content\/uploads\/2020\/07\/Boletim-2-768x848.jpg 768w, https:\/\/jorgezanoni.com.br\/2019\/wp-content\/uploads\/2020\/07\/Boletim-2-696x769.jpg 696w, https:\/\/jorgezanoni.com.br\/2019\/wp-content\/uploads\/2020\/07\/Boletim-2-380x420.jpg 380w\" sizes=\"auto, (max-width: 960px) 100vw, 960px\" \/><\/p>\n<p>&nbsp;<\/p>\n","protected":false},"excerpt":{"rendered":"<p>Faleceu na Santa Casa de Dracena hoje (7), um senhor de 70 anos que testou positivo para a COVID-19. Segundo informa\u00e7\u00f5es obtidas pela reportagem do Site JZ, ele foi internado atrav\u00e9s do munic\u00edpio de Paulic\u00e9ia, por\u00e9m \u00e9 morador do estado de Santa Catarina e estava a passeio na casa de parentes. Jorge Zanoni Veja Boletim [&hellip;]<\/p>\n","protected":false},"author":1,"featured_media":30153,"comment_status":"closed","ping_status":"open","sticky":false,"template":"","format":"standard","meta":{"footnotes":""},"categories":[110,122],"tags":[],"class_list":["post-30152","post","type-post","status-publish","format-standard","has-post-thumbnail","hentry","category-noticiasdestaque","category-saudeeducacaoeconcurso"],"_links":{"self":[{"href":"https:\/\/jorgezanoni.com.br\/2019\/wp-json\/wp\/v2\/posts\/30152","targetHints":{"allow":["GET"]}}],"collection":[{"href":"https:\/\/jorgezanoni.com.br\/2019\/wp-json\/wp\/v2\/posts"}],"about":[{"href":"https:\/\/jorgezanoni.com.br\/2019\/wp-json\/wp\/v2\/types\/post"}],"author":[{"embeddable":true,"href":"https:\/\/jorgezanoni.com.br\/2019\/wp-json\/wp\/v2\/users\/1"}],"replies":[{"embeddable":true,"href":"https:\/\/jorgezanoni.com.br\/2019\/wp-json\/wp\/v2\/comments?post=30152"}],"version-history":[{"count":0,"href":"https:\/\/jorgezanoni.com.br\/2019\/wp-json\/wp\/v2\/posts\/30152\/revisions"}],"wp:featuredmedia":[{"embeddable":true,"href":"https:\/\/jorgezanoni.com.br\/2019\/wp-json\/wp\/v2\/media\/30153"}],"wp:attachment":[{"href":"https:\/\/jorgezanoni.com.br\/2019\/wp-json\/wp\/v2\/media?parent=30152"}],"wp:term":[{"taxonomy":"category","embeddable":true,"href":"https:\/\/jorgezanoni.com.br\/2019\/wp-json\/wp\/v2\/categories?post=30152"},{"taxonomy":"post_tag","embeddable":true,"href":"https:\/\/jorgezanoni.com.br\/2019\/wp-json\/wp\/v2\/tags?post=30152"}],"curies":[{"name":"wp","href":"https:\/\/api.w.org\/{rel}","templated":true}]}}