{"id":30116,"date":"2020-07-06T15:40:48","date_gmt":"2020-07-06T15:40:48","guid":{"rendered":"https:\/\/jorgezanoni.com.br\/2019\/?p=30116"},"modified":"2020-07-06T15:40:48","modified_gmt":"2020-07-06T15:40:48","slug":"familia-e-feita-refem-em-uma-chacara-durante-assalto-a-residencia-em-presidente-prudente","status":"publish","type":"post","link":"https:\/\/jorgezanoni.com.br\/2019\/familia-e-feita-refem-em-uma-chacara-durante-assalto-a-residencia-em-presidente-prudente\/","title":{"rendered":"Fam\u00edlia \u00e9 feita ref\u00e9m em uma ch\u00e1cara durante assalto a resid\u00eancia em Presidente Prudente"},"content":{"rendered":"<h2 class=\"content-head__subtitle\" style=\"text-align: justify;\"><strong>V\u00edtimas ficaram trancadas em um quarto e tiveram seus celulares jogados em uma piscina. Envolvidos subtra\u00edram 9 rel\u00f3gios de pulso, R$ 3 mil, al\u00e9m de cart\u00f5es banc\u00e1rios<\/strong>.<\/h2>\n<div class=\"mc-column content-text active-extra-styles \" data-block-type=\"unstyled\" data-block-weight=\"40\" data-block-id=\"2\">\n<p class=\"content-text__container \" style=\"text-align: justify;\" data-track-category=\"Link no Texto\" data-track-links=\"\">Na noite deste domingo (5), bandidos armados renderam v\u00edtimas da mesma fam\u00edlia depois de invadirem uma ch\u00e1cara no Jardim Alexandrina, em\u00a0<a href=\"https:\/\/g1.globo.com\/sp\/presidente-prudente-regiao\/cidade\/presidente-prudente\/\">Presidente Prudente<\/a>. As pessoas que foram alvo do crime tinham 22, 23, 53, 58, 61 e 66 anos.<\/p>\n<\/div>\n<div class=\"wall protected-content\">\n<div class=\"mc-column content-text active-extra-styles \" style=\"text-align: justify;\" data-block-type=\"unstyled\" data-block-weight=\"30\" data-block-id=\"3\">\n<p class=\"content-text__container \" data-track-category=\"Link no Texto\" data-track-links=\"\">De acordo com o Boletim de Ocorr\u00eancia, a princ\u00edpio a Pol\u00edcia Militar foi acionada para atender uma ocorr\u00eancia de roubo de ve\u00edculo na Rua Santos Dumont, em Presidente Prudente.<\/p>\n<\/div>\n<div class=\"mc-column content-text active-extra-styles \" style=\"text-align: justify;\" data-block-type=\"unstyled\" data-block-weight=\"46\" data-block-id=\"4\">\n<p class=\"content-text__container \" data-track-category=\"Link no Texto\" data-track-links=\"\">Quando a equipe chegou ao local, fez contato com o propriet\u00e1rio da casa, que informou que n\u00e3o estava na resid\u00eancia, mas que havia visto pelas c\u00e2meras de seguran\u00e7a que o carro da fam\u00edlia n\u00e3o estava estacionado como de costume, momento em que acionou a pol\u00edcia.<\/p>\n<\/div>\n<div class=\"mc-column content-text active-extra-styles \" style=\"text-align: justify;\" data-block-type=\"unstyled\" data-block-weight=\"32\" data-block-id=\"5\">\n<p class=\"content-text__container \" data-track-category=\"Link no Texto\" data-track-links=\"\">Os policiais e a v\u00edtima entraram no im\u00f3vel e notaram que o carro n\u00e3o estava mais no local e que na casa estava tudo revirado. No local n\u00e3o foi encontrado ningu\u00e9m.<\/p>\n<\/div>\n<div class=\"mc-column content-text active-extra-styles \" style=\"text-align: justify;\" data-block-type=\"unstyled\" data-block-weight=\"69\" data-block-id=\"6\">\n<p class=\"content-text__container \" data-track-category=\"Link no Texto\" data-track-links=\"\">Enquanto os policiais realizavam as averigua\u00e7\u00f5es, a v\u00edtima teve a not\u00edcia, atrav\u00e9s de uma prima, que aproximadamente cinco indiv\u00edduos haviam rendido toda a fam\u00edlia na ch\u00e1cara em que estavam, inclusive ela. A mulher disse que os envolvidos colocaram todos deitados no ch\u00e3o e levaram uma das v\u00edtimas at\u00e9 a resid\u00eancia em que o homem estava com a pol\u00edcia. L\u00e1, os indiv\u00edduos subtra\u00edram objetos e retornaram para a ch\u00e1cara.<\/p>\n<\/div>\n<div class=\"mc-column content-text active-extra-styles \" style=\"text-align: justify;\" data-block-type=\"unstyled\" data-block-weight=\"18\" data-block-id=\"8\">\n<p class=\"content-text__container \" data-track-category=\"Link no Texto\" data-track-links=\"\">As v\u00edtimas foram colocadas todas em um quarto, onde ficaram trancadas e os bandidos levaram as chaves.<\/p>\n<\/div>\n<div class=\"mc-column content-text active-extra-styles \" style=\"text-align: justify;\" data-block-type=\"unstyled\" data-block-weight=\"10\" data-block-id=\"9\">\n<p class=\"content-text__container \" data-track-category=\"Link no Texto\" data-track-links=\"\">Os celulares das v\u00edtimas foram jogados dentro de uma piscina.<\/p>\n<\/div>\n<div class=\"mc-column content-text active-extra-styles \" style=\"text-align: justify;\" data-block-type=\"unstyled\" data-block-weight=\"21\" data-block-id=\"10\">\n<p class=\"content-text__container \" data-track-category=\"Link no Texto\" data-track-links=\"\">As v\u00edtimas relataram \u00e0 pol\u00edcia que viram cerca de quatro armas de fogo, sendo que todas aparentavam ser rev\u00f3lveres.<\/p>\n<\/div>\n<div class=\"mc-column content-text active-extra-styles \" style=\"text-align: justify;\" data-block-type=\"unstyled\" data-block-weight=\"34\" data-block-id=\"11\">\n<p class=\"content-text__container \" data-track-category=\"Link no Texto\" data-track-links=\"\">Conforme a pol\u00edcia, ningu\u00e9m estava machucado. O roubo na foi efetuado por cinco pessoas, sendo que apenas duas acompanharam uma das v\u00edtimas at\u00e9 a casa onde subtra\u00edram os objetos e tr\u00eas ficaram na ch\u00e1cara.<\/p>\n<\/div>\n<div class=\"mc-column content-text active-extra-styles \" style=\"text-align: justify;\" data-block-type=\"unstyled\" data-block-weight=\"18\" data-block-id=\"12\">\n<p class=\"content-text__container \" data-track-category=\"Link no Texto\" data-track-links=\"\">Os bandidos levaram da casa diversos documentos pessoais, cart\u00f5es banc\u00e1rios, nove rel\u00f3gios de pulso e R$ 3 mil.<\/p>\n<\/div>\n<div class=\"mc-column content-text active-extra-styles \" data-block-type=\"unstyled\" data-block-weight=\"18\" data-block-id=\"13\">\n<p class=\"content-text__container \" style=\"text-align: justify;\" data-track-category=\"Link no Texto\" data-track-links=\"\">A ocorr\u00eancia foi registrada na Delegacia Participativa da Pol\u00edcia Civil, em Presidente Prudente. Os autores n\u00e3o foram localizados.<\/p>\n<p style=\"text-align: justify;\" data-track-category=\"Link no Texto\" data-track-links=\"\">Fonte: G1<\/p>\n<\/div>\n<\/div>\n","protected":false},"excerpt":{"rendered":"<p>V\u00edtimas ficaram trancadas em um quarto e tiveram seus celulares jogados em uma piscina. Envolvidos subtra\u00edram 9 rel\u00f3gios de pulso, R$ 3 mil, al\u00e9m de cart\u00f5es banc\u00e1rios. Na noite deste domingo (5), bandidos armados renderam v\u00edtimas da mesma fam\u00edlia depois de invadirem uma ch\u00e1cara no Jardim Alexandrina, em\u00a0Presidente Prudente. As pessoas que foram alvo do [&hellip;]<\/p>\n","protected":false},"author":1,"featured_media":30117,"comment_status":"closed","ping_status":"open","sticky":false,"template":"","format":"standard","meta":{"footnotes":""},"categories":[110,2],"tags":[],"class_list":["post-30116","post","type-post","status-publish","format-standard","has-post-thumbnail","hentry","category-noticiasdestaque","category-policial"],"_links":{"self":[{"href":"https:\/\/jorgezanoni.com.br\/2019\/wp-json\/wp\/v2\/posts\/30116","targetHints":{"allow":["GET"]}}],"collection":[{"href":"https:\/\/jorgezanoni.com.br\/2019\/wp-json\/wp\/v2\/posts"}],"about":[{"href":"https:\/\/jorgezanoni.com.br\/2019\/wp-json\/wp\/v2\/types\/post"}],"author":[{"embeddable":true,"href":"https:\/\/jorgezanoni.com.br\/2019\/wp-json\/wp\/v2\/users\/1"}],"replies":[{"embeddable":true,"href":"https:\/\/jorgezanoni.com.br\/2019\/wp-json\/wp\/v2\/comments?post=30116"}],"version-history":[{"count":0,"href":"https:\/\/jorgezanoni.com.br\/2019\/wp-json\/wp\/v2\/posts\/30116\/revisions"}],"wp:featuredmedia":[{"embeddable":true,"href":"https:\/\/jorgezanoni.com.br\/2019\/wp-json\/wp\/v2\/media\/30117"}],"wp:attachment":[{"href":"https:\/\/jorgezanoni.com.br\/2019\/wp-json\/wp\/v2\/media?parent=30116"}],"wp:term":[{"taxonomy":"category","embeddable":true,"href":"https:\/\/jorgezanoni.com.br\/2019\/wp-json\/wp\/v2\/categories?post=30116"},{"taxonomy":"post_tag","embeddable":true,"href":"https:\/\/jorgezanoni.com.br\/2019\/wp-json\/wp\/v2\/tags?post=30116"}],"curies":[{"name":"wp","href":"https:\/\/api.w.org\/{rel}","templated":true}]}}