{"id":30113,"date":"2020-07-06T15:26:55","date_gmt":"2020-07-06T15:26:55","guid":{"rendered":"https:\/\/jorgezanoni.com.br\/2019\/?p=30113"},"modified":"2020-07-06T15:26:55","modified_gmt":"2020-07-06T15:26:55","slug":"discussao-por-ciumes-acaba-com-golpes-de-faca-e-morte-em-presidente-epitacio","status":"publish","type":"post","link":"https:\/\/jorgezanoni.com.br\/2019\/discussao-por-ciumes-acaba-com-golpes-de-faca-e-morte-em-presidente-epitacio\/","title":{"rendered":"Discuss\u00e3o por ci\u00fames acaba com golpes de faca e morte em Presidente Epit\u00e1cio"},"content":{"rendered":"<h2 class=\"content-head__subtitle\" style=\"text-align: justify;\"><strong>Suspeito de matar o homem de 53 anos foi preso na manh\u00e3 desta segunda-feira (6), conforme informou ao G1 a Pol\u00edcia Civil.<\/strong><\/h2>\n<div class=\"mc-column content-text active-extra-styles \" data-block-type=\"unstyled\" data-block-weight=\"57\" data-block-id=\"2\">\n<p class=\"content-text__container \" style=\"text-align: justify;\" data-track-category=\"Link no Texto\" data-track-links=\"\">Um homem de 53 anos morreu, neste domingo (5), ap\u00f3s ser atingido a golpes de faca por um indiv\u00edduo de 31 anos. O caso, em<a href=\"http:\/\/g1.globo.com\/sp\/presidente-prudente-regiao\/cidade\/presidente-epitacio.html\">\u00a0Presidente Epit\u00e1cio<\/a>, foi registrado como homic\u00eddio qualificado. O suspeito de matar a v\u00edtima foi preso na manh\u00e3 desta segunda-feira (6), conforme informou ao\u00a0<strong>G1\u00a0<\/strong>a Pol\u00edcia Civil. Ele foi autuado em flagrante.<\/p>\n<\/div>\n<div class=\"wall protected-content\">\n<div class=\"mc-column content-text active-extra-styles \" style=\"text-align: justify;\" data-block-type=\"unstyled\" data-block-weight=\"51\" data-block-id=\"3\">\n<p class=\"content-text__container \" data-track-category=\"Link no Texto\" data-track-links=\"\">Conforme o Boletim de Ocorr\u00eancia, a Pol\u00edcia Militar foi acionada via Centro de Opera\u00e7\u00f5es da Pol\u00edcia Militar (Copom) para atender a um homic\u00eddio. No local, a v\u00edtima j\u00e1 havia sido socorrida ao Pronto-socorro da Santa Casa local pelo Corpo de Bombeiros. O homem deu entrada na unidade j\u00e1 sem vida.<\/p>\n<\/div>\n<div class=\"mc-column content-text active-extra-styles \" style=\"text-align: justify;\" data-block-type=\"unstyled\" data-block-weight=\"22\" data-block-id=\"4\">\n<p class=\"content-text__container \" data-track-category=\"Link no Texto\" data-track-links=\"\">Consta que o suspeito e a v\u00edtima discutiram por ci\u00fames do contato dela com uma sobrinha, que \u00e9 mulher do autor.<\/p>\n<\/div>\n<div class=\"mc-column content-text active-extra-styles \" style=\"text-align: justify;\" data-block-type=\"unstyled\" data-block-weight=\"36\" data-block-id=\"5\">\n<p class=\"content-text__container \" data-track-category=\"Link no Texto\" data-track-links=\"\">Os golpes de faca atingiram a v\u00edtima nas regi\u00f5es da testa e nas costas. Ap\u00f3s o crime, o suspeito fugiu levando a faca utilizada na pr\u00e1tica. A arma foi escondida em um matagal, mas acabou apreendida.<\/p>\n<\/div>\n<div class=\"mc-column content-text active-extra-styles \" style=\"text-align: justify;\" data-block-type=\"unstyled\" data-block-weight=\"55\" data-block-id=\"6\">\n<p class=\"content-text__container \" data-track-category=\"Link no Texto\" data-track-links=\"\">Agentes da Pol\u00edcia Civil tamb\u00e9m foram ao local, onde o contatou uma testemunha, namorada da v\u00edtima. Ela relatou ter presenciado uma discuss\u00e3o entre a v\u00edtima e o autor nos fundos da resid\u00eancia e que na sequ\u00eancia o indiv\u00edduo saiu do local, mas voltou com uma faca na m\u00e3o, quando passou a agredir a v\u00edtima.<\/p>\n<\/div>\n<div class=\"content-ads content-ads--reveal\" style=\"text-align: justify;\" data-block-type=\"ads\" data-block-id=\"7\"><\/div>\n<div class=\"mc-column content-text active-extra-styles \" style=\"text-align: justify;\" data-block-type=\"unstyled\" data-block-weight=\"41\" data-block-id=\"8\">\n<p class=\"content-text__container \" data-track-category=\"Link no Texto\" data-track-links=\"\">De acordo com o registro, a testemunha interveio, ficando entre os dois, e acabou sendo atingida pela faca, que lhe cortou o antebra\u00e7o esquerdo, momento em que o autor desferiu na sequ\u00eancia dois golpes de faca nas costas da v\u00edtima.<\/p>\n<\/div>\n<div class=\"mc-column content-text active-extra-styles \" style=\"text-align: justify;\" data-block-type=\"unstyled\" data-block-weight=\"24\" data-block-id=\"9\">\n<p class=\"content-text__container \" data-track-category=\"Link no Texto\" data-track-links=\"\">O pai da v\u00edtima, morador na parte da frente do im\u00f3vel, tamb\u00e9m tentou defender o filho, mas sem sucesso, \u201cpor ser pessoa idosa\u201d.<\/p>\n<\/div>\n<div class=\"mc-column content-text active-extra-styles \" style=\"text-align: justify;\" data-block-type=\"unstyled\" data-block-weight=\"18\" data-block-id=\"10\">\n<p class=\"content-text__container \" data-track-category=\"Link no Texto\" data-track-links=\"\">A testemunha ainda contou que na sequ\u00eancia o autor fugiu do local levando a faca com ele.<\/p>\n<\/div>\n<div class=\"mc-column content-text active-extra-styles \" style=\"text-align: justify;\" data-block-type=\"unstyled\" data-block-weight=\"27\" data-block-id=\"11\">\n<p class=\"content-text__container \" data-track-category=\"Link no Texto\" data-track-links=\"\">Havia manchas de sangue em frete \u00e0 porta de entrada da resid\u00eancia da v\u00edtima (parte dos fundos) \u201cretratando realmente a agress\u00e3o ocorrida\u201d. O espa\u00e7o foi periciado.<\/p>\n<\/div>\n<div class=\"mc-column content-text active-extra-styles \" data-block-type=\"unstyled\" data-block-weight=\"30\" data-block-id=\"12\">\n<p class=\"content-text__container \" style=\"text-align: justify;\" data-track-category=\"Link no Texto\" data-track-links=\"\">\u00c0 Pol\u00edcia Civil, o indiv\u00edduo alegou que agiu &#8220;para se defender&#8221;. Segundo ele, a vitima tentou agredi-lo com a faca, mas ele a teria desarmado e a golpeado na sequ\u00eancia.<\/p>\n<p style=\"text-align: justify;\" data-track-category=\"Link no Texto\" data-track-links=\"\">Fonte: G1<\/p>\n<\/div>\n<\/div>\n","protected":false},"excerpt":{"rendered":"<p>Suspeito de matar o homem de 53 anos foi preso na manh\u00e3 desta segunda-feira (6), conforme informou ao G1 a Pol\u00edcia Civil. Um homem de 53 anos morreu, neste domingo (5), ap\u00f3s ser atingido a golpes de faca por um indiv\u00edduo de 31 anos. O caso, em\u00a0Presidente Epit\u00e1cio, foi registrado como homic\u00eddio qualificado. O suspeito [&hellip;]<\/p>\n","protected":false},"author":1,"featured_media":30114,"comment_status":"closed","ping_status":"open","sticky":false,"template":"","format":"standard","meta":{"footnotes":""},"categories":[110,2],"tags":[],"class_list":["post-30113","post","type-post","status-publish","format-standard","has-post-thumbnail","hentry","category-noticiasdestaque","category-policial"],"_links":{"self":[{"href":"https:\/\/jorgezanoni.com.br\/2019\/wp-json\/wp\/v2\/posts\/30113","targetHints":{"allow":["GET"]}}],"collection":[{"href":"https:\/\/jorgezanoni.com.br\/2019\/wp-json\/wp\/v2\/posts"}],"about":[{"href":"https:\/\/jorgezanoni.com.br\/2019\/wp-json\/wp\/v2\/types\/post"}],"author":[{"embeddable":true,"href":"https:\/\/jorgezanoni.com.br\/2019\/wp-json\/wp\/v2\/users\/1"}],"replies":[{"embeddable":true,"href":"https:\/\/jorgezanoni.com.br\/2019\/wp-json\/wp\/v2\/comments?post=30113"}],"version-history":[{"count":0,"href":"https:\/\/jorgezanoni.com.br\/2019\/wp-json\/wp\/v2\/posts\/30113\/revisions"}],"wp:featuredmedia":[{"embeddable":true,"href":"https:\/\/jorgezanoni.com.br\/2019\/wp-json\/wp\/v2\/media\/30114"}],"wp:attachment":[{"href":"https:\/\/jorgezanoni.com.br\/2019\/wp-json\/wp\/v2\/media?parent=30113"}],"wp:term":[{"taxonomy":"category","embeddable":true,"href":"https:\/\/jorgezanoni.com.br\/2019\/wp-json\/wp\/v2\/categories?post=30113"},{"taxonomy":"post_tag","embeddable":true,"href":"https:\/\/jorgezanoni.com.br\/2019\/wp-json\/wp\/v2\/tags?post=30113"}],"curies":[{"name":"wp","href":"https:\/\/api.w.org\/{rel}","templated":true}]}}