{"id":30108,"date":"2020-07-06T12:34:38","date_gmt":"2020-07-06T12:34:38","guid":{"rendered":"https:\/\/jorgezanoni.com.br\/2019\/?p=30108"},"modified":"2020-07-06T12:34:38","modified_gmt":"2020-07-06T12:34:38","slug":"gusttavo-lima-se-envolve-em-acidente-ao-sair-de-sua-fazenda-em-bela-vista-de-goias","status":"publish","type":"post","link":"https:\/\/jorgezanoni.com.br\/2019\/gusttavo-lima-se-envolve-em-acidente-ao-sair-de-sua-fazenda-em-bela-vista-de-goias\/","title":{"rendered":"Gusttavo Lima se envolve em acidente ao sair de sua fazenda em Bela Vista de Goi\u00e1s"},"content":{"rendered":"<h2 class=\"content-head__subtitle\" style=\"text-align: justify;\"><strong>Segundo a assessoria do cantor, um ciclista passou muito r\u00e1pido na frente do carro e acabou sendo atropelado. Apesar do susto, o ciclista e o cantor est\u00e3o bem.<\/strong><\/h2>\n<div class=\"mc-column content-text active-extra-styles \" data-block-type=\"unstyled\" data-block-weight=\"53\" data-block-id=\"2\">\n<p class=\"content-text__container \" style=\"text-align: justify;\" data-track-category=\"Link no Texto\" data-track-links=\"\">O cantor sertanejo\u00a0<a href=\"https:\/\/g1.globo.com\/tudo-sobre\/gusttavo-lima\/\">Gusttavo Lima<\/a>\u00a0se envolveu em um acidente na noite deste domingo (5) quando voltava da fazenda em\u00a0<a href=\"https:\/\/g1.globo.com\/go\/goias\/cidade\/bela-vista-de-goias\/\">Bela Vista de Goi\u00e1s<\/a>\u00a0para a casa dele, em\u00a0<a href=\"https:\/\/g1.globo.com\/go\/goias\/cidade\/goiania\/\">Goi\u00e2nia<\/a>. Ele atropelou um ciclista que passou muito r\u00e1pido na frente do carro, segundo a assessoria do artista. Gusttavo estava sozinho no ve\u00edculo.<\/p>\n<\/div>\n<div class=\"wall protected-content\">\n<div class=\"mc-column content-text active-extra-styles \" style=\"text-align: justify;\" data-block-type=\"unstyled\" data-block-weight=\"37\" data-block-id=\"3\">\n<p class=\"content-text__container \" data-track-category=\"Link no Texto\" data-track-links=\"\">De acordo com a assessoria, o artista estava a 30 km\/h para passar em um radar eletr\u00f4nico, com velocidade m\u00e1xima permitida de 40 km\/h, na sa\u00edda da cidade. Nenhum dos envolvidos sofreu ferimentos graves no acidente.<\/p>\n<\/div>\n<div class=\"mc-column content-text active-extra-styles \" style=\"text-align: justify;\" data-block-type=\"unstyled\" data-block-weight=\"46\" data-block-id=\"4\">\n<p class=\"content-text__container \" data-track-category=\"Link no Texto\" data-track-links=\"\">&#8220;Ele atingiu um ciclista que passou muito r\u00e1pido na frente dele e s\u00f3 soube que era um ciclista quando viu depois pelo retrovisor, tamanha a velocidade com que o homem passou. O ciclista teve ferimentos em uma perna, mas todos est\u00e3o bem&#8221;, diz a assessoria.<\/p>\n<\/div>\n<div class=\"mc-column content-text active-extra-styles \" style=\"text-align: justify;\" data-block-type=\"unstyled\" data-block-weight=\"52\" data-block-id=\"5\">\n<p class=\"content-text__container \" data-track-category=\"Link no Texto\" data-track-links=\"\">O cantor chamou o Servi\u00e7o de Atendimento M\u00f3vel de Urg\u00eancia (Samu) e esperou o socorro m\u00e9dico no local. &#8220;O homem est\u00e1 consciente e foi levado para atendimento pelos socorristas porque a m\u00e9dica e o pr\u00f3prio Gusttavo falaram que ele tinha quer ir, porque ele n\u00e3o queria ir&#8221;, diz a assessoria de imprensa.<\/p>\n<\/div>\n<div class=\"mc-column content-text active-extra-styles \" style=\"text-align: justify;\" data-block-type=\"unstyled\" data-block-weight=\"34\" data-block-id=\"6\">\n<p class=\"content-text__container \" data-track-category=\"Link no Texto\" data-track-links=\"\">A assessoria explicou ainda que o cantor est\u00e1 providenciado uma ambul\u00e2ncia particular para transferir o homem para um hospital privado em Goi\u00e2nia. O atendimento na capital, segundo a assessoria, ser\u00e1 custeado pelo artista.<\/p>\n<\/div>\n<div class=\"mc-column content-text active-extra-styles \" style=\"text-align: justify;\" data-block-type=\"unstyled\" data-block-weight=\"54\" data-block-id=\"8\">\n<p class=\"content-text__container \" data-track-category=\"Link no Texto\" data-track-links=\"\">O Samu de Bela Vista de Goi\u00e1s confirmou ao<strong>\u00a0G1<\/strong>\u00a0que foi chamado para atender a ocorr\u00eancia envolvendo o cantor. A equipe levou o ciclista para o Pronto Socorro do Hospital Municipal da cidade. A unidade hospitalar, por sua vez, confirmou que recebeu o paciente, mas n\u00e3o pode divulgar informa\u00e7\u00f5es sobre o atendimento.<\/p>\n<\/div>\n<div class=\"mc-column content-text active-extra-styles\" style=\"text-align: justify;\" data-block-type=\"raw\" data-block-weight=\"6\" data-block-id=\"9\">\n<div class=\"content-intertitle\">\n<h2>Nota da assessoria de Gusttavo Lima<\/h2>\n<\/div>\n<\/div>\n<div class=\"mc-column content-text active-extra-styles \" style=\"text-align: justify;\" data-block-type=\"unstyled\" data-block-weight=\"25\" data-block-id=\"10\">\n<p class=\"content-text__container \" data-track-category=\"Link no Texto\" data-track-links=\"\"><em>Informamos que na noite de hoje (05\/07), o ve\u00edculo do cantor Gusttavo Lima atingiu um ciclista na cidade de Bela Vista de Goi\u00e2nia (GO).<\/em><\/p>\n<\/div>\n<div class=\"mc-column content-text active-extra-styles \" style=\"text-align: justify;\" data-block-type=\"unstyled\" data-block-weight=\"57\" data-block-id=\"11\">\n<p class=\"content-text__container \" data-track-category=\"Link no Texto\" data-track-links=\"\"><em>O carro era dirigido pelo cantor que ligou para o SAMU e permaneceu no local at\u00e9 a chegada do socorro m\u00e9dico. O ciclista, que n\u00e3o respeitou a sinaliza\u00e7\u00e3o de parada na via, teve leves ferimentos, foi encaminhado ao hospital e passa bem. O escrit\u00f3rio do cantor est\u00e1 providenciando exames particulares para certificar que n\u00e3o houve nenhuma gravidade.<\/em><\/p>\n<\/div>\n<div class=\"mc-column content-text active-extra-styles \" data-block-type=\"unstyled\" data-block-weight=\"9\" data-block-id=\"12\">\n<p class=\"content-text__container \" style=\"text-align: justify;\" data-track-category=\"Link no Texto\" data-track-links=\"\"><em>S\u00e3o falsas as informa\u00e7\u00f5es que o cantor estaria detido.<\/em><\/p>\n<figure style=\"text-align: justify;\"><img decoding=\"async\" class=\"i-amphtml-fill-content i-amphtml-replaced-content\" src=\"https:\/\/s2.glbimg.com\/CrJVgiFXrxTVAbXNzPORRXUo7x8=\/0x0:1700x1065\/984x0\/smart\/filters:strip_icc()\/i.s3.glbimg.com\/v1\/AUTH_59edd422c0c84a879bd37670ae4f538a\/internal_photos\/bs\/2019\/v\/G\/PeLhVETU2KyyxbRustlQ\/barragem.jpg\" sizes=\"(max-width: 1242px) 648px, 100vw\" srcset=\"https:\/\/s2.glbimg.com\/CNnHAlu7EF_4yBLaZXm5g1yJIRg=\/0x0:1700x1065\/1000x0\/smart\/filters:strip_icc()\/i.s3.glbimg.com\/v1\/AUTH_59edd422c0c84a879bd37670ae4f538a\/internal_photos\/bs\/2019\/v\/G\/PeLhVETU2KyyxbRustlQ\/barragem.jpg 1000w, https:\/\/s2.glbimg.com\/CrJVgiFXrxTVAbXNzPORRXUo7x8=\/0x0:1700x1065\/984x0\/smart\/filters:strip_icc()\/i.s3.glbimg.com\/v1\/AUTH_59edd422c0c84a879bd37670ae4f538a\/internal_photos\/bs\/2019\/v\/G\/PeLhVETU2KyyxbRustlQ\/barragem.jpg 984w, https:\/\/s2.glbimg.com\/BjwAgfi4M2rsuJ4n-X3eyTYcoaI=\/0x0:1700x1065\/640x0\/smart\/filters:strip_icc()\/i.s3.glbimg.com\/v1\/AUTH_59edd422c0c84a879bd37670ae4f538a\/internal_photos\/bs\/2019\/v\/G\/PeLhVETU2KyyxbRustlQ\/barragem.jpg 640w, https:\/\/s2.glbimg.com\/SwWPQtCpTD-FZ9tFXqU75xNISTQ=\/0x0:1700x1065\/600x0\/smart\/filters:strip_icc()\/i.s3.glbimg.com\/v1\/AUTH_59edd422c0c84a879bd37670ae4f538a\/internal_photos\/bs\/2019\/v\/G\/PeLhVETU2KyyxbRustlQ\/barragem.jpg 600w\" alt=\"Fazenda do Gusttavo Lima em Goi\u00e1s \u2014 Foto: Reprodu\u00e7\u00e3o\/TV Anhanguera\" \/><\/figure>\n<p class=\"content-media__description \">Fazenda do Gusttavo Lima em Goi\u00e1s \u2014 Foto: Reprodu\u00e7\u00e3o\/TV Anhanguera<\/p>\n<p>Fonte: G1<\/p>\n<\/div>\n<\/div>\n","protected":false},"excerpt":{"rendered":"<p>Segundo a assessoria do cantor, um ciclista passou muito r\u00e1pido na frente do carro e acabou sendo atropelado. Apesar do susto, o ciclista e o cantor est\u00e3o bem. O cantor sertanejo\u00a0Gusttavo Lima\u00a0se envolveu em um acidente na noite deste domingo (5) quando voltava da fazenda em\u00a0Bela Vista de Goi\u00e1s\u00a0para a casa dele, em\u00a0Goi\u00e2nia. Ele atropelou [&hellip;]<\/p>\n","protected":false},"author":1,"featured_media":30109,"comment_status":"closed","ping_status":"open","sticky":false,"template":"","format":"standard","meta":{"footnotes":""},"categories":[170,183,110],"tags":[],"class_list":["post-30108","post","type-post","status-publish","format-standard","has-post-thumbnail","hentry","category-acidentes","category-musicaeturismo","category-noticiasdestaque"],"_links":{"self":[{"href":"https:\/\/jorgezanoni.com.br\/2019\/wp-json\/wp\/v2\/posts\/30108","targetHints":{"allow":["GET"]}}],"collection":[{"href":"https:\/\/jorgezanoni.com.br\/2019\/wp-json\/wp\/v2\/posts"}],"about":[{"href":"https:\/\/jorgezanoni.com.br\/2019\/wp-json\/wp\/v2\/types\/post"}],"author":[{"embeddable":true,"href":"https:\/\/jorgezanoni.com.br\/2019\/wp-json\/wp\/v2\/users\/1"}],"replies":[{"embeddable":true,"href":"https:\/\/jorgezanoni.com.br\/2019\/wp-json\/wp\/v2\/comments?post=30108"}],"version-history":[{"count":0,"href":"https:\/\/jorgezanoni.com.br\/2019\/wp-json\/wp\/v2\/posts\/30108\/revisions"}],"wp:featuredmedia":[{"embeddable":true,"href":"https:\/\/jorgezanoni.com.br\/2019\/wp-json\/wp\/v2\/media\/30109"}],"wp:attachment":[{"href":"https:\/\/jorgezanoni.com.br\/2019\/wp-json\/wp\/v2\/media?parent=30108"}],"wp:term":[{"taxonomy":"category","embeddable":true,"href":"https:\/\/jorgezanoni.com.br\/2019\/wp-json\/wp\/v2\/categories?post=30108"},{"taxonomy":"post_tag","embeddable":true,"href":"https:\/\/jorgezanoni.com.br\/2019\/wp-json\/wp\/v2\/tags?post=30108"}],"curies":[{"name":"wp","href":"https:\/\/api.w.org\/{rel}","templated":true}]}}