{"id":3010,"date":"2019-08-05T12:29:34","date_gmt":"2019-08-05T12:29:34","guid":{"rendered":"https:\/\/jorgezanoni.com.br\/2019\/?p=3010"},"modified":"2019-08-05T12:29:34","modified_gmt":"2019-08-05T12:29:34","slug":"acidente-grave-no-trevo-do-bairro-venda-branca-na-sp-294-deixa-dois-idosos-feridos","status":"publish","type":"post","link":"https:\/\/jorgezanoni.com.br\/2019\/acidente-grave-no-trevo-do-bairro-venda-branca-na-sp-294-deixa-dois-idosos-feridos\/","title":{"rendered":"Acidente grave no trevo do bairro Venda Branca na SP-294 deixa dois idosos feridos"},"content":{"rendered":"<p style=\"text-align: justify;\">A Pol\u00edcia Militar Rodovi\u00e1ria base operacional de Adamantina registrou um grave acidente na tarde deste domingo (04) envolvendo uma carreta Scania com placas de Capivari\/SP e um Corsa de Osvaldo Cruz.<\/p>\n<p style=\"text-align: justify;\">De acordo com W.T., 33 anos, motorista da carreta, ele seguia sentindo Osvaldo Cruz &#8211; Adamantina, quando no trevo do bairro Venda Branca o Corsa que seguia sentindo Bairro Venda Branca a SP-294, invadiu a pista onde houve a colis\u00e3o. Com o impacto o carro girou sobre a pista vindo a colidir novamente no caminh\u00e3o.<\/p>\n<p style=\"text-align: justify;\">Dois idosos que ocupavam o carro ficaram gravemente feridos e foram socorridos pela Unidade Resgate do Corpo de Bombeiros de Osvaldo Cruz at\u00e9 a Santa Casa local.<\/p>\n<p style=\"text-align: justify;\">G.L., de 66 anos, motorista do Corsa entrou em parada card\u00edaca e precisou ser reanimado pelos bombeiros dentro da viatura de Resgate, j\u00e1 o passageiro C.R.C.,de 69 anos, teve v\u00e1rios ferimentos graves.<\/p>\n<p style=\"text-align: justify;\">A reportagem do Portal Metr\u00f3pole de Not\u00edcias entrou em contato com familiares das v\u00edtimas que informaram que ambos ser\u00e3o transferidos para hospitais da regi\u00e3o depois de estabilizadas.<\/p>\n<p style=\"text-align: justify;\">Trabalharam na ocorr\u00eancia a Pol\u00edcia Militar Rodovi\u00e1ria Base Operacional de Adamantina, policiamento \u00e1rea de Osvaldo Cruz, Corpo de Bombeiros, Policia Cient\u00edfica e a equipe do DER que controlou o tr\u00e2nsito at\u00e9 a finaliza\u00e7\u00e3o da ocorr\u00eancia.<\/p>\n<p><img loading=\"lazy\" decoding=\"async\" class=\"alignnone size-full wp-image-3011\" src=\"https:\/\/jorgezanoni.com.br\/2019\/wp-content\/uploads\/2019\/08\/oc1.jpg\" alt=\"\" width=\"1201\" height=\"798\" srcset=\"https:\/\/jorgezanoni.com.br\/2019\/wp-content\/uploads\/2019\/08\/oc1.jpg 1201w, https:\/\/jorgezanoni.com.br\/2019\/wp-content\/uploads\/2019\/08\/oc1-300x199.jpg 300w, https:\/\/jorgezanoni.com.br\/2019\/wp-content\/uploads\/2019\/08\/oc1-768x510.jpg 768w, https:\/\/jorgezanoni.com.br\/2019\/wp-content\/uploads\/2019\/08\/oc1-1024x680.jpg 1024w, https:\/\/jorgezanoni.com.br\/2019\/wp-content\/uploads\/2019\/08\/oc1-696x462.jpg 696w, https:\/\/jorgezanoni.com.br\/2019\/wp-content\/uploads\/2019\/08\/oc1-1068x710.jpg 1068w, https:\/\/jorgezanoni.com.br\/2019\/wp-content\/uploads\/2019\/08\/oc1-632x420.jpg 632w\" sizes=\"auto, (max-width: 1201px) 100vw, 1201px\" \/> <img loading=\"lazy\" decoding=\"async\" class=\"alignnone size-full wp-image-3012\" src=\"https:\/\/jorgezanoni.com.br\/2019\/wp-content\/uploads\/2019\/08\/oc2.jpg\" alt=\"\" width=\"1201\" height=\"798\" srcset=\"https:\/\/jorgezanoni.com.br\/2019\/wp-content\/uploads\/2019\/08\/oc2.jpg 1201w, https:\/\/jorgezanoni.com.br\/2019\/wp-content\/uploads\/2019\/08\/oc2-300x199.jpg 300w, https:\/\/jorgezanoni.com.br\/2019\/wp-content\/uploads\/2019\/08\/oc2-768x510.jpg 768w, https:\/\/jorgezanoni.com.br\/2019\/wp-content\/uploads\/2019\/08\/oc2-1024x680.jpg 1024w, https:\/\/jorgezanoni.com.br\/2019\/wp-content\/uploads\/2019\/08\/oc2-696x462.jpg 696w, https:\/\/jorgezanoni.com.br\/2019\/wp-content\/uploads\/2019\/08\/oc2-1068x710.jpg 1068w, https:\/\/jorgezanoni.com.br\/2019\/wp-content\/uploads\/2019\/08\/oc2-632x420.jpg 632w\" sizes=\"auto, (max-width: 1201px) 100vw, 1201px\" \/> <img loading=\"lazy\" decoding=\"async\" class=\"alignnone size-full wp-image-3013\" src=\"https:\/\/jorgezanoni.com.br\/2019\/wp-content\/uploads\/2019\/08\/oc3.jpg\" alt=\"\" width=\"1201\" height=\"798\" srcset=\"https:\/\/jorgezanoni.com.br\/2019\/wp-content\/uploads\/2019\/08\/oc3.jpg 1201w, https:\/\/jorgezanoni.com.br\/2019\/wp-content\/uploads\/2019\/08\/oc3-300x199.jpg 300w, https:\/\/jorgezanoni.com.br\/2019\/wp-content\/uploads\/2019\/08\/oc3-768x510.jpg 768w, https:\/\/jorgezanoni.com.br\/2019\/wp-content\/uploads\/2019\/08\/oc3-1024x680.jpg 1024w, https:\/\/jorgezanoni.com.br\/2019\/wp-content\/uploads\/2019\/08\/oc3-696x462.jpg 696w, https:\/\/jorgezanoni.com.br\/2019\/wp-content\/uploads\/2019\/08\/oc3-1068x710.jpg 1068w, https:\/\/jorgezanoni.com.br\/2019\/wp-content\/uploads\/2019\/08\/oc3-632x420.jpg 632w\" sizes=\"auto, (max-width: 1201px) 100vw, 1201px\" \/><\/p>\n<p style=\"text-align: justify;\">Fonte: fmmetropole.com.br<\/p>\n","protected":false},"excerpt":{"rendered":"<p>A Pol\u00edcia Militar Rodovi\u00e1ria base operacional de Adamantina registrou um grave acidente na tarde deste domingo (04) envolvendo uma carreta Scania com placas de Capivari\/SP e um Corsa de Osvaldo Cruz. De acordo com W.T., 33 anos, motorista da carreta, ele seguia sentindo Osvaldo Cruz &#8211; Adamantina, quando no trevo do bairro Venda Branca o [&hellip;]<\/p>\n","protected":false},"author":1,"featured_media":3014,"comment_status":"closed","ping_status":"open","sticky":false,"template":"","format":"standard","meta":{"footnotes":""},"categories":[170,110],"tags":[],"class_list":["post-3010","post","type-post","status-publish","format-standard","has-post-thumbnail","hentry","category-acidentes","category-noticiasdestaque"],"_links":{"self":[{"href":"https:\/\/jorgezanoni.com.br\/2019\/wp-json\/wp\/v2\/posts\/3010","targetHints":{"allow":["GET"]}}],"collection":[{"href":"https:\/\/jorgezanoni.com.br\/2019\/wp-json\/wp\/v2\/posts"}],"about":[{"href":"https:\/\/jorgezanoni.com.br\/2019\/wp-json\/wp\/v2\/types\/post"}],"author":[{"embeddable":true,"href":"https:\/\/jorgezanoni.com.br\/2019\/wp-json\/wp\/v2\/users\/1"}],"replies":[{"embeddable":true,"href":"https:\/\/jorgezanoni.com.br\/2019\/wp-json\/wp\/v2\/comments?post=3010"}],"version-history":[{"count":0,"href":"https:\/\/jorgezanoni.com.br\/2019\/wp-json\/wp\/v2\/posts\/3010\/revisions"}],"wp:featuredmedia":[{"embeddable":true,"href":"https:\/\/jorgezanoni.com.br\/2019\/wp-json\/wp\/v2\/media\/3014"}],"wp:attachment":[{"href":"https:\/\/jorgezanoni.com.br\/2019\/wp-json\/wp\/v2\/media?parent=3010"}],"wp:term":[{"taxonomy":"category","embeddable":true,"href":"https:\/\/jorgezanoni.com.br\/2019\/wp-json\/wp\/v2\/categories?post=3010"},{"taxonomy":"post_tag","embeddable":true,"href":"https:\/\/jorgezanoni.com.br\/2019\/wp-json\/wp\/v2\/tags?post=3010"}],"curies":[{"name":"wp","href":"https:\/\/api.w.org\/{rel}","templated":true}]}}