{"id":30080,"date":"2020-07-05T22:55:01","date_gmt":"2020-07-05T22:55:01","guid":{"rendered":"https:\/\/jorgezanoni.com.br\/2019\/?p=30080"},"modified":"2020-07-05T22:55:01","modified_gmt":"2020-07-05T22:55:01","slug":"policia-militar-atende-ocorrencia-de-obito-de-recem-nascido-em-pauliceia","status":"publish","type":"post","link":"https:\/\/jorgezanoni.com.br\/2019\/policia-militar-atende-ocorrencia-de-obito-de-recem-nascido-em-pauliceia\/","title":{"rendered":"Pol\u00edcia Militar atende ocorr\u00eancia de \u00f3bito de rec\u00e9m nascido em Paulic\u00e9ia"},"content":{"rendered":"<p style=\"text-align: justify;\">NA TARDE DE HOJE (5) A EQUIPE POLICIAL FOI SOLICITADA VIA COPOM PARA COMPARECER AO PRONTO ATENDIMENTO DE SA\u00daDE<br \/>\nLOCAL NA CIDADE DE PAULIC\u00c9IA, PARA UM ATENDIMENTO COM PESSOA. NO LOCAL FOI CONSTATADO QUE SE TRATAVA DA MORTE DE UMA<br \/>\nCRIAN\u00c7A REC\u00c9M NASCIDA. DECLARANTE A M\u00c3E MENCIONOU QUE \u00c9 GENITORA DO REC\u00c9M NASCIDO, UMA<br \/>\nCRIAN\u00c7A DO SEXO MASCULINO, COM 19 (DEZENOVE) DIAS DE VIDA, MAS QUE AINDA N\u00c3O TINHA REGISTRO. A M\u00c3E DECLAROU AINDA QUE O BEB\u00ca DORMIA MUITO POUCO A<br \/>\nNOITE, TROCAVA A NOITE PELO DIA E QUE S\u00d3 DORMIA COM AMAMENTA\u00c7\u00c3O NO PEITO, QUE NESTA NOITE VIU QUE A CRIAN\u00c7A ESTAVA COM DIFICULDADE PARA DORMIR E POR VOLTA DAS 06:30H DA MANH\u00c3, ESTAVA<br \/>\nAMAMENTANDO O BEB\u00ca E DE REPENTE NOTOU UM SANGRAMENTO NA BOCA DELE, VINDO A PERCEBER QUE<br \/>\nAPARENTEMENTE N\u00c3O TINHA RESPIRA\u00c7\u00c3O, A DECLARANTE CHAMOU SEU ESPOSO ( PAI DO BEB\u00ca),<br \/>\nDEIXOU A CRIAN\u00c7A COM ELE E SOLICITOU SOCORRO A SEU AV\u00d4, QUE CONDUZIU AS PARTES E A CRIAN\u00c7A AO<br \/>\nPRONTO SOCORRO LOCAL. ATENDIDA A PRINC\u00cdPIO PELO M\u00c9DICO DR GIULIO PIRES ESTE QUE<br \/>\nPASSOU O ATENDIMENTO PARA A DRA EMANUELLA DE JESUS QUE EXAMINOU A CRIAN\u00c7A REC\u00c9M<br \/>\nNASCIDA, E CONSTATOU QUE J\u00c1 ESTAVA EM ESTADO DE \u00d3BITO.<br \/>\nDADOS E PARTES CONDUZIDOS PARA ESCLARECIMENTOS E PARA O IML DE DRACENA PARA CONSTATA\u00c7\u00c3O DA MORTE.<\/p>\n<p style=\"text-align: justify;\">Fonte: Com. Social Pol\u00edcia Militar<\/p>\n","protected":false},"excerpt":{"rendered":"<p>NA TARDE DE HOJE (5) A EQUIPE POLICIAL FOI SOLICITADA VIA COPOM PARA COMPARECER AO PRONTO ATENDIMENTO DE SA\u00daDE LOCAL NA CIDADE DE PAULIC\u00c9IA, PARA UM ATENDIMENTO COM PESSOA. NO LOCAL FOI CONSTATADO QUE SE TRATAVA DA MORTE DE UMA CRIAN\u00c7A REC\u00c9M NASCIDA. DECLARANTE A M\u00c3E MENCIONOU QUE \u00c9 GENITORA DO REC\u00c9M NASCIDO, UMA CRIAN\u00c7A [&hellip;]<\/p>\n","protected":false},"author":1,"featured_media":30081,"comment_status":"closed","ping_status":"open","sticky":false,"template":"","format":"standard","meta":{"footnotes":""},"categories":[110,2],"tags":[],"class_list":["post-30080","post","type-post","status-publish","format-standard","has-post-thumbnail","hentry","category-noticiasdestaque","category-policial"],"_links":{"self":[{"href":"https:\/\/jorgezanoni.com.br\/2019\/wp-json\/wp\/v2\/posts\/30080","targetHints":{"allow":["GET"]}}],"collection":[{"href":"https:\/\/jorgezanoni.com.br\/2019\/wp-json\/wp\/v2\/posts"}],"about":[{"href":"https:\/\/jorgezanoni.com.br\/2019\/wp-json\/wp\/v2\/types\/post"}],"author":[{"embeddable":true,"href":"https:\/\/jorgezanoni.com.br\/2019\/wp-json\/wp\/v2\/users\/1"}],"replies":[{"embeddable":true,"href":"https:\/\/jorgezanoni.com.br\/2019\/wp-json\/wp\/v2\/comments?post=30080"}],"version-history":[{"count":0,"href":"https:\/\/jorgezanoni.com.br\/2019\/wp-json\/wp\/v2\/posts\/30080\/revisions"}],"wp:featuredmedia":[{"embeddable":true,"href":"https:\/\/jorgezanoni.com.br\/2019\/wp-json\/wp\/v2\/media\/30081"}],"wp:attachment":[{"href":"https:\/\/jorgezanoni.com.br\/2019\/wp-json\/wp\/v2\/media?parent=30080"}],"wp:term":[{"taxonomy":"category","embeddable":true,"href":"https:\/\/jorgezanoni.com.br\/2019\/wp-json\/wp\/v2\/categories?post=30080"},{"taxonomy":"post_tag","embeddable":true,"href":"https:\/\/jorgezanoni.com.br\/2019\/wp-json\/wp\/v2\/tags?post=30080"}],"curies":[{"name":"wp","href":"https:\/\/api.w.org\/{rel}","templated":true}]}}