{"id":30077,"date":"2020-07-05T21:56:09","date_gmt":"2020-07-05T21:56:09","guid":{"rendered":"https:\/\/jorgezanoni.com.br\/2019\/?p=30077"},"modified":"2020-07-05T21:56:09","modified_gmt":"2020-07-05T21:56:09","slug":"sertanejo-davi-da-dupla-com-durval-morre-aos-63-anos-em-hospital-de-campinas","status":"publish","type":"post","link":"https:\/\/jorgezanoni.com.br\/2019\/sertanejo-davi-da-dupla-com-durval-morre-aos-63-anos-em-hospital-de-campinas\/","title":{"rendered":"Sertanejo Davi, da dupla com Durval, morre aos 63 anos em hospital de Campinas"},"content":{"rendered":"<h2 class=\"content-head__subtitle\" style=\"text-align: justify;\"><strong>Cantor estava internado no Ouro Verde e teve hemorragia, diz irm\u00e3o. Dupla tem tr\u00eas discos de ouro e virou refer\u00eancia para artistas como Chit\u00e3ozinho &amp; Xoror\u00f3 e Zez\u00e9 di Camargo e Luciano.<\/strong><\/h2>\n<p style=\"text-align: justify;\"><img loading=\"lazy\" decoding=\"async\" class=\"alignnone size-full wp-image-30078\" src=\"https:\/\/jorgezanoni.com.br\/2019\/wp-content\/uploads\/2020\/07\/davi-morte-campinas.jpg\" alt=\"\" width=\"640\" height=\"400\" srcset=\"https:\/\/jorgezanoni.com.br\/2019\/wp-content\/uploads\/2020\/07\/davi-morte-campinas.jpg 640w, https:\/\/jorgezanoni.com.br\/2019\/wp-content\/uploads\/2020\/07\/davi-morte-campinas-300x188.jpg 300w\" sizes=\"auto, (max-width: 640px) 100vw, 640px\" \/><\/p>\n<p style=\"text-align: justify;\">Davi, \u00e0 esquerda, e Durval durante entrevista \u00e0 EPTV \u2014 Foto: Reprodu\u00e7\u00e3o \/ EPTV<\/p>\n<div class=\"mc-column content-text active-extra-styles \" style=\"text-align: justify;\" data-block-type=\"unstyled\" data-block-weight=\"65\" data-block-id=\"2\">\n<p class=\"content-text__container \" data-track-category=\"Link no Texto\" data-track-links=\"\">O cantor sertanejo Davi, da dupla com Durval, morreu na madrugada deste domingo (5), em Campinas (SP), ap\u00f3s sofrer uma hemorragia, segundo o irm\u00e3o. Ele tinha 63 anos, estava internado no Hospital Ouro Verde e fazia uso controlado de medicamentos h\u00e1 dois anos por causa de uma cirurgia card\u00edaca. A dupla nasceu em Goian\u00e9sia (GO), mas mora em Campinas (SP) desde a d\u00e9cada de 1990.<\/p>\n<\/div>\n<div class=\"wall protected-content\">\n<div class=\"mc-column content-text active-extra-styles \" data-block-type=\"unstyled\" data-block-weight=\"65\" data-block-id=\"3\">\n<p class=\"content-text__container \" style=\"text-align: justify;\" data-track-category=\"Link no Texto\" data-track-links=\"\">Os m\u00fasicos iniciaram carreira em 1971 e ao longo da trajet\u00f3ria foram refer\u00eancia e admirados por outros artistas do g\u00eanero, incluindo famosos. Em uma rede social, os m\u00fasicos que se apresentam como &#8220;\u00eddolos dos \u00eddolos&#8221; t\u00eam entre os 6,9 mil seguidores os cantores Zez\u00e9 di Camargo e Luciano. J\u00e1 a dupla Chit\u00e3ozinho &amp; Xoror\u00f3 prestou uma homenagem para Davi nesta tarde &#8211;\u00a0<strong>veja abaixo mensagem<\/strong>.<\/p>\n<div class=\"row medium-uncollapsed content-media content-photo\" style=\"text-align: justify;\" data-block-type=\"backstage-photo\" data-block-id=\"4\">\n<div class=\"mc-column content-media__container\">\n<figure><img decoding=\"async\" class=\"i-amphtml-fill-content i-amphtml-replaced-content\" src=\"https:\/\/s2.glbimg.com\/hZsPxk7CeI4WEkPtaZgAnayMmBI=\/0x0:371x636\/984x0\/smart\/filters:strip_icc()\/i.s3.glbimg.com\/v1\/AUTH_59edd422c0c84a879bd37670ae4f538a\/internal_photos\/bs\/2020\/p\/B\/yeMzTAR6WXdBLfBH8YBA\/chitaozinho-e-xororo.jpg\" sizes=\"(max-width: 1242px) 648px, 100vw\" srcset=\"https:\/\/s2.glbimg.com\/8Wid1yR4vOwipYY66yU_5ETQOlc=\/0x0:371x636\/1000x0\/smart\/filters:strip_icc()\/i.s3.glbimg.com\/v1\/AUTH_59edd422c0c84a879bd37670ae4f538a\/internal_photos\/bs\/2020\/p\/B\/yeMzTAR6WXdBLfBH8YBA\/chitaozinho-e-xororo.jpg 1000w, https:\/\/s2.glbimg.com\/hZsPxk7CeI4WEkPtaZgAnayMmBI=\/0x0:371x636\/984x0\/smart\/filters:strip_icc()\/i.s3.glbimg.com\/v1\/AUTH_59edd422c0c84a879bd37670ae4f538a\/internal_photos\/bs\/2020\/p\/B\/yeMzTAR6WXdBLfBH8YBA\/chitaozinho-e-xororo.jpg 984w, https:\/\/s2.glbimg.com\/2hE9ZjcXVaNpQ6nsv0FgqpdfR0g=\/0x0:371x636\/640x0\/smart\/filters:strip_icc()\/i.s3.glbimg.com\/v1\/AUTH_59edd422c0c84a879bd37670ae4f538a\/internal_photos\/bs\/2020\/p\/B\/yeMzTAR6WXdBLfBH8YBA\/chitaozinho-e-xororo.jpg 640w, https:\/\/s2.glbimg.com\/dFOfhBZBsfpRCgNcaoK6JcVt_-A=\/0x0:371x636\/600x0\/smart\/filters:strip_icc()\/i.s3.glbimg.com\/v1\/AUTH_59edd422c0c84a879bd37670ae4f538a\/internal_photos\/bs\/2020\/p\/B\/yeMzTAR6WXdBLfBH8YBA\/chitaozinho-e-xororo.jpg 600w\" alt=\"Chit\u00e3ozinho e Xoror\u00f3 prestaram homenagem para Davi, por meio de rede social \u2014 Foto: Reprodu\u00e7\u00e3o \/ Instagram de Chit\u00e3ozinho &amp; Xoror\u00f3\" \/><\/figure>\n<p class=\"content-media__description \">Chit\u00e3ozinho e Xoror\u00f3 prestaram homenagem para Davi, por meio de rede social \u2014 Foto: Reprodu\u00e7\u00e3o \/ Instagram de Chit\u00e3ozinho &amp; Xoror\u00f3<\/p>\n<p class=\"content-media__description \"><span style=\"font-style: inherit; font-variant-ligatures: inherit; font-variant-caps: inherit; font-weight: inherit; text-align: center; color: #111111; font-family: Roboto, sans-serif; font-size: 27px;\">&#8216;A vida toda&#8217;<\/span><\/p>\n<p class=\"content-media__description \"><span style=\"font-family: inherit; font-size: inherit; font-style: inherit; font-variant-ligatures: inherit; font-variant-caps: inherit; font-weight: inherit; text-align: center;\">&#8220;O Davi fez um transplante de v\u00e1lvula do cora\u00e7\u00e3o e tomava medicamento para controlar espessura do sangue. N\u00e3o poderia engrossar sen\u00e3o teria AVC [acidente vascular cerebral], e tamb\u00e9m tinha o risco da hemorragia se afinasse&#8221;, falou Durval. Davi, nome art\u00edstico de Expedito Jos\u00e9 Rocha, deixa 4 filhos e morava desde 1997 na Vila Industrial. O irm\u00e3o se emociona ao falar sobre as lembran\u00e7as da carreira. <\/span><\/p>\n<p class=\"content-media__description \"><span style=\"font-style: italic; text-align: center;\">&#8220;S\u00e3o 47 anos juntos, nossos sonhos, realiza\u00e7\u00f5es. A vida toda&#8221;, ressalta.<\/span><\/p>\n<\/div>\n<\/div>\n<div class=\"mc-column content-text active-extra-styles \" style=\"text-align: justify;\" data-block-type=\"unstyled\" data-block-weight=\"45\" data-block-id=\"9\">\n<p class=\"content-text__container \" data-track-category=\"Link no Texto\" data-track-links=\"\">Conhecidos por interpretar can\u00e7\u00f5es como &#8220;Buscando a felicidade&#8221;, &#8220;Meu Natal sem mam\u00e3e&#8221;, &#8220;Cachoeira da Saudade&#8221; e &#8220;Mist\u00e9rio&#8221;, Davi e Durval gravaram um CD em 2008 com participa\u00e7\u00f5es de C\u00e9sar Menotti e Fabiano e Jo\u00e3o Bosco &amp; Vin\u00edcius. Eles receberam tr\u00eas discos de ouro na carreira.<\/p>\n<\/div>\n<div class=\"mc-column content-text active-extra-styles \" style=\"text-align: justify;\" data-block-type=\"unstyled\" data-block-weight=\"29\" data-block-id=\"10\">\n<p class=\"content-text__container \" data-track-category=\"Link no Texto\" data-track-links=\"\">De acordo com Durval, Davi estava internado desde a quinta-feira. Antes disso, o irm\u00e3o tamb\u00e9m chegou a ficar hospitalizado por quase duas semanas durante o m\u00eas de junho.<\/p>\n<\/div>\n<div class=\"mc-column content-text active-extra-styles \" data-block-type=\"unstyled\" data-block-weight=\"29\" data-block-id=\"11\">\n<p class=\"content-text__container \" style=\"text-align: justify;\" data-track-category=\"Link no Texto\" data-track-links=\"\">Procurada pelo\u00a0<strong>G1<\/strong>, a assessoria da prefeitura informou que o hospital n\u00e3o pode mencionar detalhes sobre a morte do cantor. O sepultamento ocorreu 15h30 no Cemit\u00e9rio Parque das Al\u00e9ias.<\/p>\n<p style=\"text-align: justify;\" data-track-category=\"Link no Texto\" data-track-links=\"\">Fonte: G1<\/p>\n<\/div>\n<\/div>\n<\/div>\n","protected":false},"excerpt":{"rendered":"<p>Cantor estava internado no Ouro Verde e teve hemorragia, diz irm\u00e3o. Dupla tem tr\u00eas discos de ouro e virou refer\u00eancia para artistas como Chit\u00e3ozinho &amp; Xoror\u00f3 e Zez\u00e9 di Camargo e Luciano. Davi, \u00e0 esquerda, e Durval durante entrevista \u00e0 EPTV \u2014 Foto: Reprodu\u00e7\u00e3o \/ EPTV O cantor sertanejo Davi, da dupla com Durval, morreu [&hellip;]<\/p>\n","protected":false},"author":1,"featured_media":30078,"comment_status":"closed","ping_status":"open","sticky":false,"template":"","format":"standard","meta":{"footnotes":""},"categories":[183,178,110],"tags":[],"class_list":["post-30077","post","type-post","status-publish","format-standard","has-post-thumbnail","hentry","category-musicaeturismo","category-notadefalecimento","category-noticiasdestaque"],"_links":{"self":[{"href":"https:\/\/jorgezanoni.com.br\/2019\/wp-json\/wp\/v2\/posts\/30077","targetHints":{"allow":["GET"]}}],"collection":[{"href":"https:\/\/jorgezanoni.com.br\/2019\/wp-json\/wp\/v2\/posts"}],"about":[{"href":"https:\/\/jorgezanoni.com.br\/2019\/wp-json\/wp\/v2\/types\/post"}],"author":[{"embeddable":true,"href":"https:\/\/jorgezanoni.com.br\/2019\/wp-json\/wp\/v2\/users\/1"}],"replies":[{"embeddable":true,"href":"https:\/\/jorgezanoni.com.br\/2019\/wp-json\/wp\/v2\/comments?post=30077"}],"version-history":[{"count":0,"href":"https:\/\/jorgezanoni.com.br\/2019\/wp-json\/wp\/v2\/posts\/30077\/revisions"}],"wp:featuredmedia":[{"embeddable":true,"href":"https:\/\/jorgezanoni.com.br\/2019\/wp-json\/wp\/v2\/media\/30078"}],"wp:attachment":[{"href":"https:\/\/jorgezanoni.com.br\/2019\/wp-json\/wp\/v2\/media?parent=30077"}],"wp:term":[{"taxonomy":"category","embeddable":true,"href":"https:\/\/jorgezanoni.com.br\/2019\/wp-json\/wp\/v2\/categories?post=30077"},{"taxonomy":"post_tag","embeddable":true,"href":"https:\/\/jorgezanoni.com.br\/2019\/wp-json\/wp\/v2\/tags?post=30077"}],"curies":[{"name":"wp","href":"https:\/\/api.w.org\/{rel}","templated":true}]}}