{"id":30066,"date":"2020-07-05T18:03:04","date_gmt":"2020-07-05T18:03:04","guid":{"rendered":"https:\/\/jorgezanoni.com.br\/2019\/?p=30066"},"modified":"2020-07-05T18:03:04","modified_gmt":"2020-07-05T18:03:04","slug":"inacreditavel-falta-de-amor-ao-proximo-que-mal-esses-jovens-voluntarios-estao-fazendo","status":"publish","type":"post","link":"https:\/\/jorgezanoni.com.br\/2019\/inacreditavel-falta-de-amor-ao-proximo-que-mal-esses-jovens-voluntarios-estao-fazendo\/","title":{"rendered":"Inacredit\u00e1vel. Falta de amor ao pr\u00f3ximo!!! Que mal esses jovens volunt\u00e1rios est\u00e3o fazendo?"},"content":{"rendered":"<p style=\"text-align: justify;\">Caros irm\u00e3os, hoje ficou estabelecido que o monumento da Santa do trevo n\u00e3o ser\u00e1 mais permitido nossa manuten\u00e7\u00e3o. Procurei a igreja e eles tentaram falar com respons\u00e1vel e o mesmo n\u00e3o reconhece que fizemos a revitaliza\u00e7\u00e3o. Sendo assim tamb\u00e9m proibiu que volunt\u00e1rios fa\u00e7a qualquer tipo de trabalho ali, lembrando que o trevo \u00e9 responsabilidade do DER mais a prefeitura tem responsabilidade pelo monumento e a igreja n\u00e3o tem dom\u00ednio apesar de ser representa\u00e7\u00e3o cat\u00f3lica. Com cora\u00e7\u00e3o muito triste vamos manter a ordem e n\u00e3o se desgastar mais ainda. Quero pedir aos irm\u00e3os e devotos que visite e cuide de tudo que foi colocado e assim manteremos a Paz e Amor entre n\u00f3s. Deus aben\u00e7oe a todos.<\/p>\n<p><img loading=\"lazy\" decoding=\"async\" class=\"alignnone size-full wp-image-30067\" src=\"https:\/\/jorgezanoni.com.br\/2019\/wp-content\/uploads\/2020\/07\/santa.jpg\" alt=\"\" width=\"720\" height=\"350\" srcset=\"https:\/\/jorgezanoni.com.br\/2019\/wp-content\/uploads\/2020\/07\/santa.jpg 720w, https:\/\/jorgezanoni.com.br\/2019\/wp-content\/uploads\/2020\/07\/santa-300x146.jpg 300w, https:\/\/jorgezanoni.com.br\/2019\/wp-content\/uploads\/2020\/07\/santa-696x338.jpg 696w\" sizes=\"auto, (max-width: 720px) 100vw, 720px\" \/><\/p>\n<p>Fonte: https:\/\/www.facebook.com\/andreluiscardoso.cardoso.5<\/p>\n<p>&nbsp;<\/p>\n","protected":false},"excerpt":{"rendered":"<p>Caros irm\u00e3os, hoje ficou estabelecido que o monumento da Santa do trevo n\u00e3o ser\u00e1 mais permitido nossa manuten\u00e7\u00e3o. Procurei a igreja e eles tentaram falar com respons\u00e1vel e o mesmo n\u00e3o reconhece que fizemos a revitaliza\u00e7\u00e3o. Sendo assim tamb\u00e9m proibiu que volunt\u00e1rios fa\u00e7a qualquer tipo de trabalho ali, lembrando que o trevo \u00e9 responsabilidade do [&hellip;]<\/p>\n","protected":false},"author":1,"featured_media":30068,"comment_status":"closed","ping_status":"open","sticky":false,"template":"","format":"standard","meta":{"footnotes":""},"categories":[179,184,110],"tags":[],"class_list":["post-30066","post","type-post","status-publish","format-standard","has-post-thumbnail","hentry","category-cidadeseregiao","category-dracena","category-noticiasdestaque"],"_links":{"self":[{"href":"https:\/\/jorgezanoni.com.br\/2019\/wp-json\/wp\/v2\/posts\/30066","targetHints":{"allow":["GET"]}}],"collection":[{"href":"https:\/\/jorgezanoni.com.br\/2019\/wp-json\/wp\/v2\/posts"}],"about":[{"href":"https:\/\/jorgezanoni.com.br\/2019\/wp-json\/wp\/v2\/types\/post"}],"author":[{"embeddable":true,"href":"https:\/\/jorgezanoni.com.br\/2019\/wp-json\/wp\/v2\/users\/1"}],"replies":[{"embeddable":true,"href":"https:\/\/jorgezanoni.com.br\/2019\/wp-json\/wp\/v2\/comments?post=30066"}],"version-history":[{"count":0,"href":"https:\/\/jorgezanoni.com.br\/2019\/wp-json\/wp\/v2\/posts\/30066\/revisions"}],"wp:featuredmedia":[{"embeddable":true,"href":"https:\/\/jorgezanoni.com.br\/2019\/wp-json\/wp\/v2\/media\/30068"}],"wp:attachment":[{"href":"https:\/\/jorgezanoni.com.br\/2019\/wp-json\/wp\/v2\/media?parent=30066"}],"wp:term":[{"taxonomy":"category","embeddable":true,"href":"https:\/\/jorgezanoni.com.br\/2019\/wp-json\/wp\/v2\/categories?post=30066"},{"taxonomy":"post_tag","embeddable":true,"href":"https:\/\/jorgezanoni.com.br\/2019\/wp-json\/wp\/v2\/tags?post=30066"}],"curies":[{"name":"wp","href":"https:\/\/api.w.org\/{rel}","templated":true}]}}