{"id":30035,"date":"2020-07-05T02:02:13","date_gmt":"2020-07-05T02:02:13","guid":{"rendered":"https:\/\/jorgezanoni.com.br\/2019\/?p=30035"},"modified":"2020-07-05T02:02:13","modified_gmt":"2020-07-05T02:02:13","slug":"faleceu-na-noite-deste-sabado-4-apos-batalha-contra-o-covid-19-a-floridense-alessandra-zafanelli","status":"publish","type":"post","link":"https:\/\/jorgezanoni.com.br\/2019\/faleceu-na-noite-deste-sabado-4-apos-batalha-contra-o-covid-19-a-floridense-alessandra-zafanelli\/","title":{"rendered":"Faleceu na noite deste s\u00e1bado (4), ap\u00f3s batalha contra o Covid-19, a floridense Alessandra Zafanelli."},"content":{"rendered":"<p style=\"text-align: justify;\">As informa\u00e7\u00f5es sobre o \u00f3bito da floridense foram checadas pelo n\u00facleo de jornalismo do jornal e site Folha Regional junto aos familiares de Alessandra e tamb\u00e9m ap\u00f3s contato com a Secretaria Municipal de Sa\u00fade.<\/p>\n<p style=\"text-align: justify;\">Alessandra estava em tratamento contra a doen\u00e7a, internada na Unidade de Terapia Intensiva da Santa Casa de Adamantina onde infelizmente n\u00e3o resistiu e acabou falecendo.<\/p>\n<p style=\"text-align: justify;\">Ainda muito abatido, o empres\u00e1rio Evandro Cardoso, que \u00e9 cunhado de Alessandra, falou com nossa reportagem e agradeceu todos os votos de pesar, conforto e a preocupa\u00e7\u00e3o que a fam\u00edlia est\u00e1 recebendo neste momento doloroso da perca da familiar.<\/p>\n<p style=\"text-align: justify;\">UMA GUERREIRA<\/p>\n<p style=\"text-align: justify;\">Alessandra ficou bastante conhecida, ap\u00f3s ser a \u00fanica sobrevivente de um tr\u00e1gico acidente ocorrido em dezembro de 2018 na Rodovia Comandante Jo\u00e3o Ribeiro de Barros (SP-294) em Adamantina, onde faleceram o esposo Reginaldo Oquiali e o padre Manoel Cirino.<\/p>\n<p style=\"text-align: justify;\">Ela travava diariamente uma batalha a favor da vida e lamentavelmente foi acometida pela Covid-19, tendo diagnostico positivo da doen\u00e7a em que estava em tratamento.<\/p>\n<p style=\"text-align: justify;\">SECRETARIA DE SA\u00daDE ALERTA<\/p>\n<p style=\"text-align: justify;\">Tamb\u00e9m em contato com a Secretaria de Sa\u00fade de Fl\u00f3rida Paulista, a reportagem obteve a informa\u00e7\u00e3o de que a doen\u00e7a avan\u00e7a sobre a cidade, com v\u00e1rios casos confirmados e tamb\u00e9m suspeitos da Covid-19.<\/p>\n<p style=\"text-align: justify;\">O pedido \u00e9 para que os floridenses sigam corretamente as regras que imp\u00f5e o isolamento social, ado\u00e7\u00e3o de medidas de combate ao coronav\u00edrus e que evitem ao m\u00e1ximo aglomera\u00e7\u00f5es, festas e outras ocasi\u00f5es em que se re\u00fana um grande n\u00famero de pessoas.<\/p>\n<p style=\"text-align: justify;\">LUTO OFICIAL NO MUNIC\u00cdPIO<\/p>\n<p style=\"text-align: justify;\">Em liga\u00e7\u00e3o telef\u00f4nica ao jornal e site Folha Regional momentos antes da postagem desta reportagem, o prefeito de Fl\u00f3rida Paulista, Wilson Fr\u00f3io J\u00fanior lamentou a perda da floridense, destacou seu profissionalismo ao longo dos v\u00e1rios anos de dedica\u00e7\u00e3o \u00e0 enfermagem no munic\u00edpio e no cuidado com a popula\u00e7\u00e3o atendida e ainda informou que decretar\u00e1 luto oficial pelo per\u00edodo de tr\u00eas dias.<\/p>\n<p style=\"text-align: justify;\">O Grupo Folha Regional \u2013 Jornal Site e TV, se solidariza com os familiares de Alessandra Zafanelli por este momento dif\u00edcil, em especial com o empres\u00e1rio Gilberto Zafanelli que h\u00e1 mais de 50 anos mant\u00e9m suas atividades no ramo funer\u00e1rio na cidade.<\/p>\n<p style=\"text-align: justify;\">Fonte: Folha Regional<\/p>\n","protected":false},"excerpt":{"rendered":"<p>As informa\u00e7\u00f5es sobre o \u00f3bito da floridense foram checadas pelo n\u00facleo de jornalismo do jornal e site Folha Regional junto aos familiares de Alessandra e tamb\u00e9m ap\u00f3s contato com a Secretaria Municipal de Sa\u00fade. Alessandra estava em tratamento contra a doen\u00e7a, internada na Unidade de Terapia Intensiva da Santa Casa de Adamantina onde infelizmente n\u00e3o [&hellip;]<\/p>\n","protected":false},"author":1,"featured_media":30036,"comment_status":"closed","ping_status":"open","sticky":false,"template":"","format":"standard","meta":{"footnotes":""},"categories":[178,110],"tags":[],"class_list":["post-30035","post","type-post","status-publish","format-standard","has-post-thumbnail","hentry","category-notadefalecimento","category-noticiasdestaque"],"_links":{"self":[{"href":"https:\/\/jorgezanoni.com.br\/2019\/wp-json\/wp\/v2\/posts\/30035","targetHints":{"allow":["GET"]}}],"collection":[{"href":"https:\/\/jorgezanoni.com.br\/2019\/wp-json\/wp\/v2\/posts"}],"about":[{"href":"https:\/\/jorgezanoni.com.br\/2019\/wp-json\/wp\/v2\/types\/post"}],"author":[{"embeddable":true,"href":"https:\/\/jorgezanoni.com.br\/2019\/wp-json\/wp\/v2\/users\/1"}],"replies":[{"embeddable":true,"href":"https:\/\/jorgezanoni.com.br\/2019\/wp-json\/wp\/v2\/comments?post=30035"}],"version-history":[{"count":0,"href":"https:\/\/jorgezanoni.com.br\/2019\/wp-json\/wp\/v2\/posts\/30035\/revisions"}],"wp:featuredmedia":[{"embeddable":true,"href":"https:\/\/jorgezanoni.com.br\/2019\/wp-json\/wp\/v2\/media\/30036"}],"wp:attachment":[{"href":"https:\/\/jorgezanoni.com.br\/2019\/wp-json\/wp\/v2\/media?parent=30035"}],"wp:term":[{"taxonomy":"category","embeddable":true,"href":"https:\/\/jorgezanoni.com.br\/2019\/wp-json\/wp\/v2\/categories?post=30035"},{"taxonomy":"post_tag","embeddable":true,"href":"https:\/\/jorgezanoni.com.br\/2019\/wp-json\/wp\/v2\/tags?post=30035"}],"curies":[{"name":"wp","href":"https:\/\/api.w.org\/{rel}","templated":true}]}}