{"id":30028,"date":"2020-07-04T23:58:23","date_gmt":"2020-07-04T23:58:23","guid":{"rendered":"https:\/\/jorgezanoni.com.br\/2019\/?p=30028"},"modified":"2020-07-04T23:58:23","modified_gmt":"2020-07-04T23:58:23","slug":"capotamento-de-veiculo-no-centro-de-adamantina-deixa-pessoas-feridas","status":"publish","type":"post","link":"https:\/\/jorgezanoni.com.br\/2019\/capotamento-de-veiculo-no-centro-de-adamantina-deixa-pessoas-feridas\/","title":{"rendered":"Capotamento de ve\u00edculo no centro de Adamantina deixa pessoas feridas"},"content":{"rendered":"<p style=\"text-align: justify;\">Foi registrado no in\u00edcio da noite deste s\u00e1bado (04), um acidente de tr\u00e2nsito, no centro de Adamantina.<\/p>\n<p style=\"text-align: justify;\">Segundo as primeiras informa\u00e7\u00f5es, o acidente aconteceu por volta das 18h40 pela Avenida Deputado Cunha Bueno, no centro da Cidade, pr\u00f3ximo a Loja Ma\u00e7\u00f4nica Joia e envolveu um Fiat Uno que veio a capotar.<\/p>\n<p style=\"text-align: justify;\">Uma pessoa, vizinho do local em que ocorreu o acidente, informou aos policiais que havia crian\u00e7as no ve\u00edculo e n\u00e3o soube informar o n\u00famero de v\u00edtimas.<\/p>\n<p style=\"text-align: justify;\">O acidente teria ocorrido por conta de um carro que estaria estacionado, o Fiat uno bateu na traseira desse ve\u00edculo e capotou depois que o condutor perdeu o controle da dire\u00e7\u00e3o.<\/p>\n<p style=\"text-align: justify;\">A Unidade de Resgate do Corpo de Bombeiros atendeu a ocorr\u00eancia e prestou os primeiros atendimentos \u00e0s v\u00edtimas, conduzindo as pessoas ao PS da Santa Casa local.<\/p>\n<p><img loading=\"lazy\" decoding=\"async\" class=\"alignnone size-medium wp-image-24424\" src=\"https:\/\/static.radiolifefm.com.br\/wp-content\/uploads\/sites\/2\/2020\/07\/Uno-capote-1-300x225.jpg\" sizes=\"auto, (max-width: 300px) 100vw, 300px\" srcset=\"https:\/\/static.radiolifefm.com.br\/wp-content\/uploads\/sites\/2\/2020\/07\/Uno-capote-1-300x225.jpg 300w, https:\/\/static.radiolifefm.com.br\/wp-content\/uploads\/sites\/2\/2020\/07\/Uno-capote-1-1024x768.jpg 1024w, https:\/\/static.radiolifefm.com.br\/wp-content\/uploads\/sites\/2\/2020\/07\/Uno-capote-1-768x576.jpg 768w, https:\/\/static.radiolifefm.com.br\/wp-content\/uploads\/sites\/2\/2020\/07\/Uno-capote-1.jpg 1040w\" alt=\"\" width=\"300\" height=\"225\" \/><\/p>\n<p>Fonte: https:\/\/radiolifefm.com.br\/<\/p>\n","protected":false},"excerpt":{"rendered":"<p>Foi registrado no in\u00edcio da noite deste s\u00e1bado (04), um acidente de tr\u00e2nsito, no centro de Adamantina. Segundo as primeiras informa\u00e7\u00f5es, o acidente aconteceu por volta das 18h40 pela Avenida Deputado Cunha Bueno, no centro da Cidade, pr\u00f3ximo a Loja Ma\u00e7\u00f4nica Joia e envolveu um Fiat Uno que veio a capotar. Uma pessoa, vizinho do [&hellip;]<\/p>\n","protected":false},"author":1,"featured_media":30029,"comment_status":"closed","ping_status":"open","sticky":false,"template":"","format":"standard","meta":{"footnotes":""},"categories":[170,110],"tags":[],"class_list":["post-30028","post","type-post","status-publish","format-standard","has-post-thumbnail","hentry","category-acidentes","category-noticiasdestaque"],"_links":{"self":[{"href":"https:\/\/jorgezanoni.com.br\/2019\/wp-json\/wp\/v2\/posts\/30028","targetHints":{"allow":["GET"]}}],"collection":[{"href":"https:\/\/jorgezanoni.com.br\/2019\/wp-json\/wp\/v2\/posts"}],"about":[{"href":"https:\/\/jorgezanoni.com.br\/2019\/wp-json\/wp\/v2\/types\/post"}],"author":[{"embeddable":true,"href":"https:\/\/jorgezanoni.com.br\/2019\/wp-json\/wp\/v2\/users\/1"}],"replies":[{"embeddable":true,"href":"https:\/\/jorgezanoni.com.br\/2019\/wp-json\/wp\/v2\/comments?post=30028"}],"version-history":[{"count":0,"href":"https:\/\/jorgezanoni.com.br\/2019\/wp-json\/wp\/v2\/posts\/30028\/revisions"}],"wp:featuredmedia":[{"embeddable":true,"href":"https:\/\/jorgezanoni.com.br\/2019\/wp-json\/wp\/v2\/media\/30029"}],"wp:attachment":[{"href":"https:\/\/jorgezanoni.com.br\/2019\/wp-json\/wp\/v2\/media?parent=30028"}],"wp:term":[{"taxonomy":"category","embeddable":true,"href":"https:\/\/jorgezanoni.com.br\/2019\/wp-json\/wp\/v2\/categories?post=30028"},{"taxonomy":"post_tag","embeddable":true,"href":"https:\/\/jorgezanoni.com.br\/2019\/wp-json\/wp\/v2\/tags?post=30028"}],"curies":[{"name":"wp","href":"https:\/\/api.w.org\/{rel}","templated":true}]}}