{"id":30025,"date":"2020-07-04T23:31:59","date_gmt":"2020-07-04T23:31:59","guid":{"rendered":"https:\/\/jorgezanoni.com.br\/2019\/?p=30025"},"modified":"2020-07-04T23:31:59","modified_gmt":"2020-07-04T23:31:59","slug":"filho-de-prefeito-atira-e-poe-fogo-em-veiculo","status":"publish","type":"post","link":"https:\/\/jorgezanoni.com.br\/2019\/filho-de-prefeito-atira-e-poe-fogo-em-veiculo\/","title":{"rendered":"Filho de prefeito atira e p\u00f5e fogo em ve\u00edculo"},"content":{"rendered":"<p style=\"text-align: justify;\">O filho do prefeito de Americana Omar Najar (MDB) \u2013 conhecido como Omarzinho \u2013 se envolveu em uma pol\u00eamica na tarde desta s\u00e1bado no cart\u00f3dromo de Nova Odessa.<\/p>\n<p style=\"text-align: justify;\">Omarzinho teria atirado diversas vezes contra um ve\u00edculo e ateado fogo logo ap\u00f3s os disparos. A informa\u00e7\u00e3o \u00e9 de que ele teria se evolvido em uma briga com uma pessoa presente no local.<\/p>\n<p style=\"text-align: justify;\">A pol\u00edcia chegou a cercar a resid\u00eancia de Omarzinho, mas a informa\u00e7\u00e3o \u00e9 de que ele n\u00e3o teria sido detido. A hist\u00f3ria foi confirmada por pessoas pr\u00f3ximas ao prefeito Omar.<\/p>\n<p style=\"text-align: justify;\"><strong>TIROS.<\/strong>\u00a0 Omarzinho tamb\u00e9m j\u00e1 usou arma de fogo em outra ocasi\u00e3o, que acabou se tornando p\u00fablica. O filho do prefeito atirou em radares pr\u00f3ximo ao Hospital Municipal h\u00e1 alguns anos.<\/p>\n<p style=\"text-align: justify;\">Fonte: https:\/\/www.novomomento.com.br\/filho-de-omar-atira-e-poe-fogo-em-veiculo-em-nova-odessa\/<\/p>\n","protected":false},"excerpt":{"rendered":"<p>O filho do prefeito de Americana Omar Najar (MDB) \u2013 conhecido como Omarzinho \u2013 se envolveu em uma pol\u00eamica na tarde desta s\u00e1bado no cart\u00f3dromo de Nova Odessa. Omarzinho teria atirado diversas vezes contra um ve\u00edculo e ateado fogo logo ap\u00f3s os disparos. A informa\u00e7\u00e3o \u00e9 de que ele teria se evolvido em uma briga [&hellip;]<\/p>\n","protected":false},"author":1,"featured_media":30026,"comment_status":"closed","ping_status":"open","sticky":false,"template":"","format":"standard","meta":{"footnotes":""},"categories":[110,2],"tags":[],"class_list":["post-30025","post","type-post","status-publish","format-standard","has-post-thumbnail","hentry","category-noticiasdestaque","category-policial"],"_links":{"self":[{"href":"https:\/\/jorgezanoni.com.br\/2019\/wp-json\/wp\/v2\/posts\/30025","targetHints":{"allow":["GET"]}}],"collection":[{"href":"https:\/\/jorgezanoni.com.br\/2019\/wp-json\/wp\/v2\/posts"}],"about":[{"href":"https:\/\/jorgezanoni.com.br\/2019\/wp-json\/wp\/v2\/types\/post"}],"author":[{"embeddable":true,"href":"https:\/\/jorgezanoni.com.br\/2019\/wp-json\/wp\/v2\/users\/1"}],"replies":[{"embeddable":true,"href":"https:\/\/jorgezanoni.com.br\/2019\/wp-json\/wp\/v2\/comments?post=30025"}],"version-history":[{"count":0,"href":"https:\/\/jorgezanoni.com.br\/2019\/wp-json\/wp\/v2\/posts\/30025\/revisions"}],"wp:featuredmedia":[{"embeddable":true,"href":"https:\/\/jorgezanoni.com.br\/2019\/wp-json\/wp\/v2\/media\/30026"}],"wp:attachment":[{"href":"https:\/\/jorgezanoni.com.br\/2019\/wp-json\/wp\/v2\/media?parent=30025"}],"wp:term":[{"taxonomy":"category","embeddable":true,"href":"https:\/\/jorgezanoni.com.br\/2019\/wp-json\/wp\/v2\/categories?post=30025"},{"taxonomy":"post_tag","embeddable":true,"href":"https:\/\/jorgezanoni.com.br\/2019\/wp-json\/wp\/v2\/tags?post=30025"}],"curies":[{"name":"wp","href":"https:\/\/api.w.org\/{rel}","templated":true}]}}