{"id":30022,"date":"2020-07-04T22:33:53","date_gmt":"2020-07-04T22:33:53","guid":{"rendered":"https:\/\/jorgezanoni.com.br\/2019\/?p=30022"},"modified":"2020-07-04T22:33:53","modified_gmt":"2020-07-04T22:33:53","slug":"morre-cicero-da-silva-canhoto","status":"publish","type":"post","link":"https:\/\/jorgezanoni.com.br\/2019\/morre-cicero-da-silva-canhoto\/","title":{"rendered":"Morre C\u00edcero da Silva &#8220;Canhoto&#8221;"},"content":{"rendered":"<p style=\"text-align: justify;\">Faleceu neste s\u00e1bado (4), o sr. C\u00edcero da Silva, conhecido como &#8220;Canhoto&#8221;. Ele estava internado em Presidente Prudente.<\/p>\n<p style=\"text-align: justify;\">Foi respons\u00e1vel pela cantina da Unifadra\/Fundec por alguns anos.<\/p>\n<p style=\"text-align: justify;\">Deixa a esposa Aparecida e os filhos \u00c9der, J\u00falio e Leandro.<\/p>\n<p style=\"text-align: justify;\">O Vel\u00f3rio ter\u00e1 in\u00edcio a partir das 06:00 Horas deste domingo (5).<\/p>\n<div id=\"post-body-3601215183093004178\" class=\"post-body entry-content\">\n<div><\/div>\n<\/div>\n","protected":false},"excerpt":{"rendered":"<p>Faleceu neste s\u00e1bado (4), o sr. C\u00edcero da Silva, conhecido como &#8220;Canhoto&#8221;. Ele estava internado em Presidente Prudente. Foi respons\u00e1vel pela cantina da Unifadra\/Fundec por alguns anos. Deixa a esposa Aparecida e os filhos \u00c9der, J\u00falio e Leandro. O Vel\u00f3rio ter\u00e1 in\u00edcio a partir das 06:00 Horas deste domingo (5).<\/p>\n","protected":false},"author":1,"featured_media":30023,"comment_status":"closed","ping_status":"open","sticky":false,"template":"","format":"standard","meta":{"footnotes":""},"categories":[178,110],"tags":[],"class_list":["post-30022","post","type-post","status-publish","format-standard","has-post-thumbnail","hentry","category-notadefalecimento","category-noticiasdestaque"],"_links":{"self":[{"href":"https:\/\/jorgezanoni.com.br\/2019\/wp-json\/wp\/v2\/posts\/30022","targetHints":{"allow":["GET"]}}],"collection":[{"href":"https:\/\/jorgezanoni.com.br\/2019\/wp-json\/wp\/v2\/posts"}],"about":[{"href":"https:\/\/jorgezanoni.com.br\/2019\/wp-json\/wp\/v2\/types\/post"}],"author":[{"embeddable":true,"href":"https:\/\/jorgezanoni.com.br\/2019\/wp-json\/wp\/v2\/users\/1"}],"replies":[{"embeddable":true,"href":"https:\/\/jorgezanoni.com.br\/2019\/wp-json\/wp\/v2\/comments?post=30022"}],"version-history":[{"count":0,"href":"https:\/\/jorgezanoni.com.br\/2019\/wp-json\/wp\/v2\/posts\/30022\/revisions"}],"wp:featuredmedia":[{"embeddable":true,"href":"https:\/\/jorgezanoni.com.br\/2019\/wp-json\/wp\/v2\/media\/30023"}],"wp:attachment":[{"href":"https:\/\/jorgezanoni.com.br\/2019\/wp-json\/wp\/v2\/media?parent=30022"}],"wp:term":[{"taxonomy":"category","embeddable":true,"href":"https:\/\/jorgezanoni.com.br\/2019\/wp-json\/wp\/v2\/categories?post=30022"},{"taxonomy":"post_tag","embeddable":true,"href":"https:\/\/jorgezanoni.com.br\/2019\/wp-json\/wp\/v2\/tags?post=30022"}],"curies":[{"name":"wp","href":"https:\/\/api.w.org\/{rel}","templated":true}]}}