{"id":30017,"date":"2020-07-04T20:01:43","date_gmt":"2020-07-04T20:01:43","guid":{"rendered":"https:\/\/jorgezanoni.com.br\/2019\/?p=30017"},"modified":"2020-07-04T20:01:43","modified_gmt":"2020-07-04T20:01:43","slug":"paulo-sergio-peres-toma-posse-como-presidente-do-conselho-de-curadores-da-fundec-na-gestao-2020-2023","status":"publish","type":"post","link":"https:\/\/jorgezanoni.com.br\/2019\/paulo-sergio-peres-toma-posse-como-presidente-do-conselho-de-curadores-da-fundec-na-gestao-2020-2023\/","title":{"rendered":"Paulo S\u00e9rgio Peres toma posse como presidente do Conselho de Curadores da Fundec na gest\u00e3o 2020\/2023"},"content":{"rendered":"<p dir=\"ltr\" style=\"text-align: justify;\">Paulo S\u00e9rgio Peres foi eleito o novo presidente do Conselho de Curadores da Fundec para a gest\u00e3o 2020\/2023. A solenidade de posse ocorreu no Audit\u00f3rio da Fundec, nesta quarta-feira (1), e foi transmitida ao vivo no canal da Fundec no Youtube, em raz\u00e3o da pandemia. O prefeito de Dracena Juliano Brito Bertolini, o presidente da C\u00e2mara Municipal Milton Polon e a representante da Associa\u00e7\u00e3o Comercial e Empresarial de Dracena Rosana Valcezi compuseram a mesa principal, juntamente com o diretor executivo da Fundec Edson Hissatomi Kai, e os presidentes do Conselho de Curadores da Fundec das gest\u00f5es 2017\/2020 D\u00e9cio Esteves e 2020\/2023 Paulo S\u00e9rgio Peres.<\/p>\n<p dir=\"ltr\" style=\"text-align: justify;\">O primeiro ato do presidente e dos integrantes do novo Conselho foi reconduzir Edson Kai para mais tr\u00eas anos na dire\u00e7\u00e3o executiva da Fundec (2020\/2023). Edson Kai agradeceu a confian\u00e7a dos novos conselheiros e ressaltou o momento importante que todas as unidades mantidas pela Fundec est\u00e3o vivendo e ressaltou que agora \u00e9 o momento de executar o planejamento para os pr\u00f3ximos tr\u00eas anos. &#8220;Completo, nesta data, 18 anos de trabalhos na Fundec. Mas minha hist\u00f3ria com a institui\u00e7\u00e3o \u00e9 bem mais antiga que isso, porque fiz T\u00e9cnico em Contabilidade aqui, no ano de 1976. \u00c9 uma honra poder continuar a miss\u00e3o de administrar essa institui\u00e7\u00e3o que hoje \u00e9 refer\u00eancia educacional pela excel\u00eancia de qualidade nos servi\u00e7os prestados&#8221;, comentou o diretor executivo da Fundec Edson Hissatomi Kai.<\/p>\n<p dir=\"ltr\" style=\"text-align: justify;\">O prefeito de Dracena Juliano Bertolini parabenizou os trabalhos da Fundec dos \u00faltimos anos. &#8220;Nossa cidade tem se destacado nas \u00e1reas da Educa\u00e7\u00e3o e Sa\u00fade. Isso se deve muito \u00e0 gest\u00e3o que temos feito em parcerias com institui\u00e7\u00f5es como a Fundec&#8221;, comentou Juliano. O prefeito ainda destacou o quanto tem sido positiva a atua\u00e7\u00e3o dos estudantes dos cursos de Enfermagem e Medicina da Unifadra na rede municipal de Sa\u00fade.<br \/>\nO presidente da C\u00e2mara Municipal Milton Polon destacou, durante a cerim\u00f4nia, que a Fundec faz parte da hist\u00f3ria n\u00e3o s\u00f3 de Dracena, mas do Pa\u00eds, pelo que fez at\u00e9 hoje, pelos alunos formados, pela sua capacidade de levar o conhecimento \u00e0queles que a procuraram.<br \/>\nO Prof. D\u00e9cio Esteves agradeceu a todos que o auxiliaram na sua gest\u00e3o. &#8220;Foram tr\u00eas anos juntos, apreciando e deliberando sobre mat\u00e9rias inerentes \u00e0 compet\u00eancia do Conselho, de forma met\u00f3dica e harmoniosa, com neutralidade ao vi\u00e9s da pol\u00edtica e da ideologia&#8221;, comentou D\u00e9cio.<br \/>\nO novo presidente Paulo S\u00e9rgio Peres parabenizou o Prof. D\u00e9cio pelos trabalhos e contribui\u00e7\u00f5es educacionais. &#8220;\u00c9 uma honra assumir essa fun\u00e7\u00e3o de presidente do Conselho da Fundec. A minha gest\u00e3o ser\u00e1 uma gest\u00e3o de continuidade, pois acreditei nos homens que me antecederam e acredito que estamos no caminho certo&#8221;, finalizou.<\/p>\n<p dir=\"ltr\" style=\"text-align: justify;\">D\u00e9cio Esteves, ex-presidente do Conselho de Curadores, e os conselheiros Vanderlei Biazini, Adriano Martins e M\u00e1rcia Pestana Martins foram homenageados pela conclus\u00e3o do mandato com a entrega de mimos em agradecimento pelos servi\u00e7os prestados \u00e0 educa\u00e7\u00e3o e \u00e0 Fundec. O conselheiros suplentes Jo\u00e3o Carlos Garcia e Jos\u00e9 Grosso Rebelato, que tamb\u00e9m encerraram seus mandatos, n\u00e3o puderam comparecer e justificaram suas aus\u00eancias.<br \/>\nFazem parte do Conselho de Curadores da Fundec, gest\u00e3o 2020\/2023, o presidente Paulo S\u00e9rgio Peres, o vice-presidente Jovacil Dias, o secret\u00e1rio Valter de Almeida Franhan, os membros efetivos Aldo Jos\u00e9 Barbosa da Silva, Arildo Luciano Gerlin da Silva, Jaime Nakano, Silvio Aparecido Rodrigues, e os membros suplentes Ilda Balbino de Amorim Braga, Jos\u00e9 Delfino de Carvalho, Hugo Vagner Ulbano Bachega, Miriam Peres Santos, Luciana Tieko Hirata Tabuse, Nelson Antonio Bortolatto e Rony C\u00e9sar Lobo.<\/p>\n<p dir=\"ltr\" style=\"text-align: justify;\">A\u00a0 webcerim\u00f4nia est\u00e1 dispon\u00edvel em <a href=\"https:\/\/www.youtube.com\/watch?v=HUF21dwOSyw&amp;feature=youtu.be\" target=\"_blank\" rel=\"noopener noreferrer\">https:\/\/www.youtube.com\/watch?v=HUF21dwOSyw&amp;feature=youtu.be<\/a><\/p>\n<p dir=\"ltr\" style=\"text-align: justify;\">CONSELHO DE CURADORES<br \/>\nO Conselho de Curadores \u00e9 o \u00f3rg\u00e3o m\u00e1ximo de delibera\u00e7\u00e3o da Fundec. \u00c9 composto por 7 membros efetivos e 7 membros suplentes, que acompanham a gest\u00e3o da Funda\u00e7\u00e3o por 3 anos. Esses membros s\u00e3o escolhidos entre pessoas de renomada moral e compet\u00eancia em nossa comunidade, e se dedicam de forma volunt\u00e1ria a esse trabalho.<span id=\"gmail-docs-internal-guid-8108003d-7fff-838b-252b-3c5793f9f53e\"><\/span><\/p>\n<div style=\"text-align: justify;\">Foto 001: Paulo S\u00e9rgio Peres, presidente do Conselho de Curadores da Fundec 2020\/2023<br \/>\nFoto 002: Cerim\u00f4nia de posse da nova gest\u00e3o do Conselho de Curadores da Fundec<br \/>\nFoto 003: Paulo Peres, Edson Hissatomi Kai e D\u00e9cio Esteves<\/div>\n<div><\/div>\n<div><img loading=\"lazy\" decoding=\"async\" class=\"alignnone size-full wp-image-30018\" src=\"https:\/\/jorgezanoni.com.br\/2019\/wp-content\/uploads\/2020\/07\/fundec-1.jpg\" alt=\"\" width=\"500\" height=\"333\" srcset=\"https:\/\/jorgezanoni.com.br\/2019\/wp-content\/uploads\/2020\/07\/fundec-1.jpg 500w, https:\/\/jorgezanoni.com.br\/2019\/wp-content\/uploads\/2020\/07\/fundec-1-300x200.jpg 300w\" sizes=\"auto, (max-width: 500px) 100vw, 500px\" \/> <img loading=\"lazy\" decoding=\"async\" class=\"alignnone size-full wp-image-30020\" src=\"https:\/\/jorgezanoni.com.br\/2019\/wp-content\/uploads\/2020\/07\/fundec2.jpg\" alt=\"\" width=\"1280\" height=\"622\" srcset=\"https:\/\/jorgezanoni.com.br\/2019\/wp-content\/uploads\/2020\/07\/fundec2.jpg 1280w, https:\/\/jorgezanoni.com.br\/2019\/wp-content\/uploads\/2020\/07\/fundec2-300x146.jpg 300w, https:\/\/jorgezanoni.com.br\/2019\/wp-content\/uploads\/2020\/07\/fundec2-1024x498.jpg 1024w, https:\/\/jorgezanoni.com.br\/2019\/wp-content\/uploads\/2020\/07\/fundec2-768x373.jpg 768w, https:\/\/jorgezanoni.com.br\/2019\/wp-content\/uploads\/2020\/07\/fundec2-696x338.jpg 696w, https:\/\/jorgezanoni.com.br\/2019\/wp-content\/uploads\/2020\/07\/fundec2-1068x519.jpg 1068w, https:\/\/jorgezanoni.com.br\/2019\/wp-content\/uploads\/2020\/07\/fundec2-864x420.jpg 864w\" sizes=\"auto, (max-width: 1280px) 100vw, 1280px\" \/><\/div>\n<div><\/div>\n<div class=\"gmail_signature\" dir=\"ltr\">\n<div dir=\"ltr\" style=\"text-align: justify;\"><strong>Carolina Colnago<br \/>\nAssistente de Comunica\u00e7\u00e3o\u00a0<\/strong><br \/>\n<strong>Funda\u00e7\u00e3o Dracenense de Educa\u00e7\u00e3o e Cultura<\/strong><\/div>\n<\/div>\n","protected":false},"excerpt":{"rendered":"<p>Paulo S\u00e9rgio Peres foi eleito o novo presidente do Conselho de Curadores da Fundec para a gest\u00e3o 2020\/2023. A solenidade de posse ocorreu no Audit\u00f3rio da Fundec, nesta quarta-feira (1), e foi transmitida ao vivo no canal da Fundec no Youtube, em raz\u00e3o da pandemia. O prefeito de Dracena Juliano Brito Bertolini, o presidente da [&hellip;]<\/p>\n","protected":false},"author":1,"featured_media":30019,"comment_status":"closed","ping_status":"open","sticky":false,"template":"","format":"standard","meta":{"footnotes":""},"categories":[122],"tags":[],"class_list":["post-30017","post","type-post","status-publish","format-standard","has-post-thumbnail","hentry","category-saudeeducacaoeconcurso"],"_links":{"self":[{"href":"https:\/\/jorgezanoni.com.br\/2019\/wp-json\/wp\/v2\/posts\/30017","targetHints":{"allow":["GET"]}}],"collection":[{"href":"https:\/\/jorgezanoni.com.br\/2019\/wp-json\/wp\/v2\/posts"}],"about":[{"href":"https:\/\/jorgezanoni.com.br\/2019\/wp-json\/wp\/v2\/types\/post"}],"author":[{"embeddable":true,"href":"https:\/\/jorgezanoni.com.br\/2019\/wp-json\/wp\/v2\/users\/1"}],"replies":[{"embeddable":true,"href":"https:\/\/jorgezanoni.com.br\/2019\/wp-json\/wp\/v2\/comments?post=30017"}],"version-history":[{"count":0,"href":"https:\/\/jorgezanoni.com.br\/2019\/wp-json\/wp\/v2\/posts\/30017\/revisions"}],"wp:featuredmedia":[{"embeddable":true,"href":"https:\/\/jorgezanoni.com.br\/2019\/wp-json\/wp\/v2\/media\/30019"}],"wp:attachment":[{"href":"https:\/\/jorgezanoni.com.br\/2019\/wp-json\/wp\/v2\/media?parent=30017"}],"wp:term":[{"taxonomy":"category","embeddable":true,"href":"https:\/\/jorgezanoni.com.br\/2019\/wp-json\/wp\/v2\/categories?post=30017"},{"taxonomy":"post_tag","embeddable":true,"href":"https:\/\/jorgezanoni.com.br\/2019\/wp-json\/wp\/v2\/tags?post=30017"}],"curies":[{"name":"wp","href":"https:\/\/api.w.org\/{rel}","templated":true}]}}