{"id":30011,"date":"2020-07-04T19:33:11","date_gmt":"2020-07-04T19:33:11","guid":{"rendered":"https:\/\/jorgezanoni.com.br\/2019\/?p=30011"},"modified":"2020-07-04T19:33:11","modified_gmt":"2020-07-04T19:33:11","slug":"os-truques-da-economia","status":"publish","type":"post","link":"https:\/\/jorgezanoni.com.br\/2019\/os-truques-da-economia\/","title":{"rendered":"Os truques da Economia&#8230;"},"content":{"rendered":"<p><strong>OS TRUQUES DA ECONOMIA&#8230;<\/strong><strong>\u00a0 \u00a0 \u00a0 \u00a0 \u00a0 \u00a0 \u00a0 \u00a0 \u00a0 \u00a0 \u00a0 \u00a0 \u00a0 \u00a0 \u00a0 \u00a0 \u00a0 \u00a0 \u00a0 \u00a0 \u00a0 \u00a0 \u00a0 \u00a0 \u00a0 \u00a0 \u00a0 \u00a0 \u00a0 \u00a0 \u00a0 \u00a0 \u00a0 \u00a0 \u00a0 \u00a0 \u00a0 \u00a0 \u00a0 \u00a0 \u00a0 \u00a0<\/strong><\/p>\n<p style=\"text-align: justify;\"><strong>\u00a0<\/strong><\/p>\n<p style=\"text-align: justify;\"><strong>*CLAUDIVAL CLEMENTE.<\/strong><\/p>\n<p style=\"text-align: justify;\"><strong>**CLAUDIVAL MOURA CLEMENTE<\/strong><\/p>\n<p style=\"text-align: justify;\">A economia tem algumas caracter\u00edsticas interessantes, pois embora tenha que ser alimentada com investimentos, empregos e compras, encontra algumas maneiras bem sutis para sobreviver. Em alguns momentos, usando uma analogia m\u00e9dica, precisa ser levada para uma unidade de tratamento intensivo, recebendo oxig\u00eanio, medicamentos e insumos; em outros momentos em que aparentemente vai para um estado cr\u00edtico, recebe uma inje\u00e7\u00e3o direto na veia, tendo alta do hospital.<\/p>\n<p style=\"text-align: justify;\">A tal inje\u00e7\u00e3o na veia foi proporcionada pelo dinheiro decorrente do aux\u00edlio emergencial, implantando pelo Governo Federal para ajudar os informais, aut\u00f4nomos e microempres\u00e1rios; al\u00e9m de todos que est\u00e3o inscritos no programa do Bolsa Fam\u00edlia, programa financeiro para pessoas de baixa renda, contemplando tamb\u00e9m os brasileiros que se encontram no Cadastro \u00danico, contendo v\u00e1rias fam\u00edlias de baixa renda que podem ser encaminhadas para ajuda financeira.<\/p>\n<p style=\"text-align: justify;\">At\u00e9 o presente momento o Governo Federal pagou 81,3 bilh\u00f5es de reais \u00e0s pessoas inscritas no aux\u00edlio emergencial; at\u00e9 agora 63,5 milh\u00f5es de brasileiros receberam estes recursos, para minimizar a falta de receita devido \u00e0 quarentena para combate ao SARS-Cov2, que provoca a contamina\u00e7\u00e3o da Covid19.<\/p>\n<p style=\"text-align: justify;\">Estes valores proporcionam \u00e0s fam\u00edlias benefici\u00e1rias o sustento neste per\u00edodo delicado que o pa\u00eds atravessa, mas, por outro lado, foi um incentivo tamb\u00e9m aos pequenos comerciantes, embora pudesse manter as portas abertas por se tratarem de com\u00e9rcio essencial, n\u00e3o teriam compradores suficientes para cobrir todas as despesas de um pequeno neg\u00f3cio.<\/p>\n<p style=\"text-align: justify;\">Com o tempo as grandes redes de supermercados tamb\u00e9m aderiram aceitando o pagamento com o cart\u00e3o do aux\u00edlio emergencial, pois os valores liberados s\u00e3o significativos para a economia funcionar.<\/p>\n<p style=\"text-align: justify;\">Justamente por isso existe uma movimenta\u00e7\u00e3o pedindo aos governantes a manuten\u00e7\u00e3o do aux\u00edlio emergencial por mais tr\u00eas meses; por\u00e9m, o Governo Federal n\u00e3o est\u00e1 aceitando bem a ideia, porque existem outros programas financeiros de ajuda para as empresas e todos os entes federativos sofreram perdas de recolhimentos de impostos.<\/p>\n<p style=\"text-align: justify;\">No Congresso Nacional existe uma movimenta\u00e7\u00e3o para transforma\u00e7\u00e3o do aux\u00edlio emergencial em uma renda m\u00ednima, que atenderia as fam\u00edlias de baixa renda e, por algum tempo, at\u00e9 a total recupera\u00e7\u00e3o da economia, com retomada de investimentos e cria\u00e7\u00e3o de empregos, seria estendido tamb\u00e9m aos benefici\u00e1rios do aux\u00edlio emergencial.<\/p>\n<p style=\"text-align: justify;\">A ideia de se criar uma renda m\u00ednima \u00e9 antiga, mas nunca conseguiu ser implantada, que poderia ser ampliada agora com a inclus\u00e3o dos informais, aut\u00f4nomos e microempres\u00e1rios, porque foi criado um cadastro que antes n\u00e3o existia. Ali\u00e1s, o governo nem sabia da exist\u00eancia destas pessoas, que n\u00e3o se encontravam em nenhum banco de dados.<\/p>\n<p style=\"text-align: justify;\">O dinheiro investido no pagamento do aux\u00edlio emergencial, al\u00e9m de ajudar a movimentar a economia tamb\u00e9m acaba voltando aos cofres p\u00fablicos por meios dos impostos que s\u00e3o pagos por toda a popula\u00e7\u00e3o. S\u00e3o os truques da economia, que assim como o brasileiro, vai se reinventando para sobreviver a estes tempos de pandemia.<\/p>\n<p style=\"text-align: justify;\">Importante sempre lembrar de lavar as m\u00e3os com frequ\u00eancia, com \u00e1gua e sab\u00e3o durante 20 segundos ou higienizar com \u00e1lcool gel 70%, evitar tocar a boca, o nariz e os olhos com as m\u00e3os e cobrir a boca quando tossir ou espirrar.Saindo de casa, use sempre as m\u00e1scaras, com a devida cautela, evitando aglomera\u00e7\u00f5es. Nunca toque na m\u00e1scara e n\u00e3o \u00e9 necess\u00e1rio baixar ou tirar a m\u00e1scara para falar ao celular ou ouvir ou gravar alguma mensagem no watts. A m\u00e1scara \u00e9 a melhor prote\u00e7\u00e3o no momento.<\/p>\n<p style=\"text-align: justify;\">Juntos somos mais fortes, juntos venceremos. O Brasil ir\u00e1 vencer o v\u00edrus. O Brasil precisa de todos n\u00f3s.<\/p>\n<p style=\"text-align: justify;\">Participe enviando d\u00favidas, coment\u00e1rios ou sugest\u00f5es para<a href=\"mailto:bcrcconsultoria@gmail.com\">bcrcnews.wixsite.com<\/a> e tamb\u00e9m no facebook, onde podereler este e outros artigos. At\u00e9 a pr\u00f3xima.<\/p>\n<p style=\"text-align: justify;\">*Formado em Direito pela UENP &#8211; Universidade Estadual de Direito do Norte Pioneiro em Jacarezinho e em Administra\u00e7\u00e3o de Empresas nas Faculdades Integradas de Ourinhos. MBA em Comunica\u00e7\u00e3o Corporativa pela Universidade Est\u00e1cio de S\u00e1(em curso) . S\u00f3cio s\u00eanior da BCRC Consultoria em Comunica\u00e7\u00e3o.<\/p>\n<p style=\"text-align: justify;\">** Revis\u00e3o e colabora\u00e7\u00e3o\u00a0 &#8211; Administrador de Empresas pela Universidade Cidade de S\u00e3o Paulo &#8211; UNICID.<\/p>\n","protected":false},"excerpt":{"rendered":"<p>OS TRUQUES DA ECONOMIA&#8230;\u00a0 \u00a0 \u00a0 \u00a0 \u00a0 \u00a0 \u00a0 \u00a0 \u00a0 \u00a0 \u00a0 \u00a0 \u00a0 \u00a0 \u00a0 \u00a0 \u00a0 \u00a0 \u00a0 \u00a0 \u00a0 \u00a0 \u00a0 \u00a0 \u00a0 \u00a0 \u00a0 \u00a0 \u00a0 \u00a0 \u00a0 \u00a0 \u00a0 \u00a0 \u00a0 \u00a0 \u00a0 \u00a0 \u00a0 \u00a0 \u00a0 \u00a0 \u00a0 *CLAUDIVAL CLEMENTE. **CLAUDIVAL MOURA CLEMENTE A economia tem algumas [&hellip;]<\/p>\n","protected":false},"author":1,"featured_media":30012,"comment_status":"closed","ping_status":"open","sticky":false,"template":"","format":"standard","meta":{"footnotes":""},"categories":[175],"tags":[],"class_list":["post-30011","post","type-post","status-publish","format-standard","has-post-thumbnail","hentry","category-artigos"],"_links":{"self":[{"href":"https:\/\/jorgezanoni.com.br\/2019\/wp-json\/wp\/v2\/posts\/30011","targetHints":{"allow":["GET"]}}],"collection":[{"href":"https:\/\/jorgezanoni.com.br\/2019\/wp-json\/wp\/v2\/posts"}],"about":[{"href":"https:\/\/jorgezanoni.com.br\/2019\/wp-json\/wp\/v2\/types\/post"}],"author":[{"embeddable":true,"href":"https:\/\/jorgezanoni.com.br\/2019\/wp-json\/wp\/v2\/users\/1"}],"replies":[{"embeddable":true,"href":"https:\/\/jorgezanoni.com.br\/2019\/wp-json\/wp\/v2\/comments?post=30011"}],"version-history":[{"count":0,"href":"https:\/\/jorgezanoni.com.br\/2019\/wp-json\/wp\/v2\/posts\/30011\/revisions"}],"wp:featuredmedia":[{"embeddable":true,"href":"https:\/\/jorgezanoni.com.br\/2019\/wp-json\/wp\/v2\/media\/30012"}],"wp:attachment":[{"href":"https:\/\/jorgezanoni.com.br\/2019\/wp-json\/wp\/v2\/media?parent=30011"}],"wp:term":[{"taxonomy":"category","embeddable":true,"href":"https:\/\/jorgezanoni.com.br\/2019\/wp-json\/wp\/v2\/categories?post=30011"},{"taxonomy":"post_tag","embeddable":true,"href":"https:\/\/jorgezanoni.com.br\/2019\/wp-json\/wp\/v2\/tags?post=30011"}],"curies":[{"name":"wp","href":"https:\/\/api.w.org\/{rel}","templated":true}]}}